{"id":58222,"date":"2025-09-23T15:22:17","date_gmt":"2025-09-23T18:22:17","guid":{"rendered":"https:\/\/temucotelevision.cl\/web\/?p=58222"},"modified":"2025-09-24T17:25:44","modified_gmt":"2025-09-24T20:25:44","slug":"farma-presenta-su-nuevo-sencillo-cazadora-de-likes-una-mirada-critica-a-la-autenticidad-en-la-era-digital","status":"publish","type":"post","link":"https:\/\/temucotelevision.cl\/web\/2025\/09\/23\/farma-presenta-su-nuevo-sencillo-cazadora-de-likes-una-mirada-critica-a-la-autenticidad-en-la-era-digital\/","title":{"rendered":"Farma presenta su nuevo sencillo \u201cCazadora de Likes\u201d: una mirada cr\u00edtica a la autenticidad en la era digital"},"content":{"rendered":"<div class=\"pvc_clear\"><\/div><p id=\"pvc_stats_58222\" class=\"pvc_stats total_only  \" data-element-id=\"58222\" style=\"\"><i class=\"pvc-stats-icon large\" aria-hidden=\"true\"><svg aria-hidden=\"true\" focusable=\"false\" data-prefix=\"far\" data-icon=\"chart-bar\" role=\"img\" xmlns=\"http:\/\/www.w3.org\/2000\/svg\" viewBox=\"0 0 512 512\" class=\"svg-inline--fa fa-chart-bar fa-w-16 fa-2x\"><path fill=\"currentColor\" d=\"M396.8 352h22.4c6.4 0 12.8-6.4 12.8-12.8V108.8c0-6.4-6.4-12.8-12.8-12.8h-22.4c-6.4 0-12.8 6.4-12.8 12.8v230.4c0 6.4 6.4 12.8 12.8 12.8zm-192 0h22.4c6.4 0 12.8-6.4 12.8-12.8V140.8c0-6.4-6.4-12.8-12.8-12.8h-22.4c-6.4 0-12.8 6.4-12.8 12.8v198.4c0 6.4 6.4 12.8 12.8 12.8zm96 0h22.4c6.4 0 12.8-6.4 12.8-12.8V204.8c0-6.4-6.4-12.8-12.8-12.8h-22.4c-6.4 0-12.8 6.4-12.8 12.8v134.4c0 6.4 6.4 12.8 12.8 12.8zM496 400H48V80c0-8.84-7.16-16-16-16H16C7.16 64 0 71.16 0 80v336c0 17.67 14.33 32 32 32h464c8.84 0 16-7.16 16-16v-16c0-8.84-7.16-16-16-16zm-387.2-48h22.4c6.4 0 12.8-6.4 12.8-12.8v-70.4c0-6.4-6.4-12.8-12.8-12.8h-22.4c-6.4 0-12.8 6.4-12.8 12.8v70.4c0 6.4 6.4 12.8 12.8 12.8z\" class=\"\"><\/path><\/svg><\/i> <img loading=\"lazy\" decoding=\"async\" width=\"16\" height=\"16\" alt=\"Loading\" src=\"https:\/\/temucotelevision.cl\/web\/wp-content\/plugins\/page-views-count\/ajax-loader-2x.gif\" border=0 \/><\/p><div class=\"pvc_clear\"><\/div>\n<p><strong>El tr\u00edo chileno Farma irrumpe nuevamente en la escena con un lanzamiento que invita a reflexionar sobre el impacto de la tecnolog\u00eda en las relaciones humanas. Su nuevo sencillo, \u201cCazadora de Likes\u201d, aborda la forma en que las redes sociales moldean nuestra manera de interactuar y conectar, al tiempo que subraya la necesidad de preservar la autenticidad y los v\u00ednculos reales en medio del universo digital.<\/strong><\/p>\n\n\n\n<p>La banda de hard rock&nbsp;<a href=\"https:\/\/www.instagram.com\/farma_oficial\/\" target=\"_blank\" rel=\"noreferrer noopener\">Farma<\/a>, originaria de&nbsp;<strong>Quilpu\u00e9 (V Regi\u00f3n)<\/strong>, presenta una pieza de&nbsp;<strong>rock en espa\u00f1ol&nbsp;<\/strong>que explora uno de los fen\u00f3menos m\u00e1s visibles de nuestro tiempo: la construcci\u00f3n de identidades idealizadas en el espacio virtual. El lanzamiento se acompa\u00f1a de un videoclip de car\u00e1cter l\u00fadico que cuenta con la participaci\u00f3n especial de&nbsp;<strong>Rodrigo Osorio, \u201cDon Rorro\u201d<\/strong>, figura emblem\u00e1tica de la m\u00fasica chilena contempor\u00e1nea.<\/p>\n\n\n\n<p>Con un sonido vigoroso y directo,&nbsp;<strong>\u201cCazadora de Likes<\/strong>\u201d retrata la vulnerabilidad de quienes particularmente en la juventud,&nbsp;pueden llegar a enamorarse de una proyecci\u00f3n digital antes que de una persona real. En su l\u00edrica se despliega una reflexi\u00f3n sobre c\u00f3mo las pantallas, convertidas en mediadoras esenciales de la vida cotidiana, han adquirido un protagonismo capaz de redefinir percepciones y relaciones.<\/p>\n\n\n\n<p>El tema fue grabado en&nbsp;<strong>Estudios Gabelo,<\/strong>&nbsp;bajo la producci\u00f3n musical de&nbsp;<strong>Franco Gabelo y Mark Marshall<\/strong>&nbsp;(autor y compositor de la canci\u00f3n). El videoclip, realizado por&nbsp;<strong>Arlequ\u00edn Audiovisual,<\/strong>&nbsp;<strong>Marcos Saavedra y Ligero Cine,<\/strong>&nbsp;construye un relato visual que refuerza y amplifica el mensaje de la obra.<\/p>\n\n\n\n<p><strong>Sobre&nbsp;<a href=\"https:\/\/www.instagram.com\/farma_oficial\/\" target=\"_blank\" rel=\"noreferrer noopener\">Farma<\/a><\/strong><\/p>\n\n\n\n<p>Formada en 2017 en Quilpu\u00e9, Farma est\u00e1 integrada por Franco Puchi (bajo), Rodrigo Fernandini (bater\u00eda) y Mark Marshall (guitarra y voz). Desde sus inicios, la agrupaci\u00f3n ha consolidado una propuesta marcada por la fuerza del hard rock y un discurso que busca conectar profundamente con su audiencia.<\/p>\n\n\n\n<p>Su disco debut, \u201cContraindicaci\u00f3n\u201d, lanzado a inicios de 2023, re\u00fane nueve composiciones y est\u00e1 disponible en formato f\u00edsico y digital. El trabajo ha recibido comentarios positivos de la cr\u00edtica especializada, que ha destacado su energ\u00eda y originalidad. En paralelo a la promoci\u00f3n de \u201cCazadora de Likes\u201d, Farma se encuentra presentando su repertorio en distintas ciudades del pa\u00eds, entre ellas Santiago y Valpara\u00edso.<\/p>\n\n\n\n<figure class=\"wp-block-embed is-type-video is-provider-youtube wp-block-embed-youtube wp-embed-aspect-16-9 wp-has-aspect-ratio\"><div class=\"wp-block-embed__wrapper\">\n<div class=\"epyt-video-wrapper\"><iframe loading=\"lazy\"  id=\"_ytid_33847\"  width=\"800\" height=\"450\"  data-origwidth=\"800\" data-origheight=\"450\" src=\"https:\/\/www.youtube.com\/embed\/g8LY8uizF6U?enablejsapi=1&#038;autoplay=0&#038;cc_load_policy=0&#038;cc_lang_pref=&#038;iv_load_policy=1&#038;loop=0&#038;rel=1&#038;fs=1&#038;playsinline=0&#038;autohide=2&#038;theme=dark&#038;color=red&#038;controls=1&#038;disablekb=0&#038;\" class=\"__youtube_prefs__  epyt-is-override  no-lazyload\" title=\"YouTube player\"  allow=\"fullscreen; accelerometer; autoplay; clipboard-write; encrypted-media; gyroscope; picture-in-picture; web-share\" referrerpolicy=\"strict-origin-when-cross-origin\" allowfullscreen data-no-lazy=\"1\" data-skipgform_ajax_framebjll=\"\"><\/iframe><\/div>\n<\/div><\/figure>\n","protected":false},"excerpt":{"rendered":"<div class=\"pvc_clear\"><\/div>\n<p id=\"pvc_stats_58222\" class=\"pvc_stats total_only  \" data-element-id=\"58222\" style=\"\"><i class=\"pvc-stats-icon large\" aria-hidden=\"true\"><svg aria-hidden=\"true\" focusable=\"false\" data-prefix=\"far\" data-icon=\"chart-bar\" role=\"img\" xmlns=\"http:\/\/www.w3.org\/2000\/svg\" viewBox=\"0 0 512 512\" class=\"svg-inline--fa fa-chart-bar fa-w-16 fa-2x\"><path fill=\"currentColor\" d=\"M396.8 352h22.4c6.4 0 12.8-6.4 12.8-12.8V108.8c0-6.4-6.4-12.8-12.8-12.8h-22.4c-6.4 0-12.8 6.4-12.8 12.8v230.4c0 6.4 6.4 12.8 12.8 12.8zm-192 0h22.4c6.4 0 12.8-6.4 12.8-12.8V140.8c0-6.4-6.4-12.8-12.8-12.8h-22.4c-6.4 0-12.8 6.4-12.8 12.8v198.4c0 6.4 6.4 12.8 12.8 12.8zm96 0h22.4c6.4 0 12.8-6.4 12.8-12.8V204.8c0-6.4-6.4-12.8-12.8-12.8h-22.4c-6.4 0-12.8 6.4-12.8 12.8v134.4c0 6.4 6.4 12.8 12.8 12.8zM496 400H48V80c0-8.84-7.16-16-16-16H16C7.16 64 0 71.16 0 80v336c0 17.67 14.33 32 32 32h464c8.84 0 16-7.16 16-16v-16c0-8.84-7.16-16-16-16zm-387.2-48h22.4c6.4 0 12.8-6.4 12.8-12.8v-70.4c0-6.4-6.4-12.8-12.8-12.8h-22.4c-6.4 0-12.8 6.4-12.8 12.8v70.4c0 6.4 6.4 12.8 12.8 12.8z\" class=\"\"><\/path><\/svg><\/i> <img loading=\"lazy\" decoding=\"async\" width=\"16\" height=\"16\" alt=\"Loading\" src=\"https:\/\/temucotelevision.cl\/web\/wp-content\/plugins\/page-views-count\/ajax-loader-2x.gif\" border=0 \/><\/p>\n<div class=\"pvc_clear\"><\/div>\n<p>El tr\u00edo chileno Farma irrumpe nuevamente en la escena con un lanzamiento que invita a reflexionar sobre el impacto de<\/p>\n","protected":false},"author":143,"featured_media":58223,"comment_status":"open","ping_status":"open","sticky":false,"template":"","format":"standard","meta":{"colormag_page_container_layout":"default_layout","colormag_page_sidebar_layout":"default_layout","footnotes":""},"categories":[369],"tags":[],"class_list":["post-58222","post","type-post","status-publish","format-standard","has-post-thumbnail","hentry","category-musica"],"a3_pvc":{"activated":true,"total_views":25,"today_views":0},"_links":{"self":[{"href":"https:\/\/temucotelevision.cl\/web\/wp-json\/wp\/v2\/posts\/58222","targetHints":{"allow":["GET"]}}],"collection":[{"href":"https:\/\/temucotelevision.cl\/web\/wp-json\/wp\/v2\/posts"}],"about":[{"href":"https:\/\/temucotelevision.cl\/web\/wp-json\/wp\/v2\/types\/post"}],"author":[{"embeddable":true,"href":"https:\/\/temucotelevision.cl\/web\/wp-json\/wp\/v2\/users\/143"}],"replies":[{"embeddable":true,"href":"https:\/\/temucotelevision.cl\/web\/wp-json\/wp\/v2\/comments?post=58222"}],"version-history":[{"count":1,"href":"https:\/\/temucotelevision.cl\/web\/wp-json\/wp\/v2\/posts\/58222\/revisions"}],"predecessor-version":[{"id":58224,"href":"https:\/\/temucotelevision.cl\/web\/wp-json\/wp\/v2\/posts\/58222\/revisions\/58224"}],"wp:featuredmedia":[{"embeddable":true,"href":"https:\/\/temucotelevision.cl\/web\/wp-json\/wp\/v2\/media\/58223"}],"wp:attachment":[{"href":"https:\/\/temucotelevision.cl\/web\/wp-json\/wp\/v2\/media?parent=58222"}],"wp:term":[{"taxonomy":"category","embeddable":true,"href":"https:\/\/temucotelevision.cl\/web\/wp-json\/wp\/v2\/categories?post=58222"},{"taxonomy":"post_tag","embeddable":true,"href":"https:\/\/temucotelevision.cl\/web\/wp-json\/wp\/v2\/tags?post=58222"}],"curies":[{"name":"wp","href":"https:\/\/api.w.org\/{rel}","templated":true}]}}