{"id":58219,"date":"2025-09-23T14:34:37","date_gmt":"2025-09-23T17:34:37","guid":{"rendered":"https:\/\/temucotelevision.cl\/web\/?p=58219"},"modified":"2025-09-23T14:37:21","modified_gmt":"2025-09-23T17:37:21","slug":"gabriel-gomez-la-cadencia-de-la-musica-popular-que-nos-une","status":"publish","type":"post","link":"https:\/\/temucotelevision.cl\/web\/2025\/09\/23\/gabriel-gomez-la-cadencia-de-la-musica-popular-que-nos-une\/","title":{"rendered":"Gabriel Gomez: La cadencia de la m\u00fasica popular que nos une"},"content":{"rendered":"<div class=\"pvc_clear\"><\/div><p id=\"pvc_stats_58219\" class=\"pvc_stats total_only  \" data-element-id=\"58219\" style=\"\"><i class=\"pvc-stats-icon large\" aria-hidden=\"true\"><svg aria-hidden=\"true\" focusable=\"false\" data-prefix=\"far\" data-icon=\"chart-bar\" role=\"img\" xmlns=\"http:\/\/www.w3.org\/2000\/svg\" viewBox=\"0 0 512 512\" class=\"svg-inline--fa fa-chart-bar fa-w-16 fa-2x\"><path fill=\"currentColor\" d=\"M396.8 352h22.4c6.4 0 12.8-6.4 12.8-12.8V108.8c0-6.4-6.4-12.8-12.8-12.8h-22.4c-6.4 0-12.8 6.4-12.8 12.8v230.4c0 6.4 6.4 12.8 12.8 12.8zm-192 0h22.4c6.4 0 12.8-6.4 12.8-12.8V140.8c0-6.4-6.4-12.8-12.8-12.8h-22.4c-6.4 0-12.8 6.4-12.8 12.8v198.4c0 6.4 6.4 12.8 12.8 12.8zm96 0h22.4c6.4 0 12.8-6.4 12.8-12.8V204.8c0-6.4-6.4-12.8-12.8-12.8h-22.4c-6.4 0-12.8 6.4-12.8 12.8v134.4c0 6.4 6.4 12.8 12.8 12.8zM496 400H48V80c0-8.84-7.16-16-16-16H16C7.16 64 0 71.16 0 80v336c0 17.67 14.33 32 32 32h464c8.84 0 16-7.16 16-16v-16c0-8.84-7.16-16-16-16zm-387.2-48h22.4c6.4 0 12.8-6.4 12.8-12.8v-70.4c0-6.4-6.4-12.8-12.8-12.8h-22.4c-6.4 0-12.8 6.4-12.8 12.8v70.4c0 6.4 6.4 12.8 12.8 12.8z\" class=\"\"><\/path><\/svg><\/i> <img loading=\"lazy\" decoding=\"async\" width=\"16\" height=\"16\" alt=\"Loading\" src=\"https:\/\/temucotelevision.cl\/web\/wp-content\/plugins\/page-views-count\/ajax-loader-2x.gif\" border=0 \/><\/p><div class=\"pvc_clear\"><\/div>\n<p><strong>Gabriel Gomez es un m\u00fasico platense que desde los 5 a\u00f1os empu\u00f1a la guitarra y abraza la m\u00fasica como su gran amor.<\/strong><\/p>\n\n\n\n<p>M\u00fasico, cantante y compositor con altos estudios, <strong>Gabriel Gomez <\/strong>trae consigo una propuesta art\u00edstica que incluye repertorios folcl\u00f3ricos y del cancionero popular. De esta misma nacen puestas en escena que invitan al p\u00fablico a compartir veladas cargadas de nostalgia, melod\u00edas familiares y momentos \u00fanicos que ensamblan con nuestros m\u00e1s gratos recuerdos, a la vez que se arraiga la identidad nacional en cada uno de los acordes de sus interpretaciones.<\/p>\n\n\n\n<p>Due\u00f1o de una voz melodiosa y de una musicalidad con impronta propia, <strong>Gabriel Gomez <\/strong>contin\u00faa apostando a llevar a los m\u00e1s remotos lugares su talento y experiencia.<strong> Su playlist incluye un repertorio propio, as\u00ed como tambi\u00e9n versiones de aquellas canciones que se encuentran en el inconsciente colectivo.<\/strong><br><\/p>\n\n\n\n<p>Durante este 2025 el cantautor sigue generando contenido y, a los lanzamientos de <a href=\"https:\/\/www.youtube.com\/watch?v=EFr3oFlxfJU\"><strong>\u201cLa Canci\u00f3n de la naranja\u201d (junto a Sergio Danti)<\/strong><\/a><strong> y <\/strong><a href=\"https:\/\/www.youtube.com\/watch?v=XbaWUutj-8A\"><strong>\u201cLa de los angelitos\u201d (junto a Ana Rosa Herrera)<\/strong><\/a><strong>, <\/strong>se le suma la continuidad de su presencia en los escenarios con <strong>\u201cUna que sepamos todos\u201d<\/strong>, un show con un set list que combina canciones populares de varios estilos, cl\u00e1sicos del folklore y canciones de su propia autor\u00eda, de la mano de un recorrido por recuerdos y an\u00e9cdotas vividas a trav\u00e9s de 30 a\u00f1os junto a la m\u00fasica.<\/p>\n\n\n\n<p><strong>Gabriel Gomez<\/strong> nos invita a encontrarnos y reencontrarnos de la mano de composiciones que nos conectan con nuestras m\u00e1s hondas emociones, a la vez que podemos disfrutar de su talento. Un artista \u00fanico que nos enlaza con lo m\u00e1s lindo de nuestro anta\u00f1o y nuestras ra\u00edces.<\/p>\n\n\n\n<figure class=\"wp-block-embed is-type-rich is-provider-spotify wp-block-embed-spotify wp-embed-aspect-21-9 wp-has-aspect-ratio\"><div class=\"wp-block-embed__wrapper\">\n<iframe title=\"Spotify Embed: Gabriel Gomez Folklore\" style=\"border-radius: 12px\" width=\"100%\" height=\"352\" frameborder=\"0\" allowfullscreen allow=\"autoplay; clipboard-write; encrypted-media; fullscreen; picture-in-picture\" loading=\"lazy\" src=\"https:\/\/open.spotify.com\/embed\/artist\/6dBxKnT0C9njv9sHoLouqC?si=npV5qsb7Sk-ft-U6vA1_3Q&#038;utm_source=oembed\"><\/iframe>\n<\/div><\/figure>\n\n\n\n<p><\/p>\n","protected":false},"excerpt":{"rendered":"<div class=\"pvc_clear\"><\/div>\n<p id=\"pvc_stats_58219\" class=\"pvc_stats total_only  \" data-element-id=\"58219\" style=\"\"><i class=\"pvc-stats-icon large\" aria-hidden=\"true\"><svg aria-hidden=\"true\" focusable=\"false\" data-prefix=\"far\" data-icon=\"chart-bar\" role=\"img\" xmlns=\"http:\/\/www.w3.org\/2000\/svg\" viewBox=\"0 0 512 512\" class=\"svg-inline--fa fa-chart-bar fa-w-16 fa-2x\"><path fill=\"currentColor\" d=\"M396.8 352h22.4c6.4 0 12.8-6.4 12.8-12.8V108.8c0-6.4-6.4-12.8-12.8-12.8h-22.4c-6.4 0-12.8 6.4-12.8 12.8v230.4c0 6.4 6.4 12.8 12.8 12.8zm-192 0h22.4c6.4 0 12.8-6.4 12.8-12.8V140.8c0-6.4-6.4-12.8-12.8-12.8h-22.4c-6.4 0-12.8 6.4-12.8 12.8v198.4c0 6.4 6.4 12.8 12.8 12.8zm96 0h22.4c6.4 0 12.8-6.4 12.8-12.8V204.8c0-6.4-6.4-12.8-12.8-12.8h-22.4c-6.4 0-12.8 6.4-12.8 12.8v134.4c0 6.4 6.4 12.8 12.8 12.8zM496 400H48V80c0-8.84-7.16-16-16-16H16C7.16 64 0 71.16 0 80v336c0 17.67 14.33 32 32 32h464c8.84 0 16-7.16 16-16v-16c0-8.84-7.16-16-16-16zm-387.2-48h22.4c6.4 0 12.8-6.4 12.8-12.8v-70.4c0-6.4-6.4-12.8-12.8-12.8h-22.4c-6.4 0-12.8 6.4-12.8 12.8v70.4c0 6.4 6.4 12.8 12.8 12.8z\" class=\"\"><\/path><\/svg><\/i> <img loading=\"lazy\" decoding=\"async\" width=\"16\" height=\"16\" alt=\"Loading\" src=\"https:\/\/temucotelevision.cl\/web\/wp-content\/plugins\/page-views-count\/ajax-loader-2x.gif\" border=0 \/><\/p>\n<div class=\"pvc_clear\"><\/div>\n<p>Gabriel Gomez es un m\u00fasico platense que desde los 5 a\u00f1os empu\u00f1a la guitarra y abraza la m\u00fasica como su<\/p>\n","protected":false},"author":143,"featured_media":58220,"comment_status":"open","ping_status":"open","sticky":false,"template":"","format":"standard","meta":{"colormag_page_container_layout":"default_layout","colormag_page_sidebar_layout":"default_layout","footnotes":""},"categories":[369],"tags":[],"class_list":["post-58219","post","type-post","status-publish","format-standard","has-post-thumbnail","hentry","category-musica"],"a3_pvc":{"activated":true,"total_views":34,"today_views":0},"_links":{"self":[{"href":"https:\/\/temucotelevision.cl\/web\/wp-json\/wp\/v2\/posts\/58219","targetHints":{"allow":["GET"]}}],"collection":[{"href":"https:\/\/temucotelevision.cl\/web\/wp-json\/wp\/v2\/posts"}],"about":[{"href":"https:\/\/temucotelevision.cl\/web\/wp-json\/wp\/v2\/types\/post"}],"author":[{"embeddable":true,"href":"https:\/\/temucotelevision.cl\/web\/wp-json\/wp\/v2\/users\/143"}],"replies":[{"embeddable":true,"href":"https:\/\/temucotelevision.cl\/web\/wp-json\/wp\/v2\/comments?post=58219"}],"version-history":[{"count":1,"href":"https:\/\/temucotelevision.cl\/web\/wp-json\/wp\/v2\/posts\/58219\/revisions"}],"predecessor-version":[{"id":58221,"href":"https:\/\/temucotelevision.cl\/web\/wp-json\/wp\/v2\/posts\/58219\/revisions\/58221"}],"wp:featuredmedia":[{"embeddable":true,"href":"https:\/\/temucotelevision.cl\/web\/wp-json\/wp\/v2\/media\/58220"}],"wp:attachment":[{"href":"https:\/\/temucotelevision.cl\/web\/wp-json\/wp\/v2\/media?parent=58219"}],"wp:term":[{"taxonomy":"category","embeddable":true,"href":"https:\/\/temucotelevision.cl\/web\/wp-json\/wp\/v2\/categories?post=58219"},{"taxonomy":"post_tag","embeddable":true,"href":"https:\/\/temucotelevision.cl\/web\/wp-json\/wp\/v2\/tags?post=58219"}],"curies":[{"name":"wp","href":"https:\/\/api.w.org\/{rel}","templated":true}]}}