{"id":58214,"date":"2025-09-23T13:52:00","date_gmt":"2025-09-23T16:52:00","guid":{"rendered":"https:\/\/temucotelevision.cl\/web\/?p=58214"},"modified":"2025-09-23T13:52:01","modified_gmt":"2025-09-23T16:52:01","slug":"diputado-jorge-rathgeb-por-nuevo-ataque-incendiario-en-pidima-que-la-candidata-del-gobierno-y-la-ministra-de-defensa-saquen-sus-conclusiones-ahora-y-respondan","status":"publish","type":"post","link":"https:\/\/temucotelevision.cl\/web\/2025\/09\/23\/diputado-jorge-rathgeb-por-nuevo-ataque-incendiario-en-pidima-que-la-candidata-del-gobierno-y-la-ministra-de-defensa-saquen-sus-conclusiones-ahora-y-respondan\/","title":{"rendered":"Diputado Jorge Rathgeb por nuevo ataque incendiario en Pidima: \u201cQue la candidata del Gobierno y la ministra de Defensa saquen sus conclusiones ahora y respondan\u201d"},"content":{"rendered":"<div class=\"pvc_clear\"><\/div><p id=\"pvc_stats_58214\" class=\"pvc_stats total_only  \" data-element-id=\"58214\" style=\"\"><i class=\"pvc-stats-icon large\" aria-hidden=\"true\"><svg aria-hidden=\"true\" focusable=\"false\" data-prefix=\"far\" data-icon=\"chart-bar\" role=\"img\" xmlns=\"http:\/\/www.w3.org\/2000\/svg\" viewBox=\"0 0 512 512\" class=\"svg-inline--fa fa-chart-bar fa-w-16 fa-2x\"><path fill=\"currentColor\" d=\"M396.8 352h22.4c6.4 0 12.8-6.4 12.8-12.8V108.8c0-6.4-6.4-12.8-12.8-12.8h-22.4c-6.4 0-12.8 6.4-12.8 12.8v230.4c0 6.4 6.4 12.8 12.8 12.8zm-192 0h22.4c6.4 0 12.8-6.4 12.8-12.8V140.8c0-6.4-6.4-12.8-12.8-12.8h-22.4c-6.4 0-12.8 6.4-12.8 12.8v198.4c0 6.4 6.4 12.8 12.8 12.8zm96 0h22.4c6.4 0 12.8-6.4 12.8-12.8V204.8c0-6.4-6.4-12.8-12.8-12.8h-22.4c-6.4 0-12.8 6.4-12.8 12.8v134.4c0 6.4 6.4 12.8 12.8 12.8zM496 400H48V80c0-8.84-7.16-16-16-16H16C7.16 64 0 71.16 0 80v336c0 17.67 14.33 32 32 32h464c8.84 0 16-7.16 16-16v-16c0-8.84-7.16-16-16-16zm-387.2-48h22.4c6.4 0 12.8-6.4 12.8-12.8v-70.4c0-6.4-6.4-12.8-12.8-12.8h-22.4c-6.4 0-12.8 6.4-12.8 12.8v70.4c0 6.4 6.4 12.8 12.8 12.8z\" class=\"\"><\/path><\/svg><\/i> <img loading=\"lazy\" decoding=\"async\" width=\"16\" height=\"16\" alt=\"Loading\" src=\"https:\/\/temucotelevision.cl\/web\/wp-content\/plugins\/page-views-count\/ajax-loader-2x.gif\" border=0 \/><\/p><div class=\"pvc_clear\"><\/div>\n<p><strong>El parlamentario lament\u00f3 el hecho que se dio en Pidima, comuna de Ercilla, donde desconocidos quemaron una retroexcavadora dejando consignas alusivas al conflicto en La Araucan\u00eda, emplazando a ambas a reconocer la situaci\u00f3n que se vive en la regi\u00f3n.<\/strong><\/p>\n\n\n\n<p>A pesar de los llamados reiterados a reforzar la seguridad en algunas zonas, cambiar las estrategias para combatir estos actos, los ataques incendiarios siguen en La Araucan\u00eda y esta vez desconocidos quemaron una retroexcavadora en la localidad de Pidima, comuna de Ercilla.<\/p>\n\n\n\n<p>Seg\u00fan lo indicado por Carabineros, tras destruir la maquinaria los involucrados se dieron a la fuga dejando en el lugar una consigna alusiva a la causa que se vive en La Araucan\u00eda.<\/p>\n\n\n\n<p>El parlamentario y presidente regional de Renovaci\u00f3n Nacional, Jorge Rathgeb Schifferli, indic\u00f3 que esto es una muestra m\u00e1s de la ceguera de un Gobierno que no ha escuchado las advertencias, sugerencias y consejos que se le han dado sobre la seguridad que se debe tener en La Araucan\u00eda, m\u00e1s a\u00fan en la provincia de Malleco.<\/p>\n\n\n\n<p>Rathgeb, indic\u00f3 que ac\u00e1 tienen un antecedente claro la candidata presidencial del Gobierno y la Ministra de Defensa, para que reconozcan que en la regi\u00f3n hay terrorismo y que estos hechos no hacen m\u00e1s que infundir el temor en la ciudadan\u00eda y de paso seguir empobreciendo la zona, considerando que nadie quiere invertir ante la inseguridad.<\/p>\n\n\n\n<p>\u201cCondenamos en\u00e9rgicamente y sin dobles lecturas el atentado ocurrido en la comuna de Ercilla nuevamente. Esperemos que la ministra de Defensa y la candidata presidencial del Gobierno cambien su postura de que existe terrorismo en La Araucan\u00eda y por otro lado esperamos que la ministra de Defensa venga a la regi\u00f3n, se re\u00fana con las autoridades y con nosotros, para efecto de buscar una alternativa de salida a la violencia que se vive hoy en la zona\u201d, afirm\u00f3 el parlamentario.<\/p>\n\n\n\n<p>Rathgeb, indic\u00f3 que la ceguera de las autoridades ha llegado a tal punto que no han sido capaces de hacerse cargo de un problema que sigue latente y presente en la regi\u00f3n.<\/p>\n","protected":false},"excerpt":{"rendered":"<div class=\"pvc_clear\"><\/div>\n<p id=\"pvc_stats_58214\" class=\"pvc_stats total_only  \" data-element-id=\"58214\" style=\"\"><i class=\"pvc-stats-icon large\" aria-hidden=\"true\"><svg aria-hidden=\"true\" focusable=\"false\" data-prefix=\"far\" data-icon=\"chart-bar\" role=\"img\" xmlns=\"http:\/\/www.w3.org\/2000\/svg\" viewBox=\"0 0 512 512\" class=\"svg-inline--fa fa-chart-bar fa-w-16 fa-2x\"><path fill=\"currentColor\" d=\"M396.8 352h22.4c6.4 0 12.8-6.4 12.8-12.8V108.8c0-6.4-6.4-12.8-12.8-12.8h-22.4c-6.4 0-12.8 6.4-12.8 12.8v230.4c0 6.4 6.4 12.8 12.8 12.8zm-192 0h22.4c6.4 0 12.8-6.4 12.8-12.8V140.8c0-6.4-6.4-12.8-12.8-12.8h-22.4c-6.4 0-12.8 6.4-12.8 12.8v198.4c0 6.4 6.4 12.8 12.8 12.8zm96 0h22.4c6.4 0 12.8-6.4 12.8-12.8V204.8c0-6.4-6.4-12.8-12.8-12.8h-22.4c-6.4 0-12.8 6.4-12.8 12.8v134.4c0 6.4 6.4 12.8 12.8 12.8zM496 400H48V80c0-8.84-7.16-16-16-16H16C7.16 64 0 71.16 0 80v336c0 17.67 14.33 32 32 32h464c8.84 0 16-7.16 16-16v-16c0-8.84-7.16-16-16-16zm-387.2-48h22.4c6.4 0 12.8-6.4 12.8-12.8v-70.4c0-6.4-6.4-12.8-12.8-12.8h-22.4c-6.4 0-12.8 6.4-12.8 12.8v70.4c0 6.4 6.4 12.8 12.8 12.8z\" class=\"\"><\/path><\/svg><\/i> <img loading=\"lazy\" decoding=\"async\" width=\"16\" height=\"16\" alt=\"Loading\" src=\"https:\/\/temucotelevision.cl\/web\/wp-content\/plugins\/page-views-count\/ajax-loader-2x.gif\" border=0 \/><\/p>\n<div class=\"pvc_clear\"><\/div>\n<p>El parlamentario lament\u00f3 el hecho que se dio en Pidima, comuna de Ercilla, donde desconocidos quemaron una retroexcavadora dejando consignas<\/p>\n","protected":false},"author":1,"featured_media":56470,"comment_status":"open","ping_status":"open","sticky":false,"template":"","format":"standard","meta":{"colormag_page_container_layout":"default_layout","colormag_page_sidebar_layout":"default_layout","footnotes":""},"categories":[84],"tags":[154],"class_list":["post-58214","post","type-post","status-publish","format-standard","has-post-thumbnail","hentry","category-politica","tag-diputado"],"a3_pvc":{"activated":true,"total_views":3187,"today_views":0},"_links":{"self":[{"href":"https:\/\/temucotelevision.cl\/web\/wp-json\/wp\/v2\/posts\/58214","targetHints":{"allow":["GET"]}}],"collection":[{"href":"https:\/\/temucotelevision.cl\/web\/wp-json\/wp\/v2\/posts"}],"about":[{"href":"https:\/\/temucotelevision.cl\/web\/wp-json\/wp\/v2\/types\/post"}],"author":[{"embeddable":true,"href":"https:\/\/temucotelevision.cl\/web\/wp-json\/wp\/v2\/users\/1"}],"replies":[{"embeddable":true,"href":"https:\/\/temucotelevision.cl\/web\/wp-json\/wp\/v2\/comments?post=58214"}],"version-history":[{"count":1,"href":"https:\/\/temucotelevision.cl\/web\/wp-json\/wp\/v2\/posts\/58214\/revisions"}],"predecessor-version":[{"id":58215,"href":"https:\/\/temucotelevision.cl\/web\/wp-json\/wp\/v2\/posts\/58214\/revisions\/58215"}],"wp:featuredmedia":[{"embeddable":true,"href":"https:\/\/temucotelevision.cl\/web\/wp-json\/wp\/v2\/media\/56470"}],"wp:attachment":[{"href":"https:\/\/temucotelevision.cl\/web\/wp-json\/wp\/v2\/media?parent=58214"}],"wp:term":[{"taxonomy":"category","embeddable":true,"href":"https:\/\/temucotelevision.cl\/web\/wp-json\/wp\/v2\/categories?post=58214"},{"taxonomy":"post_tag","embeddable":true,"href":"https:\/\/temucotelevision.cl\/web\/wp-json\/wp\/v2\/tags?post=58214"}],"curies":[{"name":"wp","href":"https:\/\/api.w.org\/{rel}","templated":true}]}}