{"id":58210,"date":"2025-09-23T13:45:51","date_gmt":"2025-09-23T16:45:51","guid":{"rendered":"https:\/\/temucotelevision.cl\/web\/?p=58210"},"modified":"2025-09-23T13:45:51","modified_gmt":"2025-09-23T16:45:51","slug":"especialista-en-motivacion-e-inteligencia-emocional-ofrecera-charla-gratuita-para-emprendedoras-en-temuco","status":"publish","type":"post","link":"https:\/\/temucotelevision.cl\/web\/2025\/09\/23\/especialista-en-motivacion-e-inteligencia-emocional-ofrecera-charla-gratuita-para-emprendedoras-en-temuco\/","title":{"rendered":"Especialista en motivaci\u00f3n e inteligencia emocional ofrecer\u00e1 charla gratuita para emprendedoras en Temuco"},"content":{"rendered":"<div class=\"pvc_clear\"><\/div><p id=\"pvc_stats_58210\" class=\"pvc_stats total_only  \" data-element-id=\"58210\" style=\"\"><i class=\"pvc-stats-icon large\" aria-hidden=\"true\"><svg aria-hidden=\"true\" focusable=\"false\" data-prefix=\"far\" data-icon=\"chart-bar\" role=\"img\" xmlns=\"http:\/\/www.w3.org\/2000\/svg\" viewBox=\"0 0 512 512\" class=\"svg-inline--fa fa-chart-bar fa-w-16 fa-2x\"><path fill=\"currentColor\" d=\"M396.8 352h22.4c6.4 0 12.8-6.4 12.8-12.8V108.8c0-6.4-6.4-12.8-12.8-12.8h-22.4c-6.4 0-12.8 6.4-12.8 12.8v230.4c0 6.4 6.4 12.8 12.8 12.8zm-192 0h22.4c6.4 0 12.8-6.4 12.8-12.8V140.8c0-6.4-6.4-12.8-12.8-12.8h-22.4c-6.4 0-12.8 6.4-12.8 12.8v198.4c0 6.4 6.4 12.8 12.8 12.8zm96 0h22.4c6.4 0 12.8-6.4 12.8-12.8V204.8c0-6.4-6.4-12.8-12.8-12.8h-22.4c-6.4 0-12.8 6.4-12.8 12.8v134.4c0 6.4 6.4 12.8 12.8 12.8zM496 400H48V80c0-8.84-7.16-16-16-16H16C7.16 64 0 71.16 0 80v336c0 17.67 14.33 32 32 32h464c8.84 0 16-7.16 16-16v-16c0-8.84-7.16-16-16-16zm-387.2-48h22.4c6.4 0 12.8-6.4 12.8-12.8v-70.4c0-6.4-6.4-12.8-12.8-12.8h-22.4c-6.4 0-12.8 6.4-12.8 12.8v70.4c0 6.4 6.4 12.8 12.8 12.8z\" class=\"\"><\/path><\/svg><\/i> <img loading=\"lazy\" decoding=\"async\" width=\"16\" height=\"16\" alt=\"Loading\" src=\"https:\/\/temucotelevision.cl\/web\/wp-content\/plugins\/page-views-count\/ajax-loader-2x.gif\" border=0 \/><\/p><div class=\"pvc_clear\"><\/div>\n<p>Si eres emprendedor o emprendedora y buscas potenciar tu negocio, este s\u00e1bado 27 de septiembre a las 10:00 tienes una oportunidad imperdible en el Hotel Las Fronteras, ubicado en Av. Manuel Bulnes 726, Temuco.<\/p>\n\n\n\n<p>Joaqu\u00edn Pincheira periodista, escritor y especialista en neurociencia aplicada e inteligencia emocional, ofrecer\u00e1 una charla completamente gratuita para quienes quieran aprender herramientas claves para el \u00e9xito.<\/p>\n\n\n\n<p>Pincheira, oriundo de Chill\u00e1n, ha dedicado los \u00faltimos a\u00f1os a entrenar a l\u00edderes y emprendedores, ayud\u00e1ndolos a desarrollar su m\u00e1ximo potencial. En esta conferencia abordar\u00e1 temas fundamentales como estrategias de venta, inteligencia emocional aplicada a los negocios, manifestaci\u00f3n financiera y motivaci\u00f3n para alcanzar metas.<\/p>\n\n\n\n<p>&#8220;Ser\u00e1 una jornada de crecimiento personal, en la que aprenderemos c\u00f3mo fortalecer nuestras emociones y nuestra mentalidad para impulsar cualquier emprendimiento&#8221;, comenta Pincheira.&nbsp;<\/p>\n\n\n\n<p>\u201cSoy Joaqu\u00edn Pincheira y quiero invitar a todas las personas de Temuco, y alrededores a participar en este evento, ser\u00e1 un espacio de aprendizaje donde compartir\u00e9 herramientas valiosas para que puedan lograr todo lo que se propongan\u201d, concluye el escritor y periodista.<\/p>\n\n\n\n<p>Al final del evento, habr\u00e1 un espacio especial de networking y una oportunidad de negocio con FWP, empresa que busca distribuidores en todo Chile para sus productos naturales.<\/p>\n\n\n\n<p><strong>Para inscribirse deben escribir al +56974950285<\/strong><\/p>\n\n\n\n<p><strong>\u00a1Ap\u00farate que son pocos cupos!<\/strong><\/p>\n\n\n\n<p>Si quieres conocer m\u00e1s informaci\u00f3n del comunicador, puedes ingresar a&nbsp;<a href=\"https:\/\/joaquinpincheira.cl\/\"><strong>https:\/\/joaquinpincheira.cl\/<\/strong><\/a><\/p>\n\n\n\n<p><strong>Sobre Joaquin<\/strong><\/p>\n\n\n\n<p>Joaqu\u00edn Pincheira, es coach y conferencista especialista en felicidad y motivaci\u00f3n personal, con m\u00e1s de 10 a\u00f1os de experiencia en el campo de las relaciones sociales.<\/p>\n\n\n\n<p>A lo largo de su carrera he ayudado a miles de personas a alcanzar sus metas y a vivir una vida plena y satisfactoria.<\/p>\n\n\n\n<p>Sus charlas y libros est\u00e1n llenos de herramientas y t\u00e9cnicas pr\u00e1cticas para mejorar la calidad de vida y alcanzar la felicidad.<\/p>\n\n\n\n<p>Si est\u00e1s buscando inspiraci\u00f3n y motivaci\u00f3n para mejorar tu vida,&nbsp;\u00a1No dudes en seguirlo en sus redes sociales y asistir a las charlas!<br><br><br><\/p>\n","protected":false},"excerpt":{"rendered":"<div class=\"pvc_clear\"><\/div>\n<p id=\"pvc_stats_58210\" class=\"pvc_stats total_only  \" data-element-id=\"58210\" style=\"\"><i class=\"pvc-stats-icon large\" aria-hidden=\"true\"><svg aria-hidden=\"true\" focusable=\"false\" data-prefix=\"far\" data-icon=\"chart-bar\" role=\"img\" xmlns=\"http:\/\/www.w3.org\/2000\/svg\" viewBox=\"0 0 512 512\" class=\"svg-inline--fa fa-chart-bar fa-w-16 fa-2x\"><path fill=\"currentColor\" d=\"M396.8 352h22.4c6.4 0 12.8-6.4 12.8-12.8V108.8c0-6.4-6.4-12.8-12.8-12.8h-22.4c-6.4 0-12.8 6.4-12.8 12.8v230.4c0 6.4 6.4 12.8 12.8 12.8zm-192 0h22.4c6.4 0 12.8-6.4 12.8-12.8V140.8c0-6.4-6.4-12.8-12.8-12.8h-22.4c-6.4 0-12.8 6.4-12.8 12.8v198.4c0 6.4 6.4 12.8 12.8 12.8zm96 0h22.4c6.4 0 12.8-6.4 12.8-12.8V204.8c0-6.4-6.4-12.8-12.8-12.8h-22.4c-6.4 0-12.8 6.4-12.8 12.8v134.4c0 6.4 6.4 12.8 12.8 12.8zM496 400H48V80c0-8.84-7.16-16-16-16H16C7.16 64 0 71.16 0 80v336c0 17.67 14.33 32 32 32h464c8.84 0 16-7.16 16-16v-16c0-8.84-7.16-16-16-16zm-387.2-48h22.4c6.4 0 12.8-6.4 12.8-12.8v-70.4c0-6.4-6.4-12.8-12.8-12.8h-22.4c-6.4 0-12.8 6.4-12.8 12.8v70.4c0 6.4 6.4 12.8 12.8 12.8z\" class=\"\"><\/path><\/svg><\/i> <img loading=\"lazy\" decoding=\"async\" width=\"16\" height=\"16\" alt=\"Loading\" src=\"https:\/\/temucotelevision.cl\/web\/wp-content\/plugins\/page-views-count\/ajax-loader-2x.gif\" border=0 \/><\/p>\n<div class=\"pvc_clear\"><\/div>\n<p>Si eres emprendedor o emprendedora y buscas potenciar tu negocio, este s\u00e1bado 27 de septiembre a las 10:00 tienes una<\/p>\n","protected":false},"author":1,"featured_media":58212,"comment_status":"open","ping_status":"open","sticky":false,"template":"","format":"standard","meta":{"colormag_page_container_layout":"default_layout","colormag_page_sidebar_layout":"default_layout","footnotes":""},"categories":[101],"tags":[384],"class_list":["post-58210","post","type-post","status-publish","format-standard","has-post-thumbnail","hentry","category-actualidad","tag-emprendedores"],"a3_pvc":{"activated":true,"total_views":965,"today_views":0},"_links":{"self":[{"href":"https:\/\/temucotelevision.cl\/web\/wp-json\/wp\/v2\/posts\/58210","targetHints":{"allow":["GET"]}}],"collection":[{"href":"https:\/\/temucotelevision.cl\/web\/wp-json\/wp\/v2\/posts"}],"about":[{"href":"https:\/\/temucotelevision.cl\/web\/wp-json\/wp\/v2\/types\/post"}],"author":[{"embeddable":true,"href":"https:\/\/temucotelevision.cl\/web\/wp-json\/wp\/v2\/users\/1"}],"replies":[{"embeddable":true,"href":"https:\/\/temucotelevision.cl\/web\/wp-json\/wp\/v2\/comments?post=58210"}],"version-history":[{"count":1,"href":"https:\/\/temucotelevision.cl\/web\/wp-json\/wp\/v2\/posts\/58210\/revisions"}],"predecessor-version":[{"id":58213,"href":"https:\/\/temucotelevision.cl\/web\/wp-json\/wp\/v2\/posts\/58210\/revisions\/58213"}],"wp:featuredmedia":[{"embeddable":true,"href":"https:\/\/temucotelevision.cl\/web\/wp-json\/wp\/v2\/media\/58212"}],"wp:attachment":[{"href":"https:\/\/temucotelevision.cl\/web\/wp-json\/wp\/v2\/media?parent=58210"}],"wp:term":[{"taxonomy":"category","embeddable":true,"href":"https:\/\/temucotelevision.cl\/web\/wp-json\/wp\/v2\/categories?post=58210"},{"taxonomy":"post_tag","embeddable":true,"href":"https:\/\/temucotelevision.cl\/web\/wp-json\/wp\/v2\/tags?post=58210"}],"curies":[{"name":"wp","href":"https:\/\/api.w.org\/{rel}","templated":true}]}}