{"id":58049,"date":"2025-09-03T19:24:08","date_gmt":"2025-09-03T22:24:08","guid":{"rendered":"https:\/\/temucotelevision.cl\/web\/?p=58049"},"modified":"2025-09-03T19:24:09","modified_gmt":"2025-09-03T22:24:09","slug":"expo-postres-tradicionales-debutara-en-hualpin-con-el-picaron-como-gran-protagonista","status":"publish","type":"post","link":"https:\/\/temucotelevision.cl\/web\/2025\/09\/03\/expo-postres-tradicionales-debutara-en-hualpin-con-el-picaron-como-gran-protagonista\/","title":{"rendered":"Expo Postres Tradicionales debutar\u00e1 en Hualp\u00edn con el picar\u00f3n como gran protagonista"},"content":{"rendered":"<div class=\"pvc_clear\"><\/div><p id=\"pvc_stats_58049\" class=\"pvc_stats total_only  \" data-element-id=\"58049\" style=\"\"><i class=\"pvc-stats-icon large\" aria-hidden=\"true\"><svg aria-hidden=\"true\" focusable=\"false\" data-prefix=\"far\" data-icon=\"chart-bar\" role=\"img\" xmlns=\"http:\/\/www.w3.org\/2000\/svg\" viewBox=\"0 0 512 512\" class=\"svg-inline--fa fa-chart-bar fa-w-16 fa-2x\"><path fill=\"currentColor\" d=\"M396.8 352h22.4c6.4 0 12.8-6.4 12.8-12.8V108.8c0-6.4-6.4-12.8-12.8-12.8h-22.4c-6.4 0-12.8 6.4-12.8 12.8v230.4c0 6.4 6.4 12.8 12.8 12.8zm-192 0h22.4c6.4 0 12.8-6.4 12.8-12.8V140.8c0-6.4-6.4-12.8-12.8-12.8h-22.4c-6.4 0-12.8 6.4-12.8 12.8v198.4c0 6.4 6.4 12.8 12.8 12.8zm96 0h22.4c6.4 0 12.8-6.4 12.8-12.8V204.8c0-6.4-6.4-12.8-12.8-12.8h-22.4c-6.4 0-12.8 6.4-12.8 12.8v134.4c0 6.4 6.4 12.8 12.8 12.8zM496 400H48V80c0-8.84-7.16-16-16-16H16C7.16 64 0 71.16 0 80v336c0 17.67 14.33 32 32 32h464c8.84 0 16-7.16 16-16v-16c0-8.84-7.16-16-16-16zm-387.2-48h22.4c6.4 0 12.8-6.4 12.8-12.8v-70.4c0-6.4-6.4-12.8-12.8-12.8h-22.4c-6.4 0-12.8 6.4-12.8 12.8v70.4c0 6.4 6.4 12.8 12.8 12.8z\" class=\"\"><\/path><\/svg><\/i> <img loading=\"lazy\" decoding=\"async\" width=\"16\" height=\"16\" alt=\"Loading\" src=\"https:\/\/temucotelevision.cl\/web\/wp-content\/plugins\/page-views-count\/ajax-loader-2x.gif\" border=0 \/><\/p><div class=\"pvc_clear\"><\/div>\n<p>Este s\u00e1bado 6 de septiembre, la localidad de Hualp\u00edn, en la comuna de Teodoro Schmidt, se transformar\u00e1 en el epicentro de la cultura, la gastronom\u00eda y el entretenimiento con la primera versi\u00f3n de la Expo Postres Tradicionales Chilenos, donde el gran protagonista ser\u00e1 el cl\u00e1sico picar\u00f3n con chancaca. Desde las 10 de la ma\u00f1ana, el casino del Club de Huasos abrir\u00e1 sus puertas para recibir a cientos de visitantes en una experiencia inolvidable pensada para toda la familia.<\/p>\n\n\n\n<p>Los asistentes podr\u00e1n recorrer una variada feria gastron\u00f3mica con puestos de comida t\u00edpica, cerveza artesanal y los m\u00e1s dulces postres de nuestra tierra. Adem\u00e1s, habr\u00e1 una clase magistral de cocina a cargo del chef Francisco P\u00e9rez Vega, profesor del Liceo T\u00e9cnico Profesional de Hualp\u00edn, quien compartir\u00e1 su talento y secretos culinarios.<\/p>\n\n\n\n<p>La m\u00fasica y la danza tambi\u00e9n tendr\u00e1n su espacio. El folclor llenar\u00e1 de tradiciones el ambiente, mientras que la reconocida DJ internacional Nicol Medina encender\u00e1 la pista con ritmos que har\u00e1n bailar a todos los presentes.<\/p>\n\n\n\n<p>Mauricio Urra, coordinador del Programa de Turismo de la Municipalidad de Teodoro Schmidt, extendi\u00f3 la invitaci\u00f3n: \u201cQueremos que vengan a conocer nuestras localidades costeras, a descubrir las riquezas naturales, culturales y gastron\u00f3micas de la Costa Araucan\u00eda. Est\u00e1n todos cordialmente invitados a disfrutar de los mejores postres y comidas t\u00edpicas de nuestro sur de Chile\u201d.<\/p>\n\n\n\n<p>Elga Ortiz Salamanca, socia de la C\u00e1mara de Turismo de Teodoro Schmidt, destac\u00f3 la importancia del evento: \u201cComo primera expo tendremos postres chilenos, dando un puntapi\u00e9 a las celebraciones de septiembre, y nuestro anfitri\u00f3n ser\u00e1 el picar\u00f3n. Todas las personas con su pulsera podr\u00e1n degustar esta delicia preparada por la parte gastron\u00f3mica del Liceo Puyehue de Hualp\u00edn. Adem\u00e1s, podr\u00e1n recorrer la feria, disfrutar de artesan\u00eda, almuerzos t\u00edpicos y un ambiente c\u00e1lido pensado para la familia\u201d.<\/p>\n\n\n\n<p>Finalmente, M\u00f3nica L\u00f3pez-Miller, tambi\u00e9n socia, reforz\u00f3 la invitaci\u00f3n: \u201cEsta actividad comienza a las 10 de la ma\u00f1ana y tenemos diversas actividades, tenemos folclor, gastronom\u00eda, artesan\u00eda, de todo encontrar\u00e1 en esta. Por lo tanto, los invitamos a ustedes que vayan a la actividad, que vengan a la Comuna de Teodoro Schmidt a disfrutar de todas las actividades que tenemos en nuestra comunidad\u201d.<\/p>\n\n\n\n<figure class=\"wp-block-image size-large\"><img loading=\"lazy\" decoding=\"async\" width=\"1000\" height=\"563\" src=\"https:\/\/temucotelevision.cl\/web\/wp-content\/uploads\/2025\/09\/IMG_20250903_125146-1000x563.jpg\" alt=\"\" class=\"wp-image-58051\" srcset=\"https:\/\/temucotelevision.cl\/web\/wp-content\/uploads\/2025\/09\/IMG_20250903_125146-1000x563.jpg 1000w, https:\/\/temucotelevision.cl\/web\/wp-content\/uploads\/2025\/09\/IMG_20250903_125146-768x432.jpg 768w, https:\/\/temucotelevision.cl\/web\/wp-content\/uploads\/2025\/09\/IMG_20250903_125146-1536x864.jpg 1536w, https:\/\/temucotelevision.cl\/web\/wp-content\/uploads\/2025\/09\/IMG_20250903_125146-2048x1152.jpg 2048w\" sizes=\"auto, (max-width: 1000px) 100vw, 1000px\" \/><\/figure>\n","protected":false},"excerpt":{"rendered":"<div class=\"pvc_clear\"><\/div>\n<p id=\"pvc_stats_58049\" class=\"pvc_stats total_only  \" data-element-id=\"58049\" style=\"\"><i class=\"pvc-stats-icon large\" aria-hidden=\"true\"><svg aria-hidden=\"true\" focusable=\"false\" data-prefix=\"far\" data-icon=\"chart-bar\" role=\"img\" xmlns=\"http:\/\/www.w3.org\/2000\/svg\" viewBox=\"0 0 512 512\" class=\"svg-inline--fa fa-chart-bar fa-w-16 fa-2x\"><path fill=\"currentColor\" d=\"M396.8 352h22.4c6.4 0 12.8-6.4 12.8-12.8V108.8c0-6.4-6.4-12.8-12.8-12.8h-22.4c-6.4 0-12.8 6.4-12.8 12.8v230.4c0 6.4 6.4 12.8 12.8 12.8zm-192 0h22.4c6.4 0 12.8-6.4 12.8-12.8V140.8c0-6.4-6.4-12.8-12.8-12.8h-22.4c-6.4 0-12.8 6.4-12.8 12.8v198.4c0 6.4 6.4 12.8 12.8 12.8zm96 0h22.4c6.4 0 12.8-6.4 12.8-12.8V204.8c0-6.4-6.4-12.8-12.8-12.8h-22.4c-6.4 0-12.8 6.4-12.8 12.8v134.4c0 6.4 6.4 12.8 12.8 12.8zM496 400H48V80c0-8.84-7.16-16-16-16H16C7.16 64 0 71.16 0 80v336c0 17.67 14.33 32 32 32h464c8.84 0 16-7.16 16-16v-16c0-8.84-7.16-16-16-16zm-387.2-48h22.4c6.4 0 12.8-6.4 12.8-12.8v-70.4c0-6.4-6.4-12.8-12.8-12.8h-22.4c-6.4 0-12.8 6.4-12.8 12.8v70.4c0 6.4 6.4 12.8 12.8 12.8z\" class=\"\"><\/path><\/svg><\/i> <img loading=\"lazy\" decoding=\"async\" width=\"16\" height=\"16\" alt=\"Loading\" src=\"https:\/\/temucotelevision.cl\/web\/wp-content\/plugins\/page-views-count\/ajax-loader-2x.gif\" border=0 \/><\/p>\n<div class=\"pvc_clear\"><\/div>\n<p>Este s\u00e1bado 6 de septiembre, la localidad de Hualp\u00edn, en la comuna de Teodoro Schmidt, se transformar\u00e1 en el epicentro<\/p>\n","protected":false},"author":1,"featured_media":58050,"comment_status":"open","ping_status":"open","sticky":false,"template":"","format":"standard","meta":{"colormag_page_container_layout":"default_layout","colormag_page_sidebar_layout":"default_layout","footnotes":""},"categories":[86],"tags":[7255],"class_list":["post-58049","post","type-post","status-publish","format-standard","has-post-thumbnail","hentry","category-panoramas","tag-picaron"],"a3_pvc":{"activated":true,"total_views":2191,"today_views":0},"_links":{"self":[{"href":"https:\/\/temucotelevision.cl\/web\/wp-json\/wp\/v2\/posts\/58049","targetHints":{"allow":["GET"]}}],"collection":[{"href":"https:\/\/temucotelevision.cl\/web\/wp-json\/wp\/v2\/posts"}],"about":[{"href":"https:\/\/temucotelevision.cl\/web\/wp-json\/wp\/v2\/types\/post"}],"author":[{"embeddable":true,"href":"https:\/\/temucotelevision.cl\/web\/wp-json\/wp\/v2\/users\/1"}],"replies":[{"embeddable":true,"href":"https:\/\/temucotelevision.cl\/web\/wp-json\/wp\/v2\/comments?post=58049"}],"version-history":[{"count":1,"href":"https:\/\/temucotelevision.cl\/web\/wp-json\/wp\/v2\/posts\/58049\/revisions"}],"predecessor-version":[{"id":58052,"href":"https:\/\/temucotelevision.cl\/web\/wp-json\/wp\/v2\/posts\/58049\/revisions\/58052"}],"wp:featuredmedia":[{"embeddable":true,"href":"https:\/\/temucotelevision.cl\/web\/wp-json\/wp\/v2\/media\/58050"}],"wp:attachment":[{"href":"https:\/\/temucotelevision.cl\/web\/wp-json\/wp\/v2\/media?parent=58049"}],"wp:term":[{"taxonomy":"category","embeddable":true,"href":"https:\/\/temucotelevision.cl\/web\/wp-json\/wp\/v2\/categories?post=58049"},{"taxonomy":"post_tag","embeddable":true,"href":"https:\/\/temucotelevision.cl\/web\/wp-json\/wp\/v2\/tags?post=58049"}],"curies":[{"name":"wp","href":"https:\/\/api.w.org\/{rel}","templated":true}]}}