{"id":58005,"date":"2025-09-01T22:43:53","date_gmt":"2025-09-02T01:43:53","guid":{"rendered":"https:\/\/temucotelevision.cl\/web\/?p=58005"},"modified":"2025-09-01T22:43:54","modified_gmt":"2025-09-02T01:43:54","slug":"asi-es-tu-corazon-el-himno-de-la-teleton-2025-en-la-voz-de-myriam-hernandez","status":"publish","type":"post","link":"https:\/\/temucotelevision.cl\/web\/2025\/09\/01\/asi-es-tu-corazon-el-himno-de-la-teleton-2025-en-la-voz-de-myriam-hernandez\/","title":{"rendered":"As\u00ed es \u201cTu coraz\u00f3n\u201d: el himno de la Telet\u00f3n 2025 en la voz de Myriam Hern\u00e1ndez"},"content":{"rendered":"<div class=\"pvc_clear\"><\/div><p id=\"pvc_stats_58005\" class=\"pvc_stats total_only  \" data-element-id=\"58005\" style=\"\"><i class=\"pvc-stats-icon large\" aria-hidden=\"true\"><svg aria-hidden=\"true\" focusable=\"false\" data-prefix=\"far\" data-icon=\"chart-bar\" role=\"img\" xmlns=\"http:\/\/www.w3.org\/2000\/svg\" viewBox=\"0 0 512 512\" class=\"svg-inline--fa fa-chart-bar fa-w-16 fa-2x\"><path fill=\"currentColor\" d=\"M396.8 352h22.4c6.4 0 12.8-6.4 12.8-12.8V108.8c0-6.4-6.4-12.8-12.8-12.8h-22.4c-6.4 0-12.8 6.4-12.8 12.8v230.4c0 6.4 6.4 12.8 12.8 12.8zm-192 0h22.4c6.4 0 12.8-6.4 12.8-12.8V140.8c0-6.4-6.4-12.8-12.8-12.8h-22.4c-6.4 0-12.8 6.4-12.8 12.8v198.4c0 6.4 6.4 12.8 12.8 12.8zm96 0h22.4c6.4 0 12.8-6.4 12.8-12.8V204.8c0-6.4-6.4-12.8-12.8-12.8h-22.4c-6.4 0-12.8 6.4-12.8 12.8v134.4c0 6.4 6.4 12.8 12.8 12.8zM496 400H48V80c0-8.84-7.16-16-16-16H16C7.16 64 0 71.16 0 80v336c0 17.67 14.33 32 32 32h464c8.84 0 16-7.16 16-16v-16c0-8.84-7.16-16-16-16zm-387.2-48h22.4c6.4 0 12.8-6.4 12.8-12.8v-70.4c0-6.4-6.4-12.8-12.8-12.8h-22.4c-6.4 0-12.8 6.4-12.8 12.8v70.4c0 6.4 6.4 12.8 12.8 12.8z\" class=\"\"><\/path><\/svg><\/i> <img loading=\"lazy\" decoding=\"async\" width=\"16\" height=\"16\" alt=\"Loading\" src=\"https:\/\/temucotelevision.cl\/web\/wp-content\/plugins\/page-views-count\/ajax-loader-2x.gif\" border=0 \/><\/p><div class=\"pvc_clear\"><\/div>\n<p><em>La baladista de Am\u00e9rica ser\u00e1 la encargada de interpretar el himno oficial de la Telet\u00f3n 2025, una canci\u00f3n emotiva que busca unir a todo Chile de cara al gran evento solidario que se realizar\u00e1 el 28 y 29 de noviembre en el Teatro Telet\u00f3n y el Estadio Nacional.<\/em><\/p>\n\n\n\n<p>Con 19 participaciones en la historia de la Telet\u00f3n \u2014la \u00faltima en 2024, cuando emocion\u00f3 en la Quinta Vergara con un medley de sus \u00e9xitos\u2014,&nbsp;<strong>Myriam Hern\u00e1ndez<\/strong>&nbsp;regresa este a\u00f1o con una misi\u00f3n muy especial: poner su voz al himno oficial de la campa\u00f1a, titulado&nbsp;<em><strong>Tu coraz\u00f3n<\/strong><\/em>.<\/p>\n\n\n\n<p>Este tema busca inspirar al pa\u00eds y recordarnos que la solidaridad permite entregar rehabilitaci\u00f3n integral y gratuita a m\u00e1s de&nbsp;<strong>32 mil ni\u00f1os, ni\u00f1as y j\u00f3venes<\/strong>&nbsp;en situaci\u00f3n de discapacidad que se atienden en los 14 institutos Telet\u00f3n desde Arica hasta Ays\u00e9n.<\/p>\n\n\n\n<p>Tras grabar la canci\u00f3n, Myriam comparti\u00f3 su emoci\u00f3n: \u201cEs una canci\u00f3n maravillosa. Muy emocionante en melod\u00eda y en letra, porque nos recuerda que todos podemos necesitar de la Telet\u00f3n en alg\u00fan momento. Ha sido siempre maravilloso colaborar con esta causa tan especial\u201d.<\/p>\n\n\n\n<p>No es la primera vez que la artista presta su voz a un himno de la campa\u00f1a. En 1991, fue parte de&nbsp;<em>Gracias a usted<\/em>, tema que reuni\u00f3 a grandes voces de la m\u00fasica chilena en apoyo a Telet\u00f3n. Hoy, 34 a\u00f1os despu\u00e9s, vuelve a ser protagonista de este himno de uni\u00f3n y esperanza.<\/p>\n\n\n\n<p>\u201cEste a\u00f1o tenemos que lograr la meta. Hay que ponernos la mano en el coraz\u00f3n y ayudar a todos quienes necesitan de la Telet\u00f3n para salir adelante\u201d, expres\u00f3 la int\u00e9rprete de cl\u00e1sicos como&nbsp;<em>La fuerza del amor&nbsp;<\/em>y&nbsp;<em>M\u00edo<\/em>.<\/p>\n\n\n\n<p>Adem\u00e1s de interpretar el himno,&nbsp;<strong>Myriam Hern\u00e1ndez<\/strong>&nbsp;ser\u00e1 parte del programa televisivo de 27 horas, donde compartir\u00e1 escenario con destacados artistas nacionales como&nbsp;<strong>Mar\u00eda Jos\u00e9 Quintanilla, Francisca Valenzuela, Z\u00fambale Primo, Emilia Dides, Nico Ruiz, Brayon, Jere Klein, Katteyes<\/strong>&nbsp;y&nbsp;<strong>Stefan Kramer<\/strong>.<\/p>\n\n\n\n<p>El cartel internacional de artistas incluir\u00e1 a figuras como&nbsp;<strong>Pablo Albor\u00e1n, Cristian Castro, Emmanuel, Manuel Mijares, Yuri, Lucero<\/strong>&nbsp;y&nbsp;<strong>Ana Torroja<\/strong>, quienes confirmaron su venida a Chile para motivar al pa\u00eds a unirse una vez m\u00e1s en esta cruzada solidaria.<\/p>\n\n\n\n<p>Durante los pr\u00f3ximos 90 d\u00edas, Telet\u00f3n desplegar\u00e1 campa\u00f1as y actividades que inviten a todo Chile a unirse. La meta a lograr el&nbsp;<strong>28 y 29 de noviembre<\/strong>&nbsp;son los&nbsp;<strong>$40.502.617.946<\/strong>&nbsp;recaudados en 2024, y demostrar, una vez m\u00e1s, que cuando Chile se une, no hay barrera imposible de superar.<\/p>\n","protected":false},"excerpt":{"rendered":"<div class=\"pvc_clear\"><\/div>\n<p id=\"pvc_stats_58005\" class=\"pvc_stats total_only  \" data-element-id=\"58005\" style=\"\"><i class=\"pvc-stats-icon large\" aria-hidden=\"true\"><svg aria-hidden=\"true\" focusable=\"false\" data-prefix=\"far\" data-icon=\"chart-bar\" role=\"img\" xmlns=\"http:\/\/www.w3.org\/2000\/svg\" viewBox=\"0 0 512 512\" class=\"svg-inline--fa fa-chart-bar fa-w-16 fa-2x\"><path fill=\"currentColor\" d=\"M396.8 352h22.4c6.4 0 12.8-6.4 12.8-12.8V108.8c0-6.4-6.4-12.8-12.8-12.8h-22.4c-6.4 0-12.8 6.4-12.8 12.8v230.4c0 6.4 6.4 12.8 12.8 12.8zm-192 0h22.4c6.4 0 12.8-6.4 12.8-12.8V140.8c0-6.4-6.4-12.8-12.8-12.8h-22.4c-6.4 0-12.8 6.4-12.8 12.8v198.4c0 6.4 6.4 12.8 12.8 12.8zm96 0h22.4c6.4 0 12.8-6.4 12.8-12.8V204.8c0-6.4-6.4-12.8-12.8-12.8h-22.4c-6.4 0-12.8 6.4-12.8 12.8v134.4c0 6.4 6.4 12.8 12.8 12.8zM496 400H48V80c0-8.84-7.16-16-16-16H16C7.16 64 0 71.16 0 80v336c0 17.67 14.33 32 32 32h464c8.84 0 16-7.16 16-16v-16c0-8.84-7.16-16-16-16zm-387.2-48h22.4c6.4 0 12.8-6.4 12.8-12.8v-70.4c0-6.4-6.4-12.8-12.8-12.8h-22.4c-6.4 0-12.8 6.4-12.8 12.8v70.4c0 6.4 6.4 12.8 12.8 12.8z\" class=\"\"><\/path><\/svg><\/i> <img loading=\"lazy\" decoding=\"async\" width=\"16\" height=\"16\" alt=\"Loading\" src=\"https:\/\/temucotelevision.cl\/web\/wp-content\/plugins\/page-views-count\/ajax-loader-2x.gif\" border=0 \/><\/p>\n<div class=\"pvc_clear\"><\/div>\n<p>La baladista de Am\u00e9rica ser\u00e1 la encargada de interpretar el himno oficial de la Telet\u00f3n 2025, una canci\u00f3n emotiva que<\/p>\n","protected":false},"author":1,"featured_media":58006,"comment_status":"open","ping_status":"open","sticky":false,"template":"","format":"standard","meta":{"colormag_page_container_layout":"default_layout","colormag_page_sidebar_layout":"default_layout","footnotes":""},"categories":[101,18],"tags":[1989],"class_list":["post-58005","post","type-post","status-publish","format-standard","has-post-thumbnail","hentry","category-actualidad","category-nacional","tag-teleton"],"a3_pvc":{"activated":true,"total_views":1936,"today_views":0},"_links":{"self":[{"href":"https:\/\/temucotelevision.cl\/web\/wp-json\/wp\/v2\/posts\/58005","targetHints":{"allow":["GET"]}}],"collection":[{"href":"https:\/\/temucotelevision.cl\/web\/wp-json\/wp\/v2\/posts"}],"about":[{"href":"https:\/\/temucotelevision.cl\/web\/wp-json\/wp\/v2\/types\/post"}],"author":[{"embeddable":true,"href":"https:\/\/temucotelevision.cl\/web\/wp-json\/wp\/v2\/users\/1"}],"replies":[{"embeddable":true,"href":"https:\/\/temucotelevision.cl\/web\/wp-json\/wp\/v2\/comments?post=58005"}],"version-history":[{"count":1,"href":"https:\/\/temucotelevision.cl\/web\/wp-json\/wp\/v2\/posts\/58005\/revisions"}],"predecessor-version":[{"id":58007,"href":"https:\/\/temucotelevision.cl\/web\/wp-json\/wp\/v2\/posts\/58005\/revisions\/58007"}],"wp:featuredmedia":[{"embeddable":true,"href":"https:\/\/temucotelevision.cl\/web\/wp-json\/wp\/v2\/media\/58006"}],"wp:attachment":[{"href":"https:\/\/temucotelevision.cl\/web\/wp-json\/wp\/v2\/media?parent=58005"}],"wp:term":[{"taxonomy":"category","embeddable":true,"href":"https:\/\/temucotelevision.cl\/web\/wp-json\/wp\/v2\/categories?post=58005"},{"taxonomy":"post_tag","embeddable":true,"href":"https:\/\/temucotelevision.cl\/web\/wp-json\/wp\/v2\/tags?post=58005"}],"curies":[{"name":"wp","href":"https:\/\/api.w.org\/{rel}","templated":true}]}}