{"id":58000,"date":"2025-09-01T22:32:33","date_gmt":"2025-09-02T01:32:33","guid":{"rendered":"https:\/\/temucotelevision.cl\/web\/?p=58000"},"modified":"2025-09-01T22:32:34","modified_gmt":"2025-09-02T01:32:34","slug":"cholchol-dio-la-bienvenida-a-septiembre-con-la-primera-version-de-mil-panuelos-al-viento","status":"publish","type":"post","link":"https:\/\/temucotelevision.cl\/web\/2025\/09\/01\/cholchol-dio-la-bienvenida-a-septiembre-con-la-primera-version-de-mil-panuelos-al-viento\/","title":{"rendered":"Cholchol dio la bienvenida a septiembre con la primera versi\u00f3n de \u201cMil Pa\u00f1uelos al Viento\u201d"},"content":{"rendered":"<div class=\"pvc_clear\"><\/div><p id=\"pvc_stats_58000\" class=\"pvc_stats total_only  \" data-element-id=\"58000\" style=\"\"><i class=\"pvc-stats-icon large\" aria-hidden=\"true\"><svg aria-hidden=\"true\" focusable=\"false\" data-prefix=\"far\" data-icon=\"chart-bar\" role=\"img\" xmlns=\"http:\/\/www.w3.org\/2000\/svg\" viewBox=\"0 0 512 512\" class=\"svg-inline--fa fa-chart-bar fa-w-16 fa-2x\"><path fill=\"currentColor\" d=\"M396.8 352h22.4c6.4 0 12.8-6.4 12.8-12.8V108.8c0-6.4-6.4-12.8-12.8-12.8h-22.4c-6.4 0-12.8 6.4-12.8 12.8v230.4c0 6.4 6.4 12.8 12.8 12.8zm-192 0h22.4c6.4 0 12.8-6.4 12.8-12.8V140.8c0-6.4-6.4-12.8-12.8-12.8h-22.4c-6.4 0-12.8 6.4-12.8 12.8v198.4c0 6.4 6.4 12.8 12.8 12.8zm96 0h22.4c6.4 0 12.8-6.4 12.8-12.8V204.8c0-6.4-6.4-12.8-12.8-12.8h-22.4c-6.4 0-12.8 6.4-12.8 12.8v134.4c0 6.4 6.4 12.8 12.8 12.8zM496 400H48V80c0-8.84-7.16-16-16-16H16C7.16 64 0 71.16 0 80v336c0 17.67 14.33 32 32 32h464c8.84 0 16-7.16 16-16v-16c0-8.84-7.16-16-16-16zm-387.2-48h22.4c6.4 0 12.8-6.4 12.8-12.8v-70.4c0-6.4-6.4-12.8-12.8-12.8h-22.4c-6.4 0-12.8 6.4-12.8 12.8v70.4c0 6.4 6.4 12.8 12.8 12.8z\" class=\"\"><\/path><\/svg><\/i> <img loading=\"lazy\" decoding=\"async\" width=\"16\" height=\"16\" alt=\"Loading\" src=\"https:\/\/temucotelevision.cl\/web\/wp-content\/plugins\/page-views-count\/ajax-loader-2x.gif\" border=0 \/><\/p><div class=\"pvc_clear\"><\/div>\n<p>La exitosa actividad reuni\u00f3 a cientos de estudiantes de los distintos establecimientos de la comuna, junto a autoridades locales, comunidades educativas y vecinos, quienes llenaron de baile y tradici\u00f3n una de las principales calles de Cholchol.<\/p>\n\n\n\n<p>La comuna de Cholchol comenz\u00f3 oficialmente las celebraciones del Mes de la Patria con la realizaci\u00f3n de la primera versi\u00f3n de la actividad \u201cMil Pa\u00f1uelos al Viento 2025\u201d, un hito que reuni\u00f3 a la comunidad en torno a la cultura, la m\u00fasica y la tradici\u00f3n chilena.<\/p>\n\n\n\n<p>La jornada cont\u00f3 con la masiva participaci\u00f3n de colegios urbanos y rurales, jardines infantiles, liceos y familias completas, que dieron vida a una verdadera fiesta comunitaria en el coraz\u00f3n de la comuna.<\/p>\n\n\n\n<p>El alcalde de Cholchol, \u00c1lvaro Labra\u00f1a destac\u00f3 el entusiasmo y la gran convocatoria alcanzada,&nbsp;<em>\u201cestamos muy contentos de iniciar septiembre con esta hermosa actividad que congreg\u00f3 al mundo estudiantil y a nuestras familias. Es un hito para Cholchol y esperamos que se convierta en una tradici\u00f3n que crezca a\u00f1o a a\u00f1o\u201d,<\/em>&nbsp;se\u00f1al\u00f3.<\/p>\n\n\n\n<p>Por su parte, Luis Felipe Castillo, estudiante del liceo Bicentenario James Mundell, agradeci\u00f3 la instancia y se\u00f1al\u00f3 que, \u201cme pareci\u00f3 una excelente actividad, que todos pudi\u00e9semos participar de las fiestas patrias, adem\u00e1s me gusta bailar cueca porque es algo \u00fanico de nuestro pa\u00eds y ojal\u00e1 sigan desarrollando este evento durante hartos a\u00f1os m\u00e1s\u201d.<\/p>\n\n\n\n<p>Para Constanza Paredes, apoderada y asistente a esta primera versi\u00f3n de \u201cMil Pa\u00f1uelos al Viento\u201d, el evento fue un verdadero \u00e9xito y destac\u00f3 la organizaci\u00f3n, agradeciendo al municipio por impulsar esta iniciativa.&nbsp;<em>\u201cLa mejor actividad en la que he estado; a m\u00ed, en lo personal, me encanta bailar cueca y fue un agrado vivir esto para dar la bienvenida como corresponde al mes de septiembre. Estoy agradecida de ver a mi hijo bailando y de c\u00f3mo toda la comunidad se uni\u00f3 en torno a nuestro baile nacional\u201d<\/em>, se\u00f1al\u00f3.<\/p>\n\n\n\n<p>Cabe destacar que la actividad cont\u00f3 con la participaci\u00f3n especial del reconocido grupo folcl\u00f3rico \u201cRaizales de Temuco\u201d, quienes animaron la jornada cuyo objetivo fue fortalecer las tradiciones y fomentar espacios de encuentro comunitario, dando inicio a un mes lleno de identidad, unidad y celebraci\u00f3n.<\/p>\n","protected":false},"excerpt":{"rendered":"<div class=\"pvc_clear\"><\/div>\n<p id=\"pvc_stats_58000\" class=\"pvc_stats total_only  \" data-element-id=\"58000\" style=\"\"><i class=\"pvc-stats-icon large\" aria-hidden=\"true\"><svg aria-hidden=\"true\" focusable=\"false\" data-prefix=\"far\" data-icon=\"chart-bar\" role=\"img\" xmlns=\"http:\/\/www.w3.org\/2000\/svg\" viewBox=\"0 0 512 512\" class=\"svg-inline--fa fa-chart-bar fa-w-16 fa-2x\"><path fill=\"currentColor\" d=\"M396.8 352h22.4c6.4 0 12.8-6.4 12.8-12.8V108.8c0-6.4-6.4-12.8-12.8-12.8h-22.4c-6.4 0-12.8 6.4-12.8 12.8v230.4c0 6.4 6.4 12.8 12.8 12.8zm-192 0h22.4c6.4 0 12.8-6.4 12.8-12.8V140.8c0-6.4-6.4-12.8-12.8-12.8h-22.4c-6.4 0-12.8 6.4-12.8 12.8v198.4c0 6.4 6.4 12.8 12.8 12.8zm96 0h22.4c6.4 0 12.8-6.4 12.8-12.8V204.8c0-6.4-6.4-12.8-12.8-12.8h-22.4c-6.4 0-12.8 6.4-12.8 12.8v134.4c0 6.4 6.4 12.8 12.8 12.8zM496 400H48V80c0-8.84-7.16-16-16-16H16C7.16 64 0 71.16 0 80v336c0 17.67 14.33 32 32 32h464c8.84 0 16-7.16 16-16v-16c0-8.84-7.16-16-16-16zm-387.2-48h22.4c6.4 0 12.8-6.4 12.8-12.8v-70.4c0-6.4-6.4-12.8-12.8-12.8h-22.4c-6.4 0-12.8 6.4-12.8 12.8v70.4c0 6.4 6.4 12.8 12.8 12.8z\" class=\"\"><\/path><\/svg><\/i> <img loading=\"lazy\" decoding=\"async\" width=\"16\" height=\"16\" alt=\"Loading\" src=\"https:\/\/temucotelevision.cl\/web\/wp-content\/plugins\/page-views-count\/ajax-loader-2x.gif\" border=0 \/><\/p>\n<div class=\"pvc_clear\"><\/div>\n<p>La exitosa actividad reuni\u00f3 a cientos de estudiantes de los distintos establecimientos de la comuna, junto a autoridades locales, comunidades<\/p>\n","protected":false},"author":1,"featured_media":58001,"comment_status":"open","ping_status":"open","sticky":false,"template":"","format":"standard","meta":{"colormag_page_container_layout":"default_layout","colormag_page_sidebar_layout":"default_layout","footnotes":""},"categories":[14],"tags":[6772],"class_list":["post-58000","post","type-post","status-publish","format-standard","has-post-thumbnail","hentry","category-temuco","tag-panuelos"],"a3_pvc":{"activated":true,"total_views":2023,"today_views":0},"_links":{"self":[{"href":"https:\/\/temucotelevision.cl\/web\/wp-json\/wp\/v2\/posts\/58000","targetHints":{"allow":["GET"]}}],"collection":[{"href":"https:\/\/temucotelevision.cl\/web\/wp-json\/wp\/v2\/posts"}],"about":[{"href":"https:\/\/temucotelevision.cl\/web\/wp-json\/wp\/v2\/types\/post"}],"author":[{"embeddable":true,"href":"https:\/\/temucotelevision.cl\/web\/wp-json\/wp\/v2\/users\/1"}],"replies":[{"embeddable":true,"href":"https:\/\/temucotelevision.cl\/web\/wp-json\/wp\/v2\/comments?post=58000"}],"version-history":[{"count":1,"href":"https:\/\/temucotelevision.cl\/web\/wp-json\/wp\/v2\/posts\/58000\/revisions"}],"predecessor-version":[{"id":58002,"href":"https:\/\/temucotelevision.cl\/web\/wp-json\/wp\/v2\/posts\/58000\/revisions\/58002"}],"wp:featuredmedia":[{"embeddable":true,"href":"https:\/\/temucotelevision.cl\/web\/wp-json\/wp\/v2\/media\/58001"}],"wp:attachment":[{"href":"https:\/\/temucotelevision.cl\/web\/wp-json\/wp\/v2\/media?parent=58000"}],"wp:term":[{"taxonomy":"category","embeddable":true,"href":"https:\/\/temucotelevision.cl\/web\/wp-json\/wp\/v2\/categories?post=58000"},{"taxonomy":"post_tag","embeddable":true,"href":"https:\/\/temucotelevision.cl\/web\/wp-json\/wp\/v2\/tags?post=58000"}],"curies":[{"name":"wp","href":"https:\/\/api.w.org\/{rel}","templated":true}]}}