{"id":57997,"date":"2025-09-01T22:29:47","date_gmt":"2025-09-02T01:29:47","guid":{"rendered":"https:\/\/temucotelevision.cl\/web\/?p=57997"},"modified":"2025-09-01T22:29:48","modified_gmt":"2025-09-02T01:29:48","slug":"mejoramiento-de-av-pablo-neruda-alcanza-90-de-avance-y-entro-en-su-etapa-final","status":"publish","type":"post","link":"https:\/\/temucotelevision.cl\/web\/2025\/09\/01\/mejoramiento-de-av-pablo-neruda-alcanza-90-de-avance-y-entro-en-su-etapa-final\/","title":{"rendered":"Mejoramiento de Av. Pablo Neruda alcanza 90% de avance y entr\u00f3 en su etapa final"},"content":{"rendered":"<div class=\"pvc_clear\"><\/div><p id=\"pvc_stats_57997\" class=\"pvc_stats total_only  \" data-element-id=\"57997\" style=\"\"><i class=\"pvc-stats-icon large\" aria-hidden=\"true\"><svg aria-hidden=\"true\" focusable=\"false\" data-prefix=\"far\" data-icon=\"chart-bar\" role=\"img\" xmlns=\"http:\/\/www.w3.org\/2000\/svg\" viewBox=\"0 0 512 512\" class=\"svg-inline--fa fa-chart-bar fa-w-16 fa-2x\"><path fill=\"currentColor\" d=\"M396.8 352h22.4c6.4 0 12.8-6.4 12.8-12.8V108.8c0-6.4-6.4-12.8-12.8-12.8h-22.4c-6.4 0-12.8 6.4-12.8 12.8v230.4c0 6.4 6.4 12.8 12.8 12.8zm-192 0h22.4c6.4 0 12.8-6.4 12.8-12.8V140.8c0-6.4-6.4-12.8-12.8-12.8h-22.4c-6.4 0-12.8 6.4-12.8 12.8v198.4c0 6.4 6.4 12.8 12.8 12.8zm96 0h22.4c6.4 0 12.8-6.4 12.8-12.8V204.8c0-6.4-6.4-12.8-12.8-12.8h-22.4c-6.4 0-12.8 6.4-12.8 12.8v134.4c0 6.4 6.4 12.8 12.8 12.8zM496 400H48V80c0-8.84-7.16-16-16-16H16C7.16 64 0 71.16 0 80v336c0 17.67 14.33 32 32 32h464c8.84 0 16-7.16 16-16v-16c0-8.84-7.16-16-16-16zm-387.2-48h22.4c6.4 0 12.8-6.4 12.8-12.8v-70.4c0-6.4-6.4-12.8-12.8-12.8h-22.4c-6.4 0-12.8 6.4-12.8 12.8v70.4c0 6.4 6.4 12.8 12.8 12.8z\" class=\"\"><\/path><\/svg><\/i> <img loading=\"lazy\" decoding=\"async\" width=\"16\" height=\"16\" alt=\"Loading\" src=\"https:\/\/temucotelevision.cl\/web\/wp-content\/plugins\/page-views-count\/ajax-loader-2x.gif\" border=0 \/><\/p><div class=\"pvc_clear\"><\/div>\n<p>Serviu dio a conocer que comenz\u00f3 la intervenci\u00f3n del \u00faltimo tramo de intersecciones con obra gruesa y construcci\u00f3n de nueva calzada; adem\u00e1s de clarificar que todo debe estar en un 100% operativo a fines de este a\u00f1o, de mediar ning\u00fan inconveniente.&nbsp;&nbsp;&nbsp;&nbsp;<\/p>\n\n\n\n<p>El Servicio de Vivienda y Urbanizaci\u00f3n de La Araucan\u00eda inform\u00f3 que el proyecto de mejoramiento integral de la Avenida Pablo Neruda ya registra un 90% de avance, entrando en la intervenci\u00f3n de su \u00faltimo tramo, con obras de calzada, veredas y habilitaci\u00f3n de intersecciones. Se trata de una de las iniciativas urbanas m\u00e1s importantes que se ejecuta actualmente en la capital regional, y que beneficiar\u00e1 directamente a cientos de familias que utilizan a diario esta avenida para conectarse con distintos puntos de la ciudad.<\/p>\n\n\n\n<p>El Inspector T\u00e9cnico de la obra, Gast\u00f3n Calvio, explic\u00f3 que actualmente se trabaja en la intersecci\u00f3n de Pablo Neruda con calle Uruguay, sector que no hab\u00eda podido ser intervenido anteriormente por un proceso de expropiaci\u00f3n pendiente.<\/p>\n\n\n\n<p>\u201cHoy ya contamos con la posesi\u00f3n del lote faltante, lo que permiti\u00f3 ejecutar la calzada de hormig\u00f3n y pr\u00f3ximamente iniciar la construcci\u00f3n de la vereda en el costado norte. Con esto avanzamos hacia la habilitaci\u00f3n definitiva de la intersecci\u00f3n, que adem\u00e1s contar\u00e1 con nueva semaforizaci\u00f3n\u201d, se\u00f1al\u00f3 Calvio.<\/p>\n\n\n\n<p>El proyecto considera 10 puntos de semaforizaci\u00f3n entre calle Hochstetter y la Avenida Caupolic\u00e1n, lo que permitir\u00e1 regular el tr\u00e1nsito y garantizar mayor seguridad a peatones y automovilistas.<\/p>\n\n\n\n<p>\u201cSabemos que este tipo de obras requieren un tiempo de acostumbramiento para los vecinos y conductores, pero tambi\u00e9n estamos convencidos de que con la nueva semaforizaci\u00f3n lograremos dar continuidad al tr\u00e1nsito y, sobre todo, m\u00e1s seguridad para quienes circulan por esta avenida\u201d, agreg\u00f3 el Inspector T\u00e9cnico.<\/p>\n\n\n\n<p>La ejecuci\u00f3n de esta obra, que contempla una inversi\u00f3n que supera los $15 mil millones de pesos por parte del Ministerio de Vivienda y Urbanismo, abarca 3 kil\u00f3metros de extensi\u00f3n de una de las principales arterias de Temuco.<\/p>\n\n\n\n<p><strong>TRABAJO CONJUNTO CON LA COMUNIDAD<\/strong><\/p>\n\n\n\n<p>Un aspecto fundamental durante el desarrollo del proyecto ha sido el trabajo colaborativo con la comunidad directamente afectada por las intervenciones. A trav\u00e9s de los equipos sociales de Serviu y la empresa ejecutora, se han sostenido encuentros y di\u00e1logos permanentes con los vecinos, con el objetivo de planificar mitigaciones, resolver inquietudes y coordinar medidas que permitan disminuir los impactos de los tramos m\u00e1s complejos de intervenir.<\/p>\n\n\n\n<p>Esto ha permitido mantener una comunicaci\u00f3n abierta y un mayor grado de comprensi\u00f3n por parte de la ciudadan\u00eda frente a las incomodidades propias de una obra de esta magnitud, reforzando la idea de que el proyecto no solo moderniza la infraestructura, sino que tambi\u00e9n fortalece la relaci\u00f3n entre Estado y comunidad.<\/p>\n\n\n\n<p><strong>HACIA UNA CIUDAD M\u00c1S INTEGRADA<\/strong><\/p>\n\n\n\n<p>El Director de Serviu Araucan\u00eda, Jos\u00e9 Luis Sep\u00falveda, destac\u00f3 la relevancia de este proyecto en el marco de la estrategia ministerial de transformaci\u00f3n urbana:<\/p>\n\n\n\n<p>\u201cEstamos en la fase final de una obra que transformar\u00e1 la conectividad en Temuco. La modernizaci\u00f3n de la Avenida Pablo Neruda, junto a la intervenci\u00f3n en Avenida Gabriela Mistral que tambi\u00e9n est\u00e1 en ejecuci\u00f3n, son parte de la estrategia del Minvu para avanzar hacia \u2018Ciudades Justas\u2019, con espacios p\u00fablicos y obras urbanas que mejoren la calidad de vida, reduzcan los tiempos de desplazamiento y entreguen mayor seguridad a miles de familias\u201d.<\/p>\n\n\n\n<p>De no mediar inconvenientes, la totalidad de la obra deber\u00eda estar finalizada y operativa hacia fines de este a\u00f1o, consolidando as\u00ed una mejora significativa en la conectividad y el est\u00e1ndar urbano de Temuco.<\/p>\n","protected":false},"excerpt":{"rendered":"<div class=\"pvc_clear\"><\/div>\n<p id=\"pvc_stats_57997\" class=\"pvc_stats total_only  \" data-element-id=\"57997\" style=\"\"><i class=\"pvc-stats-icon large\" aria-hidden=\"true\"><svg aria-hidden=\"true\" focusable=\"false\" data-prefix=\"far\" data-icon=\"chart-bar\" role=\"img\" xmlns=\"http:\/\/www.w3.org\/2000\/svg\" viewBox=\"0 0 512 512\" class=\"svg-inline--fa fa-chart-bar fa-w-16 fa-2x\"><path fill=\"currentColor\" d=\"M396.8 352h22.4c6.4 0 12.8-6.4 12.8-12.8V108.8c0-6.4-6.4-12.8-12.8-12.8h-22.4c-6.4 0-12.8 6.4-12.8 12.8v230.4c0 6.4 6.4 12.8 12.8 12.8zm-192 0h22.4c6.4 0 12.8-6.4 12.8-12.8V140.8c0-6.4-6.4-12.8-12.8-12.8h-22.4c-6.4 0-12.8 6.4-12.8 12.8v198.4c0 6.4 6.4 12.8 12.8 12.8zm96 0h22.4c6.4 0 12.8-6.4 12.8-12.8V204.8c0-6.4-6.4-12.8-12.8-12.8h-22.4c-6.4 0-12.8 6.4-12.8 12.8v134.4c0 6.4 6.4 12.8 12.8 12.8zM496 400H48V80c0-8.84-7.16-16-16-16H16C7.16 64 0 71.16 0 80v336c0 17.67 14.33 32 32 32h464c8.84 0 16-7.16 16-16v-16c0-8.84-7.16-16-16-16zm-387.2-48h22.4c6.4 0 12.8-6.4 12.8-12.8v-70.4c0-6.4-6.4-12.8-12.8-12.8h-22.4c-6.4 0-12.8 6.4-12.8 12.8v70.4c0 6.4 6.4 12.8 12.8 12.8z\" class=\"\"><\/path><\/svg><\/i> <img loading=\"lazy\" decoding=\"async\" width=\"16\" height=\"16\" alt=\"Loading\" src=\"https:\/\/temucotelevision.cl\/web\/wp-content\/plugins\/page-views-count\/ajax-loader-2x.gif\" border=0 \/><\/p>\n<div class=\"pvc_clear\"><\/div>\n<p>Serviu dio a conocer que comenz\u00f3 la intervenci\u00f3n del \u00faltimo tramo de intersecciones con obra gruesa y construcci\u00f3n de nueva<\/p>\n","protected":false},"author":1,"featured_media":57998,"comment_status":"open","ping_status":"open","sticky":false,"template":"","format":"standard","meta":{"colormag_page_container_layout":"default_layout","colormag_page_sidebar_layout":"default_layout","footnotes":""},"categories":[14],"tags":[305],"class_list":["post-57997","post","type-post","status-publish","format-standard","has-post-thumbnail","hentry","category-temuco","tag-avenida"],"a3_pvc":{"activated":true,"total_views":2674,"today_views":0},"_links":{"self":[{"href":"https:\/\/temucotelevision.cl\/web\/wp-json\/wp\/v2\/posts\/57997","targetHints":{"allow":["GET"]}}],"collection":[{"href":"https:\/\/temucotelevision.cl\/web\/wp-json\/wp\/v2\/posts"}],"about":[{"href":"https:\/\/temucotelevision.cl\/web\/wp-json\/wp\/v2\/types\/post"}],"author":[{"embeddable":true,"href":"https:\/\/temucotelevision.cl\/web\/wp-json\/wp\/v2\/users\/1"}],"replies":[{"embeddable":true,"href":"https:\/\/temucotelevision.cl\/web\/wp-json\/wp\/v2\/comments?post=57997"}],"version-history":[{"count":1,"href":"https:\/\/temucotelevision.cl\/web\/wp-json\/wp\/v2\/posts\/57997\/revisions"}],"predecessor-version":[{"id":57999,"href":"https:\/\/temucotelevision.cl\/web\/wp-json\/wp\/v2\/posts\/57997\/revisions\/57999"}],"wp:featuredmedia":[{"embeddable":true,"href":"https:\/\/temucotelevision.cl\/web\/wp-json\/wp\/v2\/media\/57998"}],"wp:attachment":[{"href":"https:\/\/temucotelevision.cl\/web\/wp-json\/wp\/v2\/media?parent=57997"}],"wp:term":[{"taxonomy":"category","embeddable":true,"href":"https:\/\/temucotelevision.cl\/web\/wp-json\/wp\/v2\/categories?post=57997"},{"taxonomy":"post_tag","embeddable":true,"href":"https:\/\/temucotelevision.cl\/web\/wp-json\/wp\/v2\/tags?post=57997"}],"curies":[{"name":"wp","href":"https:\/\/api.w.org\/{rel}","templated":true}]}}