{"id":57955,"date":"2025-08-29T22:26:20","date_gmt":"2025-08-30T01:26:20","guid":{"rendered":"https:\/\/temucotelevision.cl\/web\/?p=57955"},"modified":"2025-08-29T22:26:21","modified_gmt":"2025-08-30T01:26:21","slug":"teleton-da-inicio-a-su-campana-2025-con-himno-de-myriam-hernandez-y-nuevos-artistas-confirmados","status":"publish","type":"post","link":"https:\/\/temucotelevision.cl\/web\/2025\/08\/29\/teleton-da-inicio-a-su-campana-2025-con-himno-de-myriam-hernandez-y-nuevos-artistas-confirmados\/","title":{"rendered":"Telet\u00f3n da inicio a su Campa\u00f1a 2025 con himno de Myriam Hern\u00e1ndez y nuevos artistas confirmados"},"content":{"rendered":"<div class=\"pvc_clear\"><\/div><p id=\"pvc_stats_57955\" class=\"pvc_stats total_only  \" data-element-id=\"57955\" style=\"\"><i class=\"pvc-stats-icon large\" aria-hidden=\"true\"><svg aria-hidden=\"true\" focusable=\"false\" data-prefix=\"far\" data-icon=\"chart-bar\" role=\"img\" xmlns=\"http:\/\/www.w3.org\/2000\/svg\" viewBox=\"0 0 512 512\" class=\"svg-inline--fa fa-chart-bar fa-w-16 fa-2x\"><path fill=\"currentColor\" d=\"M396.8 352h22.4c6.4 0 12.8-6.4 12.8-12.8V108.8c0-6.4-6.4-12.8-12.8-12.8h-22.4c-6.4 0-12.8 6.4-12.8 12.8v230.4c0 6.4 6.4 12.8 12.8 12.8zm-192 0h22.4c6.4 0 12.8-6.4 12.8-12.8V140.8c0-6.4-6.4-12.8-12.8-12.8h-22.4c-6.4 0-12.8 6.4-12.8 12.8v198.4c0 6.4 6.4 12.8 12.8 12.8zm96 0h22.4c6.4 0 12.8-6.4 12.8-12.8V204.8c0-6.4-6.4-12.8-12.8-12.8h-22.4c-6.4 0-12.8 6.4-12.8 12.8v134.4c0 6.4 6.4 12.8 12.8 12.8zM496 400H48V80c0-8.84-7.16-16-16-16H16C7.16 64 0 71.16 0 80v336c0 17.67 14.33 32 32 32h464c8.84 0 16-7.16 16-16v-16c0-8.84-7.16-16-16-16zm-387.2-48h22.4c6.4 0 12.8-6.4 12.8-12.8v-70.4c0-6.4-6.4-12.8-12.8-12.8h-22.4c-6.4 0-12.8 6.4-12.8 12.8v70.4c0 6.4 6.4 12.8 12.8 12.8z\" class=\"\"><\/path><\/svg><\/i> <img loading=\"lazy\" decoding=\"async\" width=\"16\" height=\"16\" alt=\"Loading\" src=\"https:\/\/temucotelevision.cl\/web\/wp-content\/plugins\/page-views-count\/ajax-loader-2x.gif\" border=0 \/><\/p><div class=\"pvc_clear\"><\/div>\n<p><em>A 90 d\u00edas del evento solidario m\u00e1s importante de Chile, se present\u00f3 el primer spot televisivo, el nuevo himno de campa\u00f1a y al grupo de rostros televisivos que animar\u00e1n las 27 horas de transmisi\u00f3n desde el Teatro Telet\u00f3n y el Estadio Nacional.<\/em><\/p>\n\n\n\n<p>Con gran entusiasmo, este viernes Telet\u00f3n dio inicio oficial a su&nbsp;<strong>Campa\u00f1a 2025 \u201cTu coraz\u00f3n, es el coraz\u00f3n de la Telet\u00f3n\u201d<\/strong>, la n\u00famero 36 de su historia, que se vivir\u00e1 los pr\u00f3ximos&nbsp;<strong>28 y 29 de noviembre<\/strong>&nbsp;en todo el pa\u00eds.<\/p>\n\n\n\n<p>El evento se realiz\u00f3 en el&nbsp;<strong>Instituto Telet\u00f3n de Santiago<\/strong>, donde se present\u00f3 el&nbsp;<strong>primer spot&nbsp;<\/strong>de la campa\u00f1a, que invita a recordar que el coraz\u00f3n de la Telet\u00f3n late gracias a la solidaridad de millones de personas que, con cada aporte, hacen posible los sue\u00f1os de ni\u00f1os, ni\u00f1as y j\u00f3venes en rehabilitaci\u00f3n.<\/p>\n\n\n\n<p><strong>Mart\u00edn C\u00e1rcamo, Juli\u00e1n Elfenbein, Mar\u00eda Luisa Godoy, Francisco Saavedra, Tonka Tomicic, Juan Pablo Queralt\u00f3, Emilia Daiber, Millaray Viera, Eduardo Fuentes<\/strong>&nbsp;y&nbsp;<strong>Rodrigo Sep\u00falveda<\/strong>&nbsp;fueron algunos de los animadores y embajadores televisivos que estuvieron en este hito de inicio de campa\u00f1a. Ellos presentaron a&nbsp;<strong>Mario Kreutzberger<\/strong>, quien les agradeci\u00f3 el apoyo para continuar la obra que inici\u00f3 en 1978 y llam\u00f3 a hacer el m\u00e1ximo esfuerzo por colaborar y alcanzar juntos la meta de recaudaci\u00f3n que permitir\u00e1 el funcionamiento de los institutos y la continuidad a los tratamientos de rehabilitaci\u00f3n que se entregan sin costo a las m\u00e1s de 32 mil familias que se atienden en los 14 institutos a Telet\u00f3n, desde Arica a Ays\u00e9n.<\/p>\n\n\n\n<p>\u201cDurante 47 a\u00f1os la Telet\u00f3n ha sido un orgullo compartido. En este tiempo hemos acompa\u00f1ado a 132 mil familias, y hoy atendemos a m\u00e1s de 32 mil con el trabajo de 1.100 funcionarios y 1.800 voluntarios. Queremos seguir creciendo, ampliando la edad de atenci\u00f3n y llegando a m\u00e1s personas. Por eso, lo que hagan quienes nos escuchan y nos ven es fundamental: juntos podemos volver a cruzar la meta y vivir, una vez m\u00e1s, ese gran momento en que todo Chile late como un solo coraz\u00f3n\u201d, comparti\u00f3 Mario Kreutzberger.<\/p>\n\n\n\n<p><strong>Himno oficial y nuevos artistas<\/strong><\/p>\n\n\n\n<p>La jornada televisiva de cierre de campa\u00f1a estar\u00e1 bajo la direcci\u00f3n general de&nbsp;<strong>Juan Pablo Gonz\u00e1lez<\/strong>, y tendr\u00e1 su gran noche final en el<strong>&nbsp;Estadio Nacional<\/strong>, recinto al que el evento regresa luego de dos a\u00f1os.<\/p>\n\n\n\n<p>El nuevo&nbsp;<strong>himno oficial<\/strong>, titulado&nbsp;<em><strong>Tu coraz\u00f3n<\/strong><\/em>&nbsp;e interpretado por&nbsp;<strong>Myriam Hern\u00e1ndez<\/strong>, fue uno de los momentos m\u00e1s emocionantes de la jornada. La reconocida \u201cbaladista de Am\u00e9rica\u201d cautiv\u00f3 a los presentes con una interpretaci\u00f3n que se transformar\u00e1 en la banda sonora de la campa\u00f1a.<\/p>\n\n\n\n<p>\u201cPara m\u00ed, cantar este himno y cerrar el a\u00f1o con esta grabaci\u00f3n es muy significativo. Como lo dije tambi\u00e9n, junto a Don Francisco, es un privilegio ser parte de la Telet\u00f3n, apoyar y motivar a que este a\u00f1o \u2014aunque sea m\u00e1s dif\u00edcil por el contexto de elecciones\u2014 podamos sacar la campa\u00f1a adelante, pasar la meta y recordar que la Telet\u00f3n nos une de una manera tremenda. Ojal\u00e1 Chile no se divida y que tengamos esp\u00edritu Telet\u00f3n todos los d\u00edas\u201d, coment\u00f3 la cantante.<\/p>\n\n\n\n<p>Durante el evento se confirmaron los primeros artistas que estar\u00e1n presentes en el programa televisivo de 27 horas: desde Espa\u00f1a llegar\u00e1&nbsp;<strong>Pablo Albor\u00e1n<\/strong>, mientras que se presentar\u00e1n los artistas nacionales&nbsp;<strong>Francisca Valenzuela, Z\u00fambale Primo, Emilia Dides, Nico Ruiz, Brayon, Jere Klein, Katteyes<\/strong>&nbsp;y el humor de&nbsp;<strong>Stefan Kramer<\/strong>.<\/p>\n\n\n\n<p>A ellos se suman los ya confirmados&nbsp;<strong>Cristian Castro, Emmanuel, Manuel Mijares, Yuri, Lucero, Ana Torroja<\/strong>&nbsp;y la chilena&nbsp;<strong>Mar\u00eda Jos\u00e9 Quintanilla<\/strong>.<\/p>\n\n\n\n<p>\u201cLo que vimos hoy es solo una muestra de lo que ser\u00e1 el programa. Este a\u00f1o la convocatoria ser\u00e1 gigante, con un cierre hist\u00f3rico en el Estadio Nacional y artistas de gran nivel que se suman con coraz\u00f3n y solidaridad. La energ\u00eda que transmiten los canales, animadores y rostros durante todo el a\u00f1o demuestra que la Telet\u00f3n es un esfuerzo real y colectivo. La invitaci\u00f3n es a vivir un gran programa, con m\u00edstica, con alegr\u00eda, y alcanzar juntos una vez m\u00e1s la meta\u201d, explic\u00f3&nbsp;<strong>Juan Pablo Gonz\u00e1lez<\/strong>, director general del programa Telet\u00f3n.<\/p>\n\n\n\n<p>En la misma l\u00ednea,&nbsp;<strong>Pablo Vidal<\/strong>, presidente de Anatel, \u201dla Telet\u00f3n es el coraz\u00f3n de Chile, porque nos une m\u00e1s all\u00e1 de las diferencias: une a los chilenos y chilenas, une a los medios, une a la televisi\u00f3n que deja de competir para trabajar con un mismo prop\u00f3sito. Desde hace 47 a\u00f1os, ese compromiso sigue vivo y seguir\u00e1 adelante, porque lo que provoca la Telet\u00f3n es \u00fanico: la unidad de todo un pa\u00eds\u201d.<\/p>\n\n\n\n<p>En la actividad de inicio de campa\u00f1a tambi\u00e9n participaron los influencers&nbsp;<strong>Tati Fern\u00e1ndez, Carlos Meneses&nbsp;<\/strong>y&nbsp;<strong>Thammy Palma<\/strong>, reafirmando su compromiso de llevar el mensaje de Telet\u00f3n a nuevas audiencias digitales, y&nbsp;<strong>Alan Garc\u00eda Gaete<\/strong>, ni\u00f1o embajador de la Campa\u00f1a Telet\u00f3n 2025 quien protagoniz\u00f3 la obertura del evento junto al doctor Sebasti\u00e1n Ugarte.<\/p>\n\n\n\n<p>Con 12 a\u00f1os, Alan representa a los m\u00e1s de 32 mil ni\u00f1os, ni\u00f1as y j\u00f3venes que se rehabilitan en nuestra instituci\u00f3n. Paciente de Telet\u00f3n Santiago, convive con espina b\u00edfida y pie bot, y junto a su familia simboliza la perseverancia, inclusi\u00f3n y amor que inspiran esta campa\u00f1a.<\/p>\n\n\n\n<p>\u201cCon alegr\u00eda y optimismo comienza la cuenta regresiva de los 90 d\u00edas de campa\u00f1a. Son m\u00e1s de 32 mil familias las que reciben apoyo en todo Chile gracias a la solidaridad de nuestro pa\u00eds. Hoy, junto a rostros, artistas, organizaciones y todos los canales de televisi\u00f3n, damos inicio a un esfuerzo que une a todos. Porque juntos, una vez m\u00e1s, diremos s\u00ed a Chile\u201d, coment\u00f3&nbsp;<strong>Mar\u00eda Jos\u00e9 Zald\u00edvar<\/strong>, directora general de Fundaci\u00f3n Telet\u00f3n.<\/p>\n\n\n\n<p>Los animadores televisivos y embajadores de la Televisi\u00f3n que tendr\u00e1n la misi\u00f3n de visibilizar la campa\u00f1a son: en representaci\u00f3n de Canal 13 estar\u00e1n Mart\u00edn C\u00e1rcamo, Karla Constant, Francisco Saavedra y Priscilla Vargas. Por CHV estar\u00e1n Diana Bolocco, Emilia Daiber, Juli\u00e1n Elfenbein y Juan Pablo Queralt\u00f3. En tanto, Mega estar\u00e1 representado por Karen Doggenweiler, Jos\u00e9 Antonio Neme, Rodrigo Sep\u00falveda y Tonka Tomicic. TVN, por su parte, tendr\u00e1 como embajadores a Carmen Gloria Arroyo, Eduardo Fuentes, Daniel Fuenzalida y Mar\u00eda Luisa Godoy. Canal TV+ tendr\u00e1 a Eva G\u00f3mez, Ivette Vergara, Julia Vial y Jos\u00e9 Miguel Vi\u00f1uela. A ellos se sumar\u00e1n, como animadores representantes de Telet\u00f3n, Rafael Araneda, Ang\u00e9lica Castro, Millaray Viera y Luis Jara.<\/p>\n\n\n\n<p>De aqu\u00ed a noviembre, Telet\u00f3n desplegar\u00e1 tres etapas de comunicaci\u00f3n y actividades que invitar\u00e1n al pa\u00eds a ser parte de esta causa. El llamado es claro: unir los corazones de millones de chilenos para alcanzar la meta y superar este&nbsp;<strong>28 y 29 de noviembre<\/strong>&nbsp;los<strong>&nbsp;$40.502.617.946&nbsp;<\/strong>recaudados en 2024.<\/p>\n","protected":false},"excerpt":{"rendered":"<div class=\"pvc_clear\"><\/div>\n<p id=\"pvc_stats_57955\" class=\"pvc_stats total_only  \" data-element-id=\"57955\" style=\"\"><i class=\"pvc-stats-icon large\" aria-hidden=\"true\"><svg aria-hidden=\"true\" focusable=\"false\" data-prefix=\"far\" data-icon=\"chart-bar\" role=\"img\" xmlns=\"http:\/\/www.w3.org\/2000\/svg\" viewBox=\"0 0 512 512\" class=\"svg-inline--fa fa-chart-bar fa-w-16 fa-2x\"><path fill=\"currentColor\" d=\"M396.8 352h22.4c6.4 0 12.8-6.4 12.8-12.8V108.8c0-6.4-6.4-12.8-12.8-12.8h-22.4c-6.4 0-12.8 6.4-12.8 12.8v230.4c0 6.4 6.4 12.8 12.8 12.8zm-192 0h22.4c6.4 0 12.8-6.4 12.8-12.8V140.8c0-6.4-6.4-12.8-12.8-12.8h-22.4c-6.4 0-12.8 6.4-12.8 12.8v198.4c0 6.4 6.4 12.8 12.8 12.8zm96 0h22.4c6.4 0 12.8-6.4 12.8-12.8V204.8c0-6.4-6.4-12.8-12.8-12.8h-22.4c-6.4 0-12.8 6.4-12.8 12.8v134.4c0 6.4 6.4 12.8 12.8 12.8zM496 400H48V80c0-8.84-7.16-16-16-16H16C7.16 64 0 71.16 0 80v336c0 17.67 14.33 32 32 32h464c8.84 0 16-7.16 16-16v-16c0-8.84-7.16-16-16-16zm-387.2-48h22.4c6.4 0 12.8-6.4 12.8-12.8v-70.4c0-6.4-6.4-12.8-12.8-12.8h-22.4c-6.4 0-12.8 6.4-12.8 12.8v70.4c0 6.4 6.4 12.8 12.8 12.8z\" class=\"\"><\/path><\/svg><\/i> <img loading=\"lazy\" decoding=\"async\" width=\"16\" height=\"16\" alt=\"Loading\" src=\"https:\/\/temucotelevision.cl\/web\/wp-content\/plugins\/page-views-count\/ajax-loader-2x.gif\" border=0 \/><\/p>\n<div class=\"pvc_clear\"><\/div>\n<p>A 90 d\u00edas del evento solidario m\u00e1s importante de Chile, se present\u00f3 el primer spot televisivo, el nuevo himno de<\/p>\n","protected":false},"author":1,"featured_media":57956,"comment_status":"open","ping_status":"open","sticky":false,"template":"","format":"standard","meta":{"colormag_page_container_layout":"default_layout","colormag_page_sidebar_layout":"default_layout","footnotes":""},"categories":[18,14],"tags":[1989],"class_list":["post-57955","post","type-post","status-publish","format-standard","has-post-thumbnail","hentry","category-nacional","category-temuco","tag-teleton"],"a3_pvc":{"activated":true,"total_views":3199,"today_views":0},"_links":{"self":[{"href":"https:\/\/temucotelevision.cl\/web\/wp-json\/wp\/v2\/posts\/57955","targetHints":{"allow":["GET"]}}],"collection":[{"href":"https:\/\/temucotelevision.cl\/web\/wp-json\/wp\/v2\/posts"}],"about":[{"href":"https:\/\/temucotelevision.cl\/web\/wp-json\/wp\/v2\/types\/post"}],"author":[{"embeddable":true,"href":"https:\/\/temucotelevision.cl\/web\/wp-json\/wp\/v2\/users\/1"}],"replies":[{"embeddable":true,"href":"https:\/\/temucotelevision.cl\/web\/wp-json\/wp\/v2\/comments?post=57955"}],"version-history":[{"count":1,"href":"https:\/\/temucotelevision.cl\/web\/wp-json\/wp\/v2\/posts\/57955\/revisions"}],"predecessor-version":[{"id":57957,"href":"https:\/\/temucotelevision.cl\/web\/wp-json\/wp\/v2\/posts\/57955\/revisions\/57957"}],"wp:featuredmedia":[{"embeddable":true,"href":"https:\/\/temucotelevision.cl\/web\/wp-json\/wp\/v2\/media\/57956"}],"wp:attachment":[{"href":"https:\/\/temucotelevision.cl\/web\/wp-json\/wp\/v2\/media?parent=57955"}],"wp:term":[{"taxonomy":"category","embeddable":true,"href":"https:\/\/temucotelevision.cl\/web\/wp-json\/wp\/v2\/categories?post=57955"},{"taxonomy":"post_tag","embeddable":true,"href":"https:\/\/temucotelevision.cl\/web\/wp-json\/wp\/v2\/tags?post=57955"}],"curies":[{"name":"wp","href":"https:\/\/api.w.org\/{rel}","templated":true}]}}