{"id":57952,"date":"2025-08-29T22:24:24","date_gmt":"2025-08-30T01:24:24","guid":{"rendered":"https:\/\/temucotelevision.cl\/web\/?p=57952"},"modified":"2025-08-29T22:24:25","modified_gmt":"2025-08-30T01:24:25","slug":"henry-leal-inaugura-su-sede-de-campana-con-respaldo-de-chile-vamos-en-temuco","status":"publish","type":"post","link":"https:\/\/temucotelevision.cl\/web\/2025\/08\/29\/henry-leal-inaugura-su-sede-de-campana-con-respaldo-de-chile-vamos-en-temuco\/","title":{"rendered":"Henry Leal inaugura su sede de campa\u00f1a con respaldo de Chile Vamos en Temuco"},"content":{"rendered":"<div class=\"pvc_clear\"><\/div><p id=\"pvc_stats_57952\" class=\"pvc_stats total_only  \" data-element-id=\"57952\" style=\"\"><i class=\"pvc-stats-icon large\" aria-hidden=\"true\"><svg aria-hidden=\"true\" focusable=\"false\" data-prefix=\"far\" data-icon=\"chart-bar\" role=\"img\" xmlns=\"http:\/\/www.w3.org\/2000\/svg\" viewBox=\"0 0 512 512\" class=\"svg-inline--fa fa-chart-bar fa-w-16 fa-2x\"><path fill=\"currentColor\" d=\"M396.8 352h22.4c6.4 0 12.8-6.4 12.8-12.8V108.8c0-6.4-6.4-12.8-12.8-12.8h-22.4c-6.4 0-12.8 6.4-12.8 12.8v230.4c0 6.4 6.4 12.8 12.8 12.8zm-192 0h22.4c6.4 0 12.8-6.4 12.8-12.8V140.8c0-6.4-6.4-12.8-12.8-12.8h-22.4c-6.4 0-12.8 6.4-12.8 12.8v198.4c0 6.4 6.4 12.8 12.8 12.8zm96 0h22.4c6.4 0 12.8-6.4 12.8-12.8V204.8c0-6.4-6.4-12.8-12.8-12.8h-22.4c-6.4 0-12.8 6.4-12.8 12.8v134.4c0 6.4 6.4 12.8 12.8 12.8zM496 400H48V80c0-8.84-7.16-16-16-16H16C7.16 64 0 71.16 0 80v336c0 17.67 14.33 32 32 32h464c8.84 0 16-7.16 16-16v-16c0-8.84-7.16-16-16-16zm-387.2-48h22.4c6.4 0 12.8-6.4 12.8-12.8v-70.4c0-6.4-6.4-12.8-12.8-12.8h-22.4c-6.4 0-12.8 6.4-12.8 12.8v70.4c0 6.4 6.4 12.8 12.8 12.8z\" class=\"\"><\/path><\/svg><\/i> <img loading=\"lazy\" decoding=\"async\" width=\"16\" height=\"16\" alt=\"Loading\" src=\"https:\/\/temucotelevision.cl\/web\/wp-content\/plugins\/page-views-count\/ajax-loader-2x.gif\" border=0 \/><\/p><div class=\"pvc_clear\"><\/div>\n<p><em>El actual diputado y candidato a senador por La Araucan\u00eda asegur\u00f3 que, \u201cesta nueva sede ser\u00e1 la casa de todos, un espacio desde el cual se trabajar\u00e1 de manera unida por el desarrollo de la regi\u00f3n\u201d<\/em><\/p>\n\n\n\n<p>Con la presencia de los candidatos al Parlamento de Chile Vamos, Claudia Salas (Evopoli), Germ\u00e1n Vergara (UDI), Genoveva Sep\u00falveda (UDI), Eduardo Cretton (UDI) y V\u00edctor Manoli; junto consejeros regionales, alcaldes y concejales, se inaugur\u00f3 oficialmente la nueva sede del candidato a senador Henry Leal, ubicada en pleno centro de Temuco, en calle Claro Solar.&nbsp;<\/p>\n\n\n\n<p>Este espacio, seg\u00fan manifest\u00f3 el actual diputado y candidato a la C\u00e1mara Alta, ser\u00e1 el punto de encuentro del pacto durante el proceso eleccionario presidencial y parlamentario del mes de noviembre, desde el cual se trabajar\u00e1 de forma mancomunada por el desarrollo de La Araucan\u00eda.&nbsp;<\/p>\n\n\n\n<p>Al respecto, Henry Leal destac\u00f3 que, \u201chemos inaugurado una nuestra casa, que va a ser la casa de todos los candidatos de Chile Vamos que quieran participar de ella\u201d.<\/p>\n\n\n\n<p>Adem\u00e1s, el actual diputado se\u00f1al\u00f3 que, \u201ciniciamos este camino junto a nuestros candidatos a diputados, Eduardo Cretton, V\u00edctor Manoli, Genoveva Sep\u00falveda, Germ\u00e1n Vergara y Claudia Salas, y va a estar abierta para todos los que quieran unirse al equipo, el equipo del cambio, el equipo de la renovaci\u00f3n, el equipo que quiere llegar al Senado para estar presente en los territorios, para estar acompa\u00f1ando a sus ciudadanos y sobre todo el equipo regionalista de verdad, nacidos y criados en la Araucan\u00eda, lugar donde aspiramos representar a nuestros vecinos\u201d<\/p>\n\n\n\n<p>La actividad tambi\u00e9n cont\u00f3 con la participaci\u00f3n de dirigentes sociales y representantes de la comunidad, quienes se sumaron a este hito pol\u00edtico que permiti\u00f3 reafirmar el compromiso del conglomerado de trabajar de manera unida por el desarrollo de La Araucan\u00eda.<\/p>\n\n\n\n<p>Con esta inauguraci\u00f3n, el candidato a senador, Henry Leal y los representantes de Chile Vamos consolidan su trabajo conjunto de cara a las elecciones 2025, proyectando un mensaje de unidad y compromiso con el futuro de la regi\u00f3n.<\/p>\n","protected":false},"excerpt":{"rendered":"<div class=\"pvc_clear\"><\/div>\n<p id=\"pvc_stats_57952\" class=\"pvc_stats total_only  \" data-element-id=\"57952\" style=\"\"><i class=\"pvc-stats-icon large\" aria-hidden=\"true\"><svg aria-hidden=\"true\" focusable=\"false\" data-prefix=\"far\" data-icon=\"chart-bar\" role=\"img\" xmlns=\"http:\/\/www.w3.org\/2000\/svg\" viewBox=\"0 0 512 512\" class=\"svg-inline--fa fa-chart-bar fa-w-16 fa-2x\"><path fill=\"currentColor\" d=\"M396.8 352h22.4c6.4 0 12.8-6.4 12.8-12.8V108.8c0-6.4-6.4-12.8-12.8-12.8h-22.4c-6.4 0-12.8 6.4-12.8 12.8v230.4c0 6.4 6.4 12.8 12.8 12.8zm-192 0h22.4c6.4 0 12.8-6.4 12.8-12.8V140.8c0-6.4-6.4-12.8-12.8-12.8h-22.4c-6.4 0-12.8 6.4-12.8 12.8v198.4c0 6.4 6.4 12.8 12.8 12.8zm96 0h22.4c6.4 0 12.8-6.4 12.8-12.8V204.8c0-6.4-6.4-12.8-12.8-12.8h-22.4c-6.4 0-12.8 6.4-12.8 12.8v134.4c0 6.4 6.4 12.8 12.8 12.8zM496 400H48V80c0-8.84-7.16-16-16-16H16C7.16 64 0 71.16 0 80v336c0 17.67 14.33 32 32 32h464c8.84 0 16-7.16 16-16v-16c0-8.84-7.16-16-16-16zm-387.2-48h22.4c6.4 0 12.8-6.4 12.8-12.8v-70.4c0-6.4-6.4-12.8-12.8-12.8h-22.4c-6.4 0-12.8 6.4-12.8 12.8v70.4c0 6.4 6.4 12.8 12.8 12.8z\" class=\"\"><\/path><\/svg><\/i> <img loading=\"lazy\" decoding=\"async\" width=\"16\" height=\"16\" alt=\"Loading\" src=\"https:\/\/temucotelevision.cl\/web\/wp-content\/plugins\/page-views-count\/ajax-loader-2x.gif\" border=0 \/><\/p>\n<div class=\"pvc_clear\"><\/div>\n<p>El actual diputado y candidato a senador por La Araucan\u00eda asegur\u00f3 que, \u201cesta nueva sede ser\u00e1 la casa de todos,<\/p>\n","protected":false},"author":1,"featured_media":57953,"comment_status":"open","ping_status":"open","sticky":false,"template":"","format":"standard","meta":{"colormag_page_container_layout":"default_layout","colormag_page_sidebar_layout":"default_layout","footnotes":""},"categories":[84],"tags":[154],"class_list":["post-57952","post","type-post","status-publish","format-standard","has-post-thumbnail","hentry","category-politica","tag-diputado"],"a3_pvc":{"activated":true,"total_views":1746,"today_views":0},"_links":{"self":[{"href":"https:\/\/temucotelevision.cl\/web\/wp-json\/wp\/v2\/posts\/57952","targetHints":{"allow":["GET"]}}],"collection":[{"href":"https:\/\/temucotelevision.cl\/web\/wp-json\/wp\/v2\/posts"}],"about":[{"href":"https:\/\/temucotelevision.cl\/web\/wp-json\/wp\/v2\/types\/post"}],"author":[{"embeddable":true,"href":"https:\/\/temucotelevision.cl\/web\/wp-json\/wp\/v2\/users\/1"}],"replies":[{"embeddable":true,"href":"https:\/\/temucotelevision.cl\/web\/wp-json\/wp\/v2\/comments?post=57952"}],"version-history":[{"count":1,"href":"https:\/\/temucotelevision.cl\/web\/wp-json\/wp\/v2\/posts\/57952\/revisions"}],"predecessor-version":[{"id":57954,"href":"https:\/\/temucotelevision.cl\/web\/wp-json\/wp\/v2\/posts\/57952\/revisions\/57954"}],"wp:featuredmedia":[{"embeddable":true,"href":"https:\/\/temucotelevision.cl\/web\/wp-json\/wp\/v2\/media\/57953"}],"wp:attachment":[{"href":"https:\/\/temucotelevision.cl\/web\/wp-json\/wp\/v2\/media?parent=57952"}],"wp:term":[{"taxonomy":"category","embeddable":true,"href":"https:\/\/temucotelevision.cl\/web\/wp-json\/wp\/v2\/categories?post=57952"},{"taxonomy":"post_tag","embeddable":true,"href":"https:\/\/temucotelevision.cl\/web\/wp-json\/wp\/v2\/tags?post=57952"}],"curies":[{"name":"wp","href":"https:\/\/api.w.org\/{rel}","templated":true}]}}