{"id":57949,"date":"2025-08-29T21:31:22","date_gmt":"2025-08-30T00:31:22","guid":{"rendered":"https:\/\/temucotelevision.cl\/web\/?p=57949"},"modified":"2025-08-29T21:31:23","modified_gmt":"2025-08-30T00:31:23","slug":"diputado-beltran-llama-a-ciudadanos-a-ceder-el-paso-a-los-vehiculos-de-emergencia","status":"publish","type":"post","link":"https:\/\/temucotelevision.cl\/web\/2025\/08\/29\/diputado-beltran-llama-a-ciudadanos-a-ceder-el-paso-a-los-vehiculos-de-emergencia\/","title":{"rendered":"Diputado Beltr\u00e1n llama a ciudadanos a ceder el paso a los veh\u00edculos de emergencia"},"content":{"rendered":"<div class=\"pvc_clear\"><\/div><p id=\"pvc_stats_57949\" class=\"pvc_stats total_only  \" data-element-id=\"57949\" style=\"\"><i class=\"pvc-stats-icon large\" aria-hidden=\"true\"><svg aria-hidden=\"true\" focusable=\"false\" data-prefix=\"far\" data-icon=\"chart-bar\" role=\"img\" xmlns=\"http:\/\/www.w3.org\/2000\/svg\" viewBox=\"0 0 512 512\" class=\"svg-inline--fa fa-chart-bar fa-w-16 fa-2x\"><path fill=\"currentColor\" d=\"M396.8 352h22.4c6.4 0 12.8-6.4 12.8-12.8V108.8c0-6.4-6.4-12.8-12.8-12.8h-22.4c-6.4 0-12.8 6.4-12.8 12.8v230.4c0 6.4 6.4 12.8 12.8 12.8zm-192 0h22.4c6.4 0 12.8-6.4 12.8-12.8V140.8c0-6.4-6.4-12.8-12.8-12.8h-22.4c-6.4 0-12.8 6.4-12.8 12.8v198.4c0 6.4 6.4 12.8 12.8 12.8zm96 0h22.4c6.4 0 12.8-6.4 12.8-12.8V204.8c0-6.4-6.4-12.8-12.8-12.8h-22.4c-6.4 0-12.8 6.4-12.8 12.8v134.4c0 6.4 6.4 12.8 12.8 12.8zM496 400H48V80c0-8.84-7.16-16-16-16H16C7.16 64 0 71.16 0 80v336c0 17.67 14.33 32 32 32h464c8.84 0 16-7.16 16-16v-16c0-8.84-7.16-16-16-16zm-387.2-48h22.4c6.4 0 12.8-6.4 12.8-12.8v-70.4c0-6.4-6.4-12.8-12.8-12.8h-22.4c-6.4 0-12.8 6.4-12.8 12.8v70.4c0 6.4 6.4 12.8 12.8 12.8z\" class=\"\"><\/path><\/svg><\/i> <img loading=\"lazy\" decoding=\"async\" width=\"16\" height=\"16\" alt=\"Loading\" src=\"https:\/\/temucotelevision.cl\/web\/wp-content\/plugins\/page-views-count\/ajax-loader-2x.gif\" border=0 \/><\/p><div class=\"pvc_clear\"><\/div>\n<p>El Parlamentario Mallequino, quien recogi\u00f3 la inquietud de quienes van al volante de estos transportes de que no reciben toda la colaboraci\u00f3n que deber\u00edan de parte de los conductores, record\u00f3 que esto es una obligaci\u00f3n legal y una responsabilidad humana.<\/p>\n\n\n\n<p>Un llamado a los ciudadanos para que le cedan el paso a los veh\u00edculos de emergencia est\u00e1 haciendo el diputado por el Distrito 22, Juan Carlos Beltr\u00e1n Silva, quien est\u00e1 muy preocupado por las denuncias sobre el particular que ha recibido de parte de los conductores de ambulancias.<\/p>\n\n\n\n<p>\u201cEstamos haciendo \u2014afirm\u00f3\u2014 un llamado a la conciencia de toda la ciudadan\u00eda particularmente para que asumamos la responsabilidad de ceder el paso a los veh\u00edculos de emergencia. He conversado con algunos conductores de ambulancias que me dicen que, lamentablemente, cada vez menos la gente respeta la ambulancia\u201d.<\/p>\n\n\n\n<p>En ese sentido record\u00f3 que cuando estos veh\u00edculos encienden las luces y alarmas de emergencia es porque est\u00e1n trasladando a una persona enferma o accidentada de gravedad y que en esa situaci\u00f3n, cada segundo cuenta para llevarlas a los servicios de urgencia para recibir la atenci\u00f3n m\u00e9dica que les salvar\u00e1 la vida.<\/p>\n\n\n\n<p>El diputado Beltr\u00e1n subray\u00f3 que la Ley 18.290 establece que los conductores deben mover su auto hacia el lado desocupado de la calzada, lo m\u00e1s cerca posible de la solera o del eje y que, de ser necesario, deben detenerse hasta que la ambulancia pase. Tambi\u00e9n que cuando se est\u00e1 en un cruce o intersecci\u00f3n, si se aproxima un veh\u00edculo de emergencia, deben detenerse y respetar su preferencia.&nbsp;<\/p>\n\n\n\n<p>Asimismo recalc\u00f3 que \u201cdebemos recordar que en estas situaciones, no se trata de quien pasa primero, sino que se trata de la vida de seres humanos, de otras personas que tienen familias que los necesitan, por lo que todos debemos hacer todo lo posible porque esa persona que va enferma o accidentada pueda sobrevivir\u201d.<\/p>\n\n\n\n<p>Finalmente Juan Carlos Beltr\u00e1n agradeci\u00f3 la esforzada y dedicada labor de los conductores de ambulancias, quienes dan el todo por el todo para intentar salvar la vida de cada paciente que trasladan y agreg\u00f3 que esto es una raz\u00f3n m\u00e1s para tomar conciencia y colaborar cediendo el paso a los veh\u00edculos de emergencia.<\/p>\n","protected":false},"excerpt":{"rendered":"<div class=\"pvc_clear\"><\/div>\n<p id=\"pvc_stats_57949\" class=\"pvc_stats total_only  \" data-element-id=\"57949\" style=\"\"><i class=\"pvc-stats-icon large\" aria-hidden=\"true\"><svg aria-hidden=\"true\" focusable=\"false\" data-prefix=\"far\" data-icon=\"chart-bar\" role=\"img\" xmlns=\"http:\/\/www.w3.org\/2000\/svg\" viewBox=\"0 0 512 512\" class=\"svg-inline--fa fa-chart-bar fa-w-16 fa-2x\"><path fill=\"currentColor\" d=\"M396.8 352h22.4c6.4 0 12.8-6.4 12.8-12.8V108.8c0-6.4-6.4-12.8-12.8-12.8h-22.4c-6.4 0-12.8 6.4-12.8 12.8v230.4c0 6.4 6.4 12.8 12.8 12.8zm-192 0h22.4c6.4 0 12.8-6.4 12.8-12.8V140.8c0-6.4-6.4-12.8-12.8-12.8h-22.4c-6.4 0-12.8 6.4-12.8 12.8v198.4c0 6.4 6.4 12.8 12.8 12.8zm96 0h22.4c6.4 0 12.8-6.4 12.8-12.8V204.8c0-6.4-6.4-12.8-12.8-12.8h-22.4c-6.4 0-12.8 6.4-12.8 12.8v134.4c0 6.4 6.4 12.8 12.8 12.8zM496 400H48V80c0-8.84-7.16-16-16-16H16C7.16 64 0 71.16 0 80v336c0 17.67 14.33 32 32 32h464c8.84 0 16-7.16 16-16v-16c0-8.84-7.16-16-16-16zm-387.2-48h22.4c6.4 0 12.8-6.4 12.8-12.8v-70.4c0-6.4-6.4-12.8-12.8-12.8h-22.4c-6.4 0-12.8 6.4-12.8 12.8v70.4c0 6.4 6.4 12.8 12.8 12.8z\" class=\"\"><\/path><\/svg><\/i> <img loading=\"lazy\" decoding=\"async\" width=\"16\" height=\"16\" alt=\"Loading\" src=\"https:\/\/temucotelevision.cl\/web\/wp-content\/plugins\/page-views-count\/ajax-loader-2x.gif\" border=0 \/><\/p>\n<div class=\"pvc_clear\"><\/div>\n<p>El Parlamentario Mallequino, quien recogi\u00f3 la inquietud de quienes van al volante de estos transportes de que no reciben toda<\/p>\n","protected":false},"author":1,"featured_media":57950,"comment_status":"open","ping_status":"open","sticky":false,"template":"","format":"standard","meta":{"colormag_page_container_layout":"default_layout","colormag_page_sidebar_layout":"default_layout","footnotes":""},"categories":[84],"tags":[154],"class_list":["post-57949","post","type-post","status-publish","format-standard","has-post-thumbnail","hentry","category-politica","tag-diputado"],"a3_pvc":{"activated":true,"total_views":1592,"today_views":0},"_links":{"self":[{"href":"https:\/\/temucotelevision.cl\/web\/wp-json\/wp\/v2\/posts\/57949","targetHints":{"allow":["GET"]}}],"collection":[{"href":"https:\/\/temucotelevision.cl\/web\/wp-json\/wp\/v2\/posts"}],"about":[{"href":"https:\/\/temucotelevision.cl\/web\/wp-json\/wp\/v2\/types\/post"}],"author":[{"embeddable":true,"href":"https:\/\/temucotelevision.cl\/web\/wp-json\/wp\/v2\/users\/1"}],"replies":[{"embeddable":true,"href":"https:\/\/temucotelevision.cl\/web\/wp-json\/wp\/v2\/comments?post=57949"}],"version-history":[{"count":1,"href":"https:\/\/temucotelevision.cl\/web\/wp-json\/wp\/v2\/posts\/57949\/revisions"}],"predecessor-version":[{"id":57951,"href":"https:\/\/temucotelevision.cl\/web\/wp-json\/wp\/v2\/posts\/57949\/revisions\/57951"}],"wp:featuredmedia":[{"embeddable":true,"href":"https:\/\/temucotelevision.cl\/web\/wp-json\/wp\/v2\/media\/57950"}],"wp:attachment":[{"href":"https:\/\/temucotelevision.cl\/web\/wp-json\/wp\/v2\/media?parent=57949"}],"wp:term":[{"taxonomy":"category","embeddable":true,"href":"https:\/\/temucotelevision.cl\/web\/wp-json\/wp\/v2\/categories?post=57949"},{"taxonomy":"post_tag","embeddable":true,"href":"https:\/\/temucotelevision.cl\/web\/wp-json\/wp\/v2\/tags?post=57949"}],"curies":[{"name":"wp","href":"https:\/\/api.w.org\/{rel}","templated":true}]}}