{"id":57946,"date":"2025-08-29T17:53:36","date_gmt":"2025-08-29T20:53:36","guid":{"rendered":"https:\/\/temucotelevision.cl\/web\/?p=57946"},"modified":"2025-08-29T21:32:37","modified_gmt":"2025-08-30T00:32:37","slug":"festival-internacional-loft-abre-convocatoria-de-residencia-frames","status":"publish","type":"post","link":"https:\/\/temucotelevision.cl\/web\/2025\/08\/29\/festival-internacional-loft-abre-convocatoria-de-residencia-frames\/","title":{"rendered":"Festival Internacional Loft abre convocatoria de residencia \u201cFrames\u201d"},"content":{"rendered":"<div class=\"pvc_clear\"><\/div><p id=\"pvc_stats_57946\" class=\"pvc_stats total_only  \" data-element-id=\"57946\" style=\"\"><i class=\"pvc-stats-icon large\" aria-hidden=\"true\"><svg aria-hidden=\"true\" focusable=\"false\" data-prefix=\"far\" data-icon=\"chart-bar\" role=\"img\" xmlns=\"http:\/\/www.w3.org\/2000\/svg\" viewBox=\"0 0 512 512\" class=\"svg-inline--fa fa-chart-bar fa-w-16 fa-2x\"><path fill=\"currentColor\" d=\"M396.8 352h22.4c6.4 0 12.8-6.4 12.8-12.8V108.8c0-6.4-6.4-12.8-12.8-12.8h-22.4c-6.4 0-12.8 6.4-12.8 12.8v230.4c0 6.4 6.4 12.8 12.8 12.8zm-192 0h22.4c6.4 0 12.8-6.4 12.8-12.8V140.8c0-6.4-6.4-12.8-12.8-12.8h-22.4c-6.4 0-12.8 6.4-12.8 12.8v198.4c0 6.4 6.4 12.8 12.8 12.8zm96 0h22.4c6.4 0 12.8-6.4 12.8-12.8V204.8c0-6.4-6.4-12.8-12.8-12.8h-22.4c-6.4 0-12.8 6.4-12.8 12.8v134.4c0 6.4 6.4 12.8 12.8 12.8zM496 400H48V80c0-8.84-7.16-16-16-16H16C7.16 64 0 71.16 0 80v336c0 17.67 14.33 32 32 32h464c8.84 0 16-7.16 16-16v-16c0-8.84-7.16-16-16-16zm-387.2-48h22.4c6.4 0 12.8-6.4 12.8-12.8v-70.4c0-6.4-6.4-12.8-12.8-12.8h-22.4c-6.4 0-12.8 6.4-12.8 12.8v70.4c0 6.4 6.4 12.8 12.8 12.8z\" class=\"\"><\/path><\/svg><\/i> <img loading=\"lazy\" decoding=\"async\" width=\"16\" height=\"16\" alt=\"Loading\" src=\"https:\/\/temucotelevision.cl\/web\/wp-content\/plugins\/page-views-count\/ajax-loader-2x.gif\" border=0 \/><\/p><div class=\"pvc_clear\"><\/div>\n<p><strong>Tras realizar hace unas semanas atr\u00e1s el proceso de convocatoria nacional y regional, el Festival Internacional Loft \u201cRemover el Sitio\u201d ahora abre el llamado para ser parte de esta iniciativa encabezada por el destacado core\u00f3grafo nacional Rodrigo Chaverini. Espacio de creaci\u00f3n que se desarrollar\u00e1 dentro del contexto de este evento de danza contempor\u00e1nea, y cuyo resultado se exhibir\u00e1 posteriormente en el espacio p\u00fablico. Bases y convocatoria estar\u00e1n abiertas hasta el 9 de septiembre en las redes sociales del Centro Cultural Esc\u00e9nica en Movimiento.<\/strong><\/p>\n\n\n\n<p>Poco a poco el&nbsp;<strong>Festival Internacional Loft \u201cRemover el Sitio\u201d<\/strong>&nbsp;adelanta parte de lo que tendr\u00e1 su edici\u00f3n 2025, la n\u00famero dieciocho de su trayectoria. As\u00ed, luego de liberar hace unas semanas atr\u00e1s su convocatoria nacional y regional, anuncia la apertura de la residencia \u201cFrames\u201d, a cargo del reconocido core\u00f3grafo&nbsp;<strong>Rodrigo Chaverini.<\/strong><\/p>\n\n\n\n<p>Convocatoria que busca explorar esta propuesta creativa esc\u00e9nica, con un elenco de&nbsp;<strong>Concepci\u00f3n<\/strong>, para&nbsp; luego realizar dos intervenciones del trabajo resultante en diferentes espacios p\u00fablicos de la ciudad. Este proceso de residencia se desarrollar\u00e1 entre el 28 de octubre y el 01 de noviembre del presente, junto al connotado artista nacional.<\/p>\n\n\n\n<p><strong>\u201cRodrigo Chaverini es un artista nacional con una importante trayectoria y con gran participaci\u00f3n internacional, que durante este \u00faltimo tiempo ha visitado en varias ocasiones nuestra Regi\u00f3n. Por una parte, desde el \u00e1rea formativa, donde ha compartido de manera muy generosa junto al equipo del Centro Cultural ConTensi\u00f3n, sus saberes con personas interesadas en pr\u00e1cticas de movimiento, y tambi\u00e9n, como int\u00e9rprete de obras que nos han removido durante este a\u00f1o. Ahora, dentro del contexto de nuestro festival, lo conoceremos desde su extensa y destacada faceta de core\u00f3grafo\u201d<\/strong>, dijo Andrea Garrido, coordinadora general de Loft.<\/p>\n\n\n\n<p>Podr\u00e1n postular a este interesante llamado int\u00e9rpretes en danza o pr\u00e1cticas del movimiento, que cuenten con m\u00e1s de tres a\u00f1os de experiencia y que residan en el Biob\u00edo. Se requiere disponibilidad completa para ser parte de las actividades que comprende esta invitaci\u00f3n, es decir, jornadas de residencia y funciones en el marco del&nbsp;<strong>Festival Loft.<\/strong>&nbsp;<\/p>\n\n\n\n<p>En total, se seleccionar\u00e1n&nbsp;<strong>8 int\u00e9rpretes entre quienes postulen<\/strong>, priorizando aquellas personas que evidencien y comprueben experiencia en procesos creativos, exploraci\u00f3n y exhibici\u00f3n de obras en espacios p\u00fablicos o no convencionales. Como requisito obligatorio de postulaci\u00f3n, se debe adjuntar un&nbsp;<strong>video de danza -minuto de duraci\u00f3n<\/strong>\u2013 donde compartan algo de sus conocimientos en las artes esc\u00e9nicas del movimiento, adem\u00e1s de una foto de perfil que ayude a identificar al la o el postulante durante el periodo de selecci\u00f3n virtual.<\/p>\n\n\n\n<p>Destacar que una de las caracter\u00edsticas especiales de este llamado, es su calidad de ser remunerado, es decir,&nbsp; se ofrecer\u00e1 una retribuci\u00f3n determinada por int\u00e9rprete seleccionada o seleccionado para ser parte de la&nbsp;<strong>residencia Frames<\/strong>&nbsp;y sus dos muestras programadas.&nbsp;<strong>\u201cEsta residencia es una nueva oportunidad para int\u00e9rpretes locales, que quieran conocer y explorar el universo creativo de este artista y ser parte de Frames, que trae consigo dos nuevas experiencias para nuestro festival; primero, la posibilidad de contar contar con Rodrigo en Loft, pero adem\u00e1s, un hito para nosotros, que es poder ofrecer una retribuci\u00f3n econ\u00f3mica a colegas locales por ser parte de una residencia creativa, sin duda, algo que nos encantar\u00eda instalar como una pr\u00e1ctica constante y sostenida, pero que es posible este a\u00f1o, s\u00f3lo gracias a la confianza, colaboraci\u00f3n y financiamiento de la institucionalidad en nuestro proyecto\u201d<\/strong>, a\u00f1ade Garrido.<\/p>\n\n\n\n<p>El proceso de postulaci\u00f3n, as\u00ed como las respectivas bases del llamado, se encuentran disponibles hasta el 9 de septiembre a trav\u00e9s de las redes sociales del&nbsp;<strong>Centro Cultural Esc\u00e9nica<\/strong>&nbsp;en Movimiento, entidad cultural penquista que est\u00e1 detr\u00e1s de la organizaci\u00f3n del&nbsp;<strong>Festival Loft,<\/strong>&nbsp;y que forma parte del&nbsp;<strong>Programa de Apoyo a Organizaciones Culturales Colaboradoras (PAOCC) 2025.&nbsp;<\/strong><\/p>\n\n\n\n<p><strong>Sobre Frames<\/strong><\/p>\n\n\n\n<p>Esta intervenci\u00f3n, que juega con las acciones de edici\u00f3n a trav\u00e9s de la performance, toma su nombre en raz\u00f3n de la captura de un cuadro de una videograbaci\u00f3n. El movimiento, que podr\u00eda ser infinito, experimenta con la individualidad y multiplicidad de las y los bailarines a trav\u00e9s del tiempo y el espacio, siendo la arquitectura y el contexto urbano invadidos por el despliegue de una danza fugaz y persistente.<\/p>\n\n\n\n<p>As\u00ed&nbsp;<strong>\u201cFrames\u201d<\/strong>&nbsp;naci\u00f3 como una intervenci\u00f3n de espacio p\u00fablico para la inauguraci\u00f3n del<strong>&nbsp;5\u00b0 Festival Internacional Vertientes<\/strong>&nbsp;realizado en octubre del 2013 en el&nbsp;<strong>Centro Cultural Gabriela Mistral (GAM).<\/strong>&nbsp;Para entonces cont\u00f3 con la interpretaci\u00f3n de ocho bailarines, quienes realizaron la performance en la plaza central de dicho espacio art\u00edstico capitalino. Tras la invitaci\u00f3n de la feria internacional de artes esc\u00e9nicas&nbsp;<strong>FiraT\u00e0rrega del 2016 (L\u00e9rida, Espa\u00f1a)<\/strong>&nbsp;la pieza se desarroll\u00f3 para 5 int\u00e9rpretes, versi\u00f3n que tambi\u00e9n fue presentada ese mismo a\u00f1o en el&nbsp;<strong>Festival Internacional de Teatro Callejero (Fitka).<\/strong><\/p>\n\n\n\n<p><strong>Camino profesional<\/strong><\/p>\n\n\n\n<p><strong>Rodrigo Chaverin<\/strong>&nbsp;es un artista de la danza contempor\u00e1nea, Licenciado en&nbsp;<strong>Dise\u00f1o Gr\u00e1fico (U. de Chile, 2004) y Pedagog\u00eda en Danza (U. Arcis, 2008)<\/strong>. Ha desarrollado su trabajo a partir de la investigaci\u00f3n en torno al movimiento, la escena y el cruce disciplinario como un tejido que acoge un tiempo-espacio de apertura perceptiva y sensorial.&nbsp;<\/p>\n\n\n\n<p>Se desenvuelve como core\u00f3grafo, profesor e int\u00e9rprete\/performer. A su vez, es director de&nbsp;<strong>\u201cLa Licuadora<\/strong>\u201d, donde invita a artistas de diversas disciplinas a laboratorios creativos para desarrollar proyectos en que fusiona diversos formatos (esc\u00e9nicos, video, instalaci\u00f3n, entre otros). Desde el 2007 su trabajo ha sido presentado en diferentes pa\u00edses tales como&nbsp;<strong>Espa\u00f1a, Austria, Italia, M\u00e9xico, Brasil, Argentina, Costa Rica, Per\u00fa y Chile.<\/strong><\/p>\n\n\n\n<p><\/p>\n","protected":false},"excerpt":{"rendered":"<div class=\"pvc_clear\"><\/div>\n<p id=\"pvc_stats_57946\" class=\"pvc_stats total_only  \" data-element-id=\"57946\" style=\"\"><i class=\"pvc-stats-icon large\" aria-hidden=\"true\"><svg aria-hidden=\"true\" focusable=\"false\" data-prefix=\"far\" data-icon=\"chart-bar\" role=\"img\" xmlns=\"http:\/\/www.w3.org\/2000\/svg\" viewBox=\"0 0 512 512\" class=\"svg-inline--fa fa-chart-bar fa-w-16 fa-2x\"><path fill=\"currentColor\" d=\"M396.8 352h22.4c6.4 0 12.8-6.4 12.8-12.8V108.8c0-6.4-6.4-12.8-12.8-12.8h-22.4c-6.4 0-12.8 6.4-12.8 12.8v230.4c0 6.4 6.4 12.8 12.8 12.8zm-192 0h22.4c6.4 0 12.8-6.4 12.8-12.8V140.8c0-6.4-6.4-12.8-12.8-12.8h-22.4c-6.4 0-12.8 6.4-12.8 12.8v198.4c0 6.4 6.4 12.8 12.8 12.8zm96 0h22.4c6.4 0 12.8-6.4 12.8-12.8V204.8c0-6.4-6.4-12.8-12.8-12.8h-22.4c-6.4 0-12.8 6.4-12.8 12.8v134.4c0 6.4 6.4 12.8 12.8 12.8zM496 400H48V80c0-8.84-7.16-16-16-16H16C7.16 64 0 71.16 0 80v336c0 17.67 14.33 32 32 32h464c8.84 0 16-7.16 16-16v-16c0-8.84-7.16-16-16-16zm-387.2-48h22.4c6.4 0 12.8-6.4 12.8-12.8v-70.4c0-6.4-6.4-12.8-12.8-12.8h-22.4c-6.4 0-12.8 6.4-12.8 12.8v70.4c0 6.4 6.4 12.8 12.8 12.8z\" class=\"\"><\/path><\/svg><\/i> <img loading=\"lazy\" decoding=\"async\" width=\"16\" height=\"16\" alt=\"Loading\" src=\"https:\/\/temucotelevision.cl\/web\/wp-content\/plugins\/page-views-count\/ajax-loader-2x.gif\" border=0 \/><\/p>\n<div class=\"pvc_clear\"><\/div>\n<p>Tras realizar hace unas semanas atr\u00e1s el proceso de convocatoria nacional y regional, el Festival Internacional Loft \u201cRemover el Sitio\u201d<\/p>\n","protected":false},"author":143,"featured_media":57947,"comment_status":"open","ping_status":"open","sticky":false,"template":"","format":"standard","meta":{"colormag_page_container_layout":"default_layout","colormag_page_sidebar_layout":"default_layout","footnotes":""},"categories":[101,86],"tags":[],"class_list":["post-57946","post","type-post","status-publish","format-standard","has-post-thumbnail","hentry","category-actualidad","category-panoramas"],"a3_pvc":{"activated":true,"total_views":800,"today_views":0},"_links":{"self":[{"href":"https:\/\/temucotelevision.cl\/web\/wp-json\/wp\/v2\/posts\/57946","targetHints":{"allow":["GET"]}}],"collection":[{"href":"https:\/\/temucotelevision.cl\/web\/wp-json\/wp\/v2\/posts"}],"about":[{"href":"https:\/\/temucotelevision.cl\/web\/wp-json\/wp\/v2\/types\/post"}],"author":[{"embeddable":true,"href":"https:\/\/temucotelevision.cl\/web\/wp-json\/wp\/v2\/users\/143"}],"replies":[{"embeddable":true,"href":"https:\/\/temucotelevision.cl\/web\/wp-json\/wp\/v2\/comments?post=57946"}],"version-history":[{"count":1,"href":"https:\/\/temucotelevision.cl\/web\/wp-json\/wp\/v2\/posts\/57946\/revisions"}],"predecessor-version":[{"id":57948,"href":"https:\/\/temucotelevision.cl\/web\/wp-json\/wp\/v2\/posts\/57946\/revisions\/57948"}],"wp:featuredmedia":[{"embeddable":true,"href":"https:\/\/temucotelevision.cl\/web\/wp-json\/wp\/v2\/media\/57947"}],"wp:attachment":[{"href":"https:\/\/temucotelevision.cl\/web\/wp-json\/wp\/v2\/media?parent=57946"}],"wp:term":[{"taxonomy":"category","embeddable":true,"href":"https:\/\/temucotelevision.cl\/web\/wp-json\/wp\/v2\/categories?post=57946"},{"taxonomy":"post_tag","embeddable":true,"href":"https:\/\/temucotelevision.cl\/web\/wp-json\/wp\/v2\/tags?post=57946"}],"curies":[{"name":"wp","href":"https:\/\/api.w.org\/{rel}","templated":true}]}}