{"id":57943,"date":"2025-08-29T17:28:03","date_gmt":"2025-08-29T20:28:03","guid":{"rendered":"https:\/\/temucotelevision.cl\/web\/?p=57943"},"modified":"2025-08-30T11:23:26","modified_gmt":"2025-08-30T14:23:26","slug":"el-codigo-cosmico-rock-de-buenos-aires-con-profundidad-desde-exaltacion-de-la-cruz","status":"publish","type":"post","link":"https:\/\/temucotelevision.cl\/web\/2025\/08\/29\/el-codigo-cosmico-rock-de-buenos-aires-con-profundidad-desde-exaltacion-de-la-cruz\/","title":{"rendered":"El C\u00f3digo C\u00f3smico: Rock de Buenos Aires con profundidad desde Exaltaci\u00f3n de la Cruz"},"content":{"rendered":"<div class=\"pvc_clear\"><\/div><p id=\"pvc_stats_57943\" class=\"pvc_stats total_only  \" data-element-id=\"57943\" style=\"\"><i class=\"pvc-stats-icon large\" aria-hidden=\"true\"><svg aria-hidden=\"true\" focusable=\"false\" data-prefix=\"far\" data-icon=\"chart-bar\" role=\"img\" xmlns=\"http:\/\/www.w3.org\/2000\/svg\" viewBox=\"0 0 512 512\" class=\"svg-inline--fa fa-chart-bar fa-w-16 fa-2x\"><path fill=\"currentColor\" d=\"M396.8 352h22.4c6.4 0 12.8-6.4 12.8-12.8V108.8c0-6.4-6.4-12.8-12.8-12.8h-22.4c-6.4 0-12.8 6.4-12.8 12.8v230.4c0 6.4 6.4 12.8 12.8 12.8zm-192 0h22.4c6.4 0 12.8-6.4 12.8-12.8V140.8c0-6.4-6.4-12.8-12.8-12.8h-22.4c-6.4 0-12.8 6.4-12.8 12.8v198.4c0 6.4 6.4 12.8 12.8 12.8zm96 0h22.4c6.4 0 12.8-6.4 12.8-12.8V204.8c0-6.4-6.4-12.8-12.8-12.8h-22.4c-6.4 0-12.8 6.4-12.8 12.8v134.4c0 6.4 6.4 12.8 12.8 12.8zM496 400H48V80c0-8.84-7.16-16-16-16H16C7.16 64 0 71.16 0 80v336c0 17.67 14.33 32 32 32h464c8.84 0 16-7.16 16-16v-16c0-8.84-7.16-16-16-16zm-387.2-48h22.4c6.4 0 12.8-6.4 12.8-12.8v-70.4c0-6.4-6.4-12.8-12.8-12.8h-22.4c-6.4 0-12.8 6.4-12.8 12.8v70.4c0 6.4 6.4 12.8 12.8 12.8z\" class=\"\"><\/path><\/svg><\/i> <img loading=\"lazy\" decoding=\"async\" width=\"16\" height=\"16\" alt=\"Loading\" src=\"https:\/\/temucotelevision.cl\/web\/wp-content\/plugins\/page-views-count\/ajax-loader-2x.gif\" border=0 \/><\/p><div class=\"pvc_clear\"><\/div>\n<p>Desde el coraz\u00f3n de la Provincia de&nbsp;<strong>Buenos Aires,<\/strong>&nbsp;emerge&nbsp;<strong>El C\u00f3digo C\u00f3smico<\/strong>, una banda que fusiona el pop\/rock con sutiles tintes folcl\u00f3ricos y ritmos grooveros, buscando trascender a trav\u00e9s de canciones con mensajes profundos y elaboradas armon\u00edas. El proyecto, nacido formalmente en 2016 como evoluci\u00f3n de formaciones anteriores de V<strong>aleria Massacesi (voz) y Maxi De Petra (guitarra), se completa con Fernando \u201cColo\u201d Grimaldi (voz), Marcelo M\u00e1rquez (bajo) y Arturo Vel\u00e1squez (bater\u00eda).<\/strong><\/p>\n\n\n\n<p>Las composiciones de&nbsp;<strong>El C\u00f3digo C\u00f3smico<\/strong>, creadas a partir de la fusi\u00f3n de letras y m\u00fasica<br>de&nbsp;<strong>Massacesi y De Petra<\/strong>, invitan a un viaje introspectivo y consciente. La banda se identifica con la esencia del rock nacional, encontrando resonancia en el legado de \u00edconos como&nbsp;<strong>Charly Garc\u00eda, Fito P\u00e1ez, Spinetta y Gustavo Cerati,<\/strong>&nbsp;as\u00ed como en la impronta de&nbsp;<strong>The Beatles<\/strong>. En la escena actual, admiran proyectos como&nbsp;<strong>Conociendo Rusia, El Kuelgue y El Zar,<\/strong>&nbsp;entre otros.<\/p>\n\n\n\n<p><strong>\u201cNos gusta hacer lindas canciones con mensajes profundos, m\u00fasica elaborada y que la gente se sienta identificada y disfrute de nuestros shows en vivo\u201d<\/strong>, afirman los integrantes de la banda.&nbsp;<strong>El C\u00f3digo C\u00f3smico<\/strong>&nbsp;aspira a que su m\u00fasica \u201ctrascienda\u201d, priorizando la historia por sobre la fama.<\/p>\n\n\n\n<p>Recientemente, la banda ha presentado su \u00faltimo lanzamiento, \u201c<strong>La Verdad\u201d ,<\/strong>&nbsp;una muestra de la evoluci\u00f3n sonora y l\u00edrica del grupo que promete seguir cautivando a su creciente audiencia. Este single se caracteriza por su l\u00edrica profunda fusionada con bellas melod\u00edas. Este single estuvo acompa\u00f1ado de un impactante videoclip, dirigido por el director cinematogr\u00e1fico&nbsp;<strong>Gabriel Grieco, conocido por sus trabajos en proyectos como Airbag, Daniela Herrero, Fabiana Cantilo<\/strong>, entre otros. Con este video la banda busca ofrecer una experiencia visual que complementa y realza la esencia de la canci\u00f3n.<\/p>\n\n\n\n<p>Uno de los hitos m\u00e1s memorables de su trayectoria fue la oportunidad de abrir el show de J\u00f3venes&nbsp;<strong>Pordioseros en La Trastienda,<\/strong>&nbsp;una experiencia que marc\u00f3 un antes y un despu\u00e9s para la banda. Sus objetivos m\u00e1s pr\u00f3ximos incluyen expandir su audiencia y la grabaci\u00f3n de nuevo material. Entre sus sue\u00f1os posibles, se encuentra alcanzar un p\u00fablico masivo, presentarse en grandes festivales y realizar conciertos propios en importantes escenarios como teatros.<\/p>\n\n\n\n<p>El C\u00f3digo C\u00f3smico se proyecta como una propuesta musical s\u00f3lidamente insertada en la sociedad, dado que sus letras reflejan sentimientos y pensamientos universales con los que el p\u00fablico puede identificarse f\u00e1cilmente.<\/p>\n\n\n\n<figure class=\"wp-block-embed is-type-video is-provider-youtube wp-block-embed-youtube wp-embed-aspect-16-9 wp-has-aspect-ratio\"><div class=\"wp-block-embed__wrapper\">\n<div class=\"epyt-video-wrapper\"><iframe loading=\"lazy\"  id=\"_ytid_29911\"  width=\"800\" height=\"450\"  data-origwidth=\"800\" data-origheight=\"450\" src=\"https:\/\/www.youtube.com\/embed\/qZuK7F37aiA?enablejsapi=1&#038;autoplay=0&#038;cc_load_policy=0&#038;cc_lang_pref=&#038;iv_load_policy=1&#038;loop=0&#038;rel=1&#038;fs=1&#038;playsinline=0&#038;autohide=2&#038;theme=dark&#038;color=red&#038;controls=1&#038;disablekb=0&#038;\" class=\"__youtube_prefs__  epyt-is-override  no-lazyload\" title=\"YouTube player\"  allow=\"fullscreen; accelerometer; autoplay; clipboard-write; encrypted-media; gyroscope; picture-in-picture; web-share\" referrerpolicy=\"strict-origin-when-cross-origin\" allowfullscreen data-no-lazy=\"1\" data-skipgform_ajax_framebjll=\"\"><\/iframe><\/div>\n<\/div><\/figure>\n","protected":false},"excerpt":{"rendered":"<div class=\"pvc_clear\"><\/div>\n<p id=\"pvc_stats_57943\" class=\"pvc_stats total_only  \" data-element-id=\"57943\" style=\"\"><i class=\"pvc-stats-icon large\" aria-hidden=\"true\"><svg aria-hidden=\"true\" focusable=\"false\" data-prefix=\"far\" data-icon=\"chart-bar\" role=\"img\" xmlns=\"http:\/\/www.w3.org\/2000\/svg\" viewBox=\"0 0 512 512\" class=\"svg-inline--fa fa-chart-bar fa-w-16 fa-2x\"><path fill=\"currentColor\" d=\"M396.8 352h22.4c6.4 0 12.8-6.4 12.8-12.8V108.8c0-6.4-6.4-12.8-12.8-12.8h-22.4c-6.4 0-12.8 6.4-12.8 12.8v230.4c0 6.4 6.4 12.8 12.8 12.8zm-192 0h22.4c6.4 0 12.8-6.4 12.8-12.8V140.8c0-6.4-6.4-12.8-12.8-12.8h-22.4c-6.4 0-12.8 6.4-12.8 12.8v198.4c0 6.4 6.4 12.8 12.8 12.8zm96 0h22.4c6.4 0 12.8-6.4 12.8-12.8V204.8c0-6.4-6.4-12.8-12.8-12.8h-22.4c-6.4 0-12.8 6.4-12.8 12.8v134.4c0 6.4 6.4 12.8 12.8 12.8zM496 400H48V80c0-8.84-7.16-16-16-16H16C7.16 64 0 71.16 0 80v336c0 17.67 14.33 32 32 32h464c8.84 0 16-7.16 16-16v-16c0-8.84-7.16-16-16-16zm-387.2-48h22.4c6.4 0 12.8-6.4 12.8-12.8v-70.4c0-6.4-6.4-12.8-12.8-12.8h-22.4c-6.4 0-12.8 6.4-12.8 12.8v70.4c0 6.4 6.4 12.8 12.8 12.8z\" class=\"\"><\/path><\/svg><\/i> <img loading=\"lazy\" decoding=\"async\" width=\"16\" height=\"16\" alt=\"Loading\" src=\"https:\/\/temucotelevision.cl\/web\/wp-content\/plugins\/page-views-count\/ajax-loader-2x.gif\" border=0 \/><\/p>\n<div class=\"pvc_clear\"><\/div>\n<p>Desde el coraz\u00f3n de la Provincia de&nbsp;Buenos Aires,&nbsp;emerge&nbsp;El C\u00f3digo C\u00f3smico, una banda que fusiona el pop\/rock con sutiles tintes folcl\u00f3ricos<\/p>\n","protected":false},"author":143,"featured_media":57944,"comment_status":"open","ping_status":"open","sticky":false,"template":"","format":"standard","meta":{"colormag_page_container_layout":"default_layout","colormag_page_sidebar_layout":"default_layout","footnotes":""},"categories":[369,1],"tags":[],"class_list":["post-57943","post","type-post","status-publish","format-standard","has-post-thumbnail","hentry","category-musica","category-sin-categoria"],"a3_pvc":{"activated":true,"total_views":799,"today_views":0},"_links":{"self":[{"href":"https:\/\/temucotelevision.cl\/web\/wp-json\/wp\/v2\/posts\/57943","targetHints":{"allow":["GET"]}}],"collection":[{"href":"https:\/\/temucotelevision.cl\/web\/wp-json\/wp\/v2\/posts"}],"about":[{"href":"https:\/\/temucotelevision.cl\/web\/wp-json\/wp\/v2\/types\/post"}],"author":[{"embeddable":true,"href":"https:\/\/temucotelevision.cl\/web\/wp-json\/wp\/v2\/users\/143"}],"replies":[{"embeddable":true,"href":"https:\/\/temucotelevision.cl\/web\/wp-json\/wp\/v2\/comments?post=57943"}],"version-history":[{"count":1,"href":"https:\/\/temucotelevision.cl\/web\/wp-json\/wp\/v2\/posts\/57943\/revisions"}],"predecessor-version":[{"id":57945,"href":"https:\/\/temucotelevision.cl\/web\/wp-json\/wp\/v2\/posts\/57943\/revisions\/57945"}],"wp:featuredmedia":[{"embeddable":true,"href":"https:\/\/temucotelevision.cl\/web\/wp-json\/wp\/v2\/media\/57944"}],"wp:attachment":[{"href":"https:\/\/temucotelevision.cl\/web\/wp-json\/wp\/v2\/media?parent=57943"}],"wp:term":[{"taxonomy":"category","embeddable":true,"href":"https:\/\/temucotelevision.cl\/web\/wp-json\/wp\/v2\/categories?post=57943"},{"taxonomy":"post_tag","embeddable":true,"href":"https:\/\/temucotelevision.cl\/web\/wp-json\/wp\/v2\/tags?post=57943"}],"curies":[{"name":"wp","href":"https:\/\/api.w.org\/{rel}","templated":true}]}}