{"id":57765,"date":"2025-08-18T13:10:31","date_gmt":"2025-08-18T16:10:31","guid":{"rendered":"https:\/\/temucotelevision.cl\/web\/?p=57765"},"modified":"2025-08-18T13:10:32","modified_gmt":"2025-08-18T16:10:32","slug":"joe-vasconcellos-hizo-un-show-cargado-de-ritmos-y-exitos-en-el-teatro-municipal","status":"publish","type":"post","link":"https:\/\/temucotelevision.cl\/web\/2025\/08\/18\/joe-vasconcellos-hizo-un-show-cargado-de-ritmos-y-exitos-en-el-teatro-municipal\/","title":{"rendered":"Joe Vasconcellos\u00a0hizo un show cargado de ritmos y \u00e9xitos en el Teatro Municipal"},"content":{"rendered":"<div class=\"pvc_clear\"><\/div><p id=\"pvc_stats_57765\" class=\"pvc_stats total_only  \" data-element-id=\"57765\" style=\"\"><i class=\"pvc-stats-icon large\" aria-hidden=\"true\"><svg aria-hidden=\"true\" focusable=\"false\" data-prefix=\"far\" data-icon=\"chart-bar\" role=\"img\" xmlns=\"http:\/\/www.w3.org\/2000\/svg\" viewBox=\"0 0 512 512\" class=\"svg-inline--fa fa-chart-bar fa-w-16 fa-2x\"><path fill=\"currentColor\" d=\"M396.8 352h22.4c6.4 0 12.8-6.4 12.8-12.8V108.8c0-6.4-6.4-12.8-12.8-12.8h-22.4c-6.4 0-12.8 6.4-12.8 12.8v230.4c0 6.4 6.4 12.8 12.8 12.8zm-192 0h22.4c6.4 0 12.8-6.4 12.8-12.8V140.8c0-6.4-6.4-12.8-12.8-12.8h-22.4c-6.4 0-12.8 6.4-12.8 12.8v198.4c0 6.4 6.4 12.8 12.8 12.8zm96 0h22.4c6.4 0 12.8-6.4 12.8-12.8V204.8c0-6.4-6.4-12.8-12.8-12.8h-22.4c-6.4 0-12.8 6.4-12.8 12.8v134.4c0 6.4 6.4 12.8 12.8 12.8zM496 400H48V80c0-8.84-7.16-16-16-16H16C7.16 64 0 71.16 0 80v336c0 17.67 14.33 32 32 32h464c8.84 0 16-7.16 16-16v-16c0-8.84-7.16-16-16-16zm-387.2-48h22.4c6.4 0 12.8-6.4 12.8-12.8v-70.4c0-6.4-6.4-12.8-12.8-12.8h-22.4c-6.4 0-12.8 6.4-12.8 12.8v70.4c0 6.4 6.4 12.8 12.8 12.8z\" class=\"\"><\/path><\/svg><\/i> <img loading=\"lazy\" decoding=\"async\" width=\"16\" height=\"16\" alt=\"Loading\" src=\"https:\/\/temucotelevision.cl\/web\/wp-content\/plugins\/page-views-count\/ajax-loader-2x.gif\" border=0 \/><\/p><div class=\"pvc_clear\"><\/div>\n<p>Ante un repleto Teatro Municipal de Temuco el m\u00fasico complet\u00f3 un concierto macizo y contundente en ritmos y \u00e9xitos por m\u00e1s de 90 minutos en escena. Un evento convocado por la celebraci\u00f3n del 30 aniversario de su cl\u00e1sico disco \u201cToque\u201d en el que tambi\u00e9n incluy\u00f3 otros hitos de su trayectoria como el &#8220;Hijo del sol luminoso&#8217;&nbsp;acompa\u00f1ado del Coro Infanto Juvenil de Villarrica.&nbsp;<\/p>\n\n\n\n<p><strong>Joe Vasconcellos&nbsp;<\/strong>volvi\u00f3 a Temuco como parte de su nueva gira nacional conmemorando las primeras tres d\u00e9cadas del \u201cToque\u201d (1995).&nbsp; Y la noche del s\u00e1bado con un recinto completo&nbsp; el m\u00fasico acompa\u00f1ado de su banda estable de 9 m\u00fasicos apareci\u00f3 en el escenario con \u201cM\u00e1gico\u201d abriendo un setlist dotado de \u00e9xitos, la canci\u00f3n que cambi\u00f3 su carrera a mediados de los 90\u2019s y una de las m\u00e1s emblem\u00e1ticas de su repertorio (+50 millones de reproducciones en Spotify).&nbsp;<\/p>\n\n\n\n<p>Y del mismo \u201cToque\u201d sonaron \u2018La seis\u2019, \u2018Sed de gol\u2019 y \u2018Solo por esta noche\u2019 que el p\u00fablico celebr\u00f3 entre v\u00edtores, aplausos y cantando sus inolvidables estribillos. Un espect\u00e1culo que combina lo r\u00edtmico, la nostalgia, lo festivo y la sensibilidad humanista. Recibiendo el cari\u00f1o y admiraci\u00f3n de los presentes que se mantuvo para los otros temas del disco como \u2018Quieto\u2019 y \u2018Blusa transparente\u2019 pero que desat\u00f3 su euforia en \u2018Huellas\u2019.<\/p>\n\n\n\n<p>Tambi\u00e9n sonaron temas populares de otros discos como \u2018Preemergencia\u2019, \u2018La funa\u2019, su versi\u00f3n de \u2018La joya del pacifico\u2019 y en clave ac\u00fastica \u2018Volante o maleta\u2019 y \u2018Ciudad traicionera\u2019 coreadas como himnos que traspasan el tiempo. Y un cierre con su primer cl\u00e1sico \u2018Hijo del sol luminoso\u2019 (grabada originalmente como integrante del grupo Congreso) interpretado junto al&nbsp;<strong>Coro Infanto Juvenil<\/strong>&nbsp;<strong>de Villarrica<\/strong>&nbsp;cerrando una noche memorable para sus seguidores de la Araucan\u00eda.&nbsp;<\/p>\n\n\n\n<p>Su gira continuar\u00e1 hoy&nbsp;domingo en el Teatro Municipal de&nbsp;<strong>Los \u00c1ngeles<\/strong>&nbsp;(<a href=\"https:\/\/www.ticketmaster.cl\/event\/joe-vasconcellos-toque-en-gira-teatro-municipal-de-los-angeles\" target=\"_blank\" rel=\"noreferrer noopener\">Ticketmaster<\/a>) y desde la pr\u00f3xima semana continuar\u00e1 en el&nbsp;<strong>Teatro Municipal de<\/strong>&nbsp;<strong>Chill\u00e1n<\/strong>, el&nbsp;<strong>Casino de Talca<\/strong>, el&nbsp;<strong>Teatro Centenario de La Serena<\/strong>&nbsp;y el&nbsp;<strong>Teatro Municipal de Vi\u00f1a del Mar&nbsp;<\/strong>antes de lo que ser\u00e1 su gran concierto en el&nbsp;<strong>Movistar Arena<\/strong>&nbsp;de Santiago el 9 de noviembre conmemorando las tres d\u00e9cadas de \u00e9ste hito musical.&nbsp;Todas los detalles y entradas a trav\u00e9s de&nbsp;<strong><a href=\"http:\/\/www.joevasconcellos.cl\/\" target=\"_blank\" rel=\"noreferrer noopener\">www.joevasconcellos.cl<\/a><\/strong><\/p>\n\n\n\n<figure class=\"wp-block-image size-large\"><img loading=\"lazy\" decoding=\"async\" width=\"1000\" height=\"667\" src=\"https:\/\/temucotelevision.cl\/web\/wp-content\/uploads\/2025\/08\/JV-Temuco-Credito-Benjamin-Monrroy--1000x667.jpg\" alt=\"\" class=\"wp-image-57767\" srcset=\"https:\/\/temucotelevision.cl\/web\/wp-content\/uploads\/2025\/08\/JV-Temuco-Credito-Benjamin-Monrroy--1000x667.jpg 1000w, https:\/\/temucotelevision.cl\/web\/wp-content\/uploads\/2025\/08\/JV-Temuco-Credito-Benjamin-Monrroy--768x512.jpg 768w, https:\/\/temucotelevision.cl\/web\/wp-content\/uploads\/2025\/08\/JV-Temuco-Credito-Benjamin-Monrroy--1536x1024.jpg 1536w, https:\/\/temucotelevision.cl\/web\/wp-content\/uploads\/2025\/08\/JV-Temuco-Credito-Benjamin-Monrroy--2048x1365.jpg 2048w\" sizes=\"auto, (max-width: 1000px) 100vw, 1000px\" \/><\/figure>\n","protected":false},"excerpt":{"rendered":"<div class=\"pvc_clear\"><\/div>\n<p id=\"pvc_stats_57765\" class=\"pvc_stats total_only  \" data-element-id=\"57765\" style=\"\"><i class=\"pvc-stats-icon large\" aria-hidden=\"true\"><svg aria-hidden=\"true\" focusable=\"false\" data-prefix=\"far\" data-icon=\"chart-bar\" role=\"img\" xmlns=\"http:\/\/www.w3.org\/2000\/svg\" viewBox=\"0 0 512 512\" class=\"svg-inline--fa fa-chart-bar fa-w-16 fa-2x\"><path fill=\"currentColor\" d=\"M396.8 352h22.4c6.4 0 12.8-6.4 12.8-12.8V108.8c0-6.4-6.4-12.8-12.8-12.8h-22.4c-6.4 0-12.8 6.4-12.8 12.8v230.4c0 6.4 6.4 12.8 12.8 12.8zm-192 0h22.4c6.4 0 12.8-6.4 12.8-12.8V140.8c0-6.4-6.4-12.8-12.8-12.8h-22.4c-6.4 0-12.8 6.4-12.8 12.8v198.4c0 6.4 6.4 12.8 12.8 12.8zm96 0h22.4c6.4 0 12.8-6.4 12.8-12.8V204.8c0-6.4-6.4-12.8-12.8-12.8h-22.4c-6.4 0-12.8 6.4-12.8 12.8v134.4c0 6.4 6.4 12.8 12.8 12.8zM496 400H48V80c0-8.84-7.16-16-16-16H16C7.16 64 0 71.16 0 80v336c0 17.67 14.33 32 32 32h464c8.84 0 16-7.16 16-16v-16c0-8.84-7.16-16-16-16zm-387.2-48h22.4c6.4 0 12.8-6.4 12.8-12.8v-70.4c0-6.4-6.4-12.8-12.8-12.8h-22.4c-6.4 0-12.8 6.4-12.8 12.8v70.4c0 6.4 6.4 12.8 12.8 12.8z\" class=\"\"><\/path><\/svg><\/i> <img loading=\"lazy\" decoding=\"async\" width=\"16\" height=\"16\" alt=\"Loading\" src=\"https:\/\/temucotelevision.cl\/web\/wp-content\/plugins\/page-views-count\/ajax-loader-2x.gif\" border=0 \/><\/p>\n<div class=\"pvc_clear\"><\/div>\n<p>Ante un repleto Teatro Municipal de Temuco el m\u00fasico complet\u00f3 un concierto macizo y contundente en ritmos y \u00e9xitos por<\/p>\n","protected":false},"author":1,"featured_media":57766,"comment_status":"open","ping_status":"open","sticky":false,"template":"","format":"standard","meta":{"colormag_page_container_layout":"default_layout","colormag_page_sidebar_layout":"default_layout","footnotes":""},"categories":[369],"tags":[616],"class_list":["post-57765","post","type-post","status-publish","format-standard","has-post-thumbnail","hentry","category-musica","tag-show"],"a3_pvc":{"activated":true,"total_views":3222,"today_views":0},"_links":{"self":[{"href":"https:\/\/temucotelevision.cl\/web\/wp-json\/wp\/v2\/posts\/57765","targetHints":{"allow":["GET"]}}],"collection":[{"href":"https:\/\/temucotelevision.cl\/web\/wp-json\/wp\/v2\/posts"}],"about":[{"href":"https:\/\/temucotelevision.cl\/web\/wp-json\/wp\/v2\/types\/post"}],"author":[{"embeddable":true,"href":"https:\/\/temucotelevision.cl\/web\/wp-json\/wp\/v2\/users\/1"}],"replies":[{"embeddable":true,"href":"https:\/\/temucotelevision.cl\/web\/wp-json\/wp\/v2\/comments?post=57765"}],"version-history":[{"count":1,"href":"https:\/\/temucotelevision.cl\/web\/wp-json\/wp\/v2\/posts\/57765\/revisions"}],"predecessor-version":[{"id":57768,"href":"https:\/\/temucotelevision.cl\/web\/wp-json\/wp\/v2\/posts\/57765\/revisions\/57768"}],"wp:featuredmedia":[{"embeddable":true,"href":"https:\/\/temucotelevision.cl\/web\/wp-json\/wp\/v2\/media\/57766"}],"wp:attachment":[{"href":"https:\/\/temucotelevision.cl\/web\/wp-json\/wp\/v2\/media?parent=57765"}],"wp:term":[{"taxonomy":"category","embeddable":true,"href":"https:\/\/temucotelevision.cl\/web\/wp-json\/wp\/v2\/categories?post=57765"},{"taxonomy":"post_tag","embeddable":true,"href":"https:\/\/temucotelevision.cl\/web\/wp-json\/wp\/v2\/tags?post=57765"}],"curies":[{"name":"wp","href":"https:\/\/api.w.org\/{rel}","templated":true}]}}