{"id":57378,"date":"2025-07-27T15:22:04","date_gmt":"2025-07-27T18:22:04","guid":{"rendered":"https:\/\/temucotelevision.cl\/web\/?p=57378"},"modified":"2025-07-27T15:25:14","modified_gmt":"2025-07-27T18:25:14","slug":"agricultores-de-malleco-rechazan-consulta-indigena-por-excluir-al-mundo-rural","status":"publish","type":"post","link":"https:\/\/temucotelevision.cl\/web\/2025\/07\/27\/agricultores-de-malleco-rechazan-consulta-indigena-por-excluir-al-mundo-rural\/","title":{"rendered":"Agricultores de Malleco rechazan Consulta Ind\u00edgena por excluir al mundo rural"},"content":{"rendered":"<div class=\"pvc_clear\"><\/div><p id=\"pvc_stats_57378\" class=\"pvc_stats total_only  \" data-element-id=\"57378\" style=\"\"><i class=\"pvc-stats-icon large\" aria-hidden=\"true\"><svg aria-hidden=\"true\" focusable=\"false\" data-prefix=\"far\" data-icon=\"chart-bar\" role=\"img\" xmlns=\"http:\/\/www.w3.org\/2000\/svg\" viewBox=\"0 0 512 512\" class=\"svg-inline--fa fa-chart-bar fa-w-16 fa-2x\"><path fill=\"currentColor\" d=\"M396.8 352h22.4c6.4 0 12.8-6.4 12.8-12.8V108.8c0-6.4-6.4-12.8-12.8-12.8h-22.4c-6.4 0-12.8 6.4-12.8 12.8v230.4c0 6.4 6.4 12.8 12.8 12.8zm-192 0h22.4c6.4 0 12.8-6.4 12.8-12.8V140.8c0-6.4-6.4-12.8-12.8-12.8h-22.4c-6.4 0-12.8 6.4-12.8 12.8v198.4c0 6.4 6.4 12.8 12.8 12.8zm96 0h22.4c6.4 0 12.8-6.4 12.8-12.8V204.8c0-6.4-6.4-12.8-12.8-12.8h-22.4c-6.4 0-12.8 6.4-12.8 12.8v134.4c0 6.4 6.4 12.8 12.8 12.8zM496 400H48V80c0-8.84-7.16-16-16-16H16C7.16 64 0 71.16 0 80v336c0 17.67 14.33 32 32 32h464c8.84 0 16-7.16 16-16v-16c0-8.84-7.16-16-16-16zm-387.2-48h22.4c6.4 0 12.8-6.4 12.8-12.8v-70.4c0-6.4-6.4-12.8-12.8-12.8h-22.4c-6.4 0-12.8 6.4-12.8 12.8v70.4c0 6.4 6.4 12.8 12.8 12.8z\" class=\"\"><\/path><\/svg><\/i> <img loading=\"lazy\" decoding=\"async\" width=\"16\" height=\"16\" alt=\"Loading\" src=\"https:\/\/temucotelevision.cl\/web\/wp-content\/plugins\/page-views-count\/ajax-loader-2x.gif\" border=0 \/><\/p><div class=\"pvc_clear\"><\/div>\n<p>La Asociaci\u00f3n de Agricultores de Malleco manifest\u00f3 su rechazo al proceso de consulta ind\u00edgena impulsado por el Gobierno en las regiones del Biob\u00edo, La Araucan\u00eda, Los R\u00edos y Los Lagos, en el marco de la implementaci\u00f3n de un nuevo sistema de tierras propuesto por la Comisi\u00f3n para la Paz y el Entendimiento.<\/p>\n\n\n\n<p>El presidente del gremio, Sebasti\u00e1n Naveillan, cuestion\u00f3 el car\u00e1cter excluyente del proceso, reservado \u00fanicamente a comunidades mapuche, sin considerar a los dem\u00e1s actores del mundo rural, como agricultores, parceleros y familias no ind\u00edgenas que tambi\u00e9n habitan en los territorios involucrados.<\/p>\n\n\n\n<p>\u201cEl proceso de consulta exclusivo a las comunidades mapuche genera incertidumbre legal y no considera a todos los actores del sector rural, como las cientos de familias que habitan y producen alimentos en sus campos\u201d, afirm\u00f3 Naveillan, quien rechaz\u00f3 la propuesta de la Comisi\u00f3n para la Paz y el Entendimiento, en la que el Gobierno argument\u00f3 la consulta, que comenzar\u00e1 a desarrollarse a mediados de agosto.<\/p>\n\n\n\n<p>El timonel de los agricultores advirti\u00f3 que el sistema de tierras propuesto omite el valor de la propiedad rural y los riesgos que podr\u00edan generarse en materia de seguridad, particularmente en zonas que han sido afectadas de forma reiterada por hechos de violencia y terrorismo.<\/p>\n\n\n\n<p>\u201cNo nos oponemos al di\u00e1logo con el pueblo Mapuche, pero nos preocupa que se deje afuera a todo el mundo rural, y se ceda ante demandas de car\u00e1cter pol\u00edtico e ideol\u00f3gico sin considerar el impacto en agricultores, parceleros y familias campesinas de todo el sur del pa\u00eds\u201d, advirti\u00f3 Naveillan, y a\u00f1adi\u00f3 que \u201chubi\u00e9semos preferido que la consulta sea a todos los ciudadanos de las cuatro regiones del sur afectadas por esta mala Ley de tierras, especialmente al sector agricola, porque este nuevo sistema propone que hay que disponer de alrededor de 200 mil hect\u00e1reas, por ende seguimos con la misma f\u00f3rmula de hace 30 a\u00f1os, que nos ha tenido con problemas de inseguridad, y presiones\u201d, enfatiz\u00f3 el timonel de los agricultores del norte de La Araucan\u00eda.<\/p>\n\n\n\n<p>Navellan manifest\u00f3 que \u201cestamos disponibles a conversar y a dialogar para ver qu\u00e9 leyes queremos para el sur de Chile. Es por eso que se hace necesario impulsar una Consulta que incorpore a todos los habitantes del Sur de Chile, en especial del mundo rural, para tener una Ley que no nos traiga pobreza (\u2026). Los habitantes del sur de Chile tenemos opini\u00f3n y tenemos capacidad de voto, y necesitamos que se nos consulte\u201d, emplaz\u00f3 el presidente de los agricultores de Malleco.<\/p>\n\n\n\n<p>La Asociaci\u00f3n de Agricultores de Malleco llam\u00f3 a reconsiderar los mecanismos de participaci\u00f3n y avanzar hacia un di\u00e1logo amplio y acorde al Estado de Derecho, en beneficio de todos quienes conviven en las zonas rurales del sur de Chile.<\/p>\n","protected":false},"excerpt":{"rendered":"<div class=\"pvc_clear\"><\/div>\n<p id=\"pvc_stats_57378\" class=\"pvc_stats total_only  \" data-element-id=\"57378\" style=\"\"><i class=\"pvc-stats-icon large\" aria-hidden=\"true\"><svg aria-hidden=\"true\" focusable=\"false\" data-prefix=\"far\" data-icon=\"chart-bar\" role=\"img\" xmlns=\"http:\/\/www.w3.org\/2000\/svg\" viewBox=\"0 0 512 512\" class=\"svg-inline--fa fa-chart-bar fa-w-16 fa-2x\"><path fill=\"currentColor\" d=\"M396.8 352h22.4c6.4 0 12.8-6.4 12.8-12.8V108.8c0-6.4-6.4-12.8-12.8-12.8h-22.4c-6.4 0-12.8 6.4-12.8 12.8v230.4c0 6.4 6.4 12.8 12.8 12.8zm-192 0h22.4c6.4 0 12.8-6.4 12.8-12.8V140.8c0-6.4-6.4-12.8-12.8-12.8h-22.4c-6.4 0-12.8 6.4-12.8 12.8v198.4c0 6.4 6.4 12.8 12.8 12.8zm96 0h22.4c6.4 0 12.8-6.4 12.8-12.8V204.8c0-6.4-6.4-12.8-12.8-12.8h-22.4c-6.4 0-12.8 6.4-12.8 12.8v134.4c0 6.4 6.4 12.8 12.8 12.8zM496 400H48V80c0-8.84-7.16-16-16-16H16C7.16 64 0 71.16 0 80v336c0 17.67 14.33 32 32 32h464c8.84 0 16-7.16 16-16v-16c0-8.84-7.16-16-16-16zm-387.2-48h22.4c6.4 0 12.8-6.4 12.8-12.8v-70.4c0-6.4-6.4-12.8-12.8-12.8h-22.4c-6.4 0-12.8 6.4-12.8 12.8v70.4c0 6.4 6.4 12.8 12.8 12.8z\" class=\"\"><\/path><\/svg><\/i> <img loading=\"lazy\" decoding=\"async\" width=\"16\" height=\"16\" alt=\"Loading\" src=\"https:\/\/temucotelevision.cl\/web\/wp-content\/plugins\/page-views-count\/ajax-loader-2x.gif\" border=0 \/><\/p>\n<div class=\"pvc_clear\"><\/div>\n<p>La Asociaci\u00f3n de Agricultores de Malleco manifest\u00f3 su rechazo al proceso de consulta ind\u00edgena impulsado por el Gobierno en las<\/p>\n","protected":false},"author":1,"featured_media":57379,"comment_status":"open","ping_status":"open","sticky":false,"template":"","format":"standard","meta":{"colormag_page_container_layout":"default_layout","colormag_page_sidebar_layout":"default_layout","footnotes":""},"categories":[84],"tags":[1479],"class_list":["post-57378","post","type-post","status-publish","format-standard","has-post-thumbnail","hentry","category-politica","tag-consulta"],"a3_pvc":{"activated":true,"total_views":3360,"today_views":0},"_links":{"self":[{"href":"https:\/\/temucotelevision.cl\/web\/wp-json\/wp\/v2\/posts\/57378","targetHints":{"allow":["GET"]}}],"collection":[{"href":"https:\/\/temucotelevision.cl\/web\/wp-json\/wp\/v2\/posts"}],"about":[{"href":"https:\/\/temucotelevision.cl\/web\/wp-json\/wp\/v2\/types\/post"}],"author":[{"embeddable":true,"href":"https:\/\/temucotelevision.cl\/web\/wp-json\/wp\/v2\/users\/1"}],"replies":[{"embeddable":true,"href":"https:\/\/temucotelevision.cl\/web\/wp-json\/wp\/v2\/comments?post=57378"}],"version-history":[{"count":1,"href":"https:\/\/temucotelevision.cl\/web\/wp-json\/wp\/v2\/posts\/57378\/revisions"}],"predecessor-version":[{"id":57380,"href":"https:\/\/temucotelevision.cl\/web\/wp-json\/wp\/v2\/posts\/57378\/revisions\/57380"}],"wp:featuredmedia":[{"embeddable":true,"href":"https:\/\/temucotelevision.cl\/web\/wp-json\/wp\/v2\/media\/57379"}],"wp:attachment":[{"href":"https:\/\/temucotelevision.cl\/web\/wp-json\/wp\/v2\/media?parent=57378"}],"wp:term":[{"taxonomy":"category","embeddable":true,"href":"https:\/\/temucotelevision.cl\/web\/wp-json\/wp\/v2\/categories?post=57378"},{"taxonomy":"post_tag","embeddable":true,"href":"https:\/\/temucotelevision.cl\/web\/wp-json\/wp\/v2\/tags?post=57378"}],"curies":[{"name":"wp","href":"https:\/\/api.w.org\/{rel}","templated":true}]}}