{"id":57376,"date":"2025-07-26T22:29:48","date_gmt":"2025-07-27T01:29:48","guid":{"rendered":"https:\/\/temucotelevision.cl\/web\/?p=57376"},"modified":"2025-07-26T22:29:49","modified_gmt":"2025-07-27T01:29:49","slug":"diputado-jorge-saffirio-oficia-a-hacienda-ya-sii-por-alza-injustificada-de-contribuciones-en-la-macrozona-sur","status":"publish","type":"post","link":"https:\/\/temucotelevision.cl\/web\/2025\/07\/26\/diputado-jorge-saffirio-oficia-a-hacienda-ya-sii-por-alza-injustificada-de-contribuciones-en-la-macrozona-sur\/","title":{"rendered":"Diputado Jorge Saffirio oficia a Hacienda ya SII por alza injustificada de contribuciones en la macrozona sur"},"content":{"rendered":"<div class=\"pvc_clear\"><\/div><p id=\"pvc_stats_57376\" class=\"pvc_stats total_only  \" data-element-id=\"57376\" style=\"\"><i class=\"pvc-stats-icon large\" aria-hidden=\"true\"><svg aria-hidden=\"true\" focusable=\"false\" data-prefix=\"far\" data-icon=\"chart-bar\" role=\"img\" xmlns=\"http:\/\/www.w3.org\/2000\/svg\" viewBox=\"0 0 512 512\" class=\"svg-inline--fa fa-chart-bar fa-w-16 fa-2x\"><path fill=\"currentColor\" d=\"M396.8 352h22.4c6.4 0 12.8-6.4 12.8-12.8V108.8c0-6.4-6.4-12.8-12.8-12.8h-22.4c-6.4 0-12.8 6.4-12.8 12.8v230.4c0 6.4 6.4 12.8 12.8 12.8zm-192 0h22.4c6.4 0 12.8-6.4 12.8-12.8V140.8c0-6.4-6.4-12.8-12.8-12.8h-22.4c-6.4 0-12.8 6.4-12.8 12.8v198.4c0 6.4 6.4 12.8 12.8 12.8zm96 0h22.4c6.4 0 12.8-6.4 12.8-12.8V204.8c0-6.4-6.4-12.8-12.8-12.8h-22.4c-6.4 0-12.8 6.4-12.8 12.8v134.4c0 6.4 6.4 12.8 12.8 12.8zM496 400H48V80c0-8.84-7.16-16-16-16H16C7.16 64 0 71.16 0 80v336c0 17.67 14.33 32 32 32h464c8.84 0 16-7.16 16-16v-16c0-8.84-7.16-16-16-16zm-387.2-48h22.4c6.4 0 12.8-6.4 12.8-12.8v-70.4c0-6.4-6.4-12.8-12.8-12.8h-22.4c-6.4 0-12.8 6.4-12.8 12.8v70.4c0 6.4 6.4 12.8 12.8 12.8z\" class=\"\"><\/path><\/svg><\/i> <img loading=\"lazy\" decoding=\"async\" width=\"16\" height=\"16\" alt=\"Loading\" src=\"https:\/\/temucotelevision.cl\/web\/wp-content\/plugins\/page-views-count\/ajax-loader-2x.gif\" border=0 \/><\/p><div class=\"pvc_clear\"><\/div>\n<p>El Diputado Jorge Saffirio Espinoza ha presentado un oficio dirigido al Ministro de Hacienda, Mario Marcel Cullell, y al Director del Servicio de Impuestos Internos, solicitando informaci\u00f3n y medidas urgentes ante el significativo incremento en el pago de contribuciones en la Macrozona Sur, que abarca las regiones de La Araucan\u00eda, Biob\u00edo y Los R\u00edos.\u00a0<\/p>\n\n\n\n<p>El legislador exponen que entre 2021 y 2025 se han registrado aumentos de entre 60% y 100% en el valor de las contribuciones en comunas rurales de la Macrozona Sur, sin que se hayan observado mejoras en infraestructura, seguridad o conectividad en dichas zonas. Como ejemplo, el Diputado Saffirio menciona predios en Collipulli y Victoria que pasaron de pagar $800.000 anuales a m\u00e1s de $1.600.000.&nbsp;<\/p>\n\n\n\n<p>Seg\u00fan el oficio, este incremento se deber\u00eda a una actualizaci\u00f3n de los aval\u00faos fiscales por parte del Servicio de Impuestos Internos (SII) desde 2021, la cual no habr\u00eda considerado variables clave en zonas rurales como la inseguridad, el estado de los caminos o la falta de servicios b\u00e1sicos. Esta situaci\u00f3n es a\u00fan m\u00e1s cr\u00edtica en \u00e1reas con recientes atentados incendiarios, como Collipulli y Victoria.&nbsp;<\/p>\n\n\n\n<p>El Diputado Saffirio enfatiz\u00f3 que el alza de las contribuciones &#8220;refleja un desajuste entre las metodolog\u00edas fiscales del SII y la realidad de un territorio marcado por violencia, inaccesibilidad y falta de servicios&#8221;. Asimismo, advierte que el impacto financiero sobre peque\u00f1os y medianos agricultores amenaza la continuidad de sus actividades productivas y &#8220;a\u00f1ade una capa m\u00e1s de tensi\u00f3n socio-pol\u00edtica en la regi\u00f3n&#8221;.&nbsp;<\/p>\n\n\n\n<p>En virtud de su rol fiscalizador, el Diputado Jorge Saffirio Espinoza solicita a la C\u00e1mara de Diputadas y Diputados la siguiente informaci\u00f3n y antecedentes: Los criterios t\u00e9cnicos que justifican el alza en el pago de contribuciones en la regi\u00f3n de La Araucan\u00eda; la factibilidad de establecer un plan de emergencia que busque congelar o disminuir el alza de contribuciones en la regi\u00f3n de La Araucan\u00eda; y un informe detallado del alza de las contribuciones en la regi\u00f3n desde el a\u00f1o 2022 hasta la fecha, las razones de dicho aumento y si este se corresponde con los niveles socioecon\u00f3micos de los habitantes de La Araucan\u00eda.<\/p>\n","protected":false},"excerpt":{"rendered":"<div class=\"pvc_clear\"><\/div>\n<p id=\"pvc_stats_57376\" class=\"pvc_stats total_only  \" data-element-id=\"57376\" style=\"\"><i class=\"pvc-stats-icon large\" aria-hidden=\"true\"><svg aria-hidden=\"true\" focusable=\"false\" data-prefix=\"far\" data-icon=\"chart-bar\" role=\"img\" xmlns=\"http:\/\/www.w3.org\/2000\/svg\" viewBox=\"0 0 512 512\" class=\"svg-inline--fa fa-chart-bar fa-w-16 fa-2x\"><path fill=\"currentColor\" d=\"M396.8 352h22.4c6.4 0 12.8-6.4 12.8-12.8V108.8c0-6.4-6.4-12.8-12.8-12.8h-22.4c-6.4 0-12.8 6.4-12.8 12.8v230.4c0 6.4 6.4 12.8 12.8 12.8zm-192 0h22.4c6.4 0 12.8-6.4 12.8-12.8V140.8c0-6.4-6.4-12.8-12.8-12.8h-22.4c-6.4 0-12.8 6.4-12.8 12.8v198.4c0 6.4 6.4 12.8 12.8 12.8zm96 0h22.4c6.4 0 12.8-6.4 12.8-12.8V204.8c0-6.4-6.4-12.8-12.8-12.8h-22.4c-6.4 0-12.8 6.4-12.8 12.8v134.4c0 6.4 6.4 12.8 12.8 12.8zM496 400H48V80c0-8.84-7.16-16-16-16H16C7.16 64 0 71.16 0 80v336c0 17.67 14.33 32 32 32h464c8.84 0 16-7.16 16-16v-16c0-8.84-7.16-16-16-16zm-387.2-48h22.4c6.4 0 12.8-6.4 12.8-12.8v-70.4c0-6.4-6.4-12.8-12.8-12.8h-22.4c-6.4 0-12.8 6.4-12.8 12.8v70.4c0 6.4 6.4 12.8 12.8 12.8z\" class=\"\"><\/path><\/svg><\/i> <img loading=\"lazy\" decoding=\"async\" width=\"16\" height=\"16\" alt=\"Loading\" src=\"https:\/\/temucotelevision.cl\/web\/wp-content\/plugins\/page-views-count\/ajax-loader-2x.gif\" border=0 \/><\/p>\n<div class=\"pvc_clear\"><\/div>\n<p>El Diputado Jorge Saffirio Espinoza ha presentado un oficio dirigido al Ministro de Hacienda, Mario Marcel Cullell, y al Director<\/p>\n","protected":false},"author":1,"featured_media":6917,"comment_status":"open","ping_status":"open","sticky":false,"template":"","format":"standard","meta":{"colormag_page_container_layout":"default_layout","colormag_page_sidebar_layout":"default_layout","footnotes":""},"categories":[84],"tags":[1101],"class_list":["post-57376","post","type-post","status-publish","format-standard","has-post-thumbnail","hentry","category-politica","tag-sii"],"a3_pvc":{"activated":true,"total_views":1131,"today_views":0},"_links":{"self":[{"href":"https:\/\/temucotelevision.cl\/web\/wp-json\/wp\/v2\/posts\/57376","targetHints":{"allow":["GET"]}}],"collection":[{"href":"https:\/\/temucotelevision.cl\/web\/wp-json\/wp\/v2\/posts"}],"about":[{"href":"https:\/\/temucotelevision.cl\/web\/wp-json\/wp\/v2\/types\/post"}],"author":[{"embeddable":true,"href":"https:\/\/temucotelevision.cl\/web\/wp-json\/wp\/v2\/users\/1"}],"replies":[{"embeddable":true,"href":"https:\/\/temucotelevision.cl\/web\/wp-json\/wp\/v2\/comments?post=57376"}],"version-history":[{"count":1,"href":"https:\/\/temucotelevision.cl\/web\/wp-json\/wp\/v2\/posts\/57376\/revisions"}],"predecessor-version":[{"id":57377,"href":"https:\/\/temucotelevision.cl\/web\/wp-json\/wp\/v2\/posts\/57376\/revisions\/57377"}],"wp:featuredmedia":[{"embeddable":true,"href":"https:\/\/temucotelevision.cl\/web\/wp-json\/wp\/v2\/media\/6917"}],"wp:attachment":[{"href":"https:\/\/temucotelevision.cl\/web\/wp-json\/wp\/v2\/media?parent=57376"}],"wp:term":[{"taxonomy":"category","embeddable":true,"href":"https:\/\/temucotelevision.cl\/web\/wp-json\/wp\/v2\/categories?post=57376"},{"taxonomy":"post_tag","embeddable":true,"href":"https:\/\/temucotelevision.cl\/web\/wp-json\/wp\/v2\/tags?post=57376"}],"curies":[{"name":"wp","href":"https:\/\/api.w.org\/{rel}","templated":true}]}}