{"id":57369,"date":"2025-07-26T20:38:30","date_gmt":"2025-07-26T23:38:30","guid":{"rendered":"https:\/\/temucotelevision.cl\/web\/?p=57369"},"modified":"2025-07-26T20:38:31","modified_gmt":"2025-07-26T23:38:31","slug":"espacio-txawun-inaugura-nuevo-fogon-comunitario-en-padre-las-casas-gracias-al-financiamiento-del-ministerio-de-culturas","status":"publish","type":"post","link":"https:\/\/temucotelevision.cl\/web\/2025\/07\/26\/espacio-txawun-inaugura-nuevo-fogon-comunitario-en-padre-las-casas-gracias-al-financiamiento-del-ministerio-de-culturas\/","title":{"rendered":"Espacio Txaw\u00fcn inaugura nuevo fog\u00f3n comunitario en Padre Las Casas gracias al financiamiento del Ministerio de Culturas"},"content":{"rendered":"<div class=\"pvc_clear\"><\/div><p id=\"pvc_stats_57369\" class=\"pvc_stats total_only  \" data-element-id=\"57369\" style=\"\"><i class=\"pvc-stats-icon large\" aria-hidden=\"true\"><svg aria-hidden=\"true\" focusable=\"false\" data-prefix=\"far\" data-icon=\"chart-bar\" role=\"img\" xmlns=\"http:\/\/www.w3.org\/2000\/svg\" viewBox=\"0 0 512 512\" class=\"svg-inline--fa fa-chart-bar fa-w-16 fa-2x\"><path fill=\"currentColor\" d=\"M396.8 352h22.4c6.4 0 12.8-6.4 12.8-12.8V108.8c0-6.4-6.4-12.8-12.8-12.8h-22.4c-6.4 0-12.8 6.4-12.8 12.8v230.4c0 6.4 6.4 12.8 12.8 12.8zm-192 0h22.4c6.4 0 12.8-6.4 12.8-12.8V140.8c0-6.4-6.4-12.8-12.8-12.8h-22.4c-6.4 0-12.8 6.4-12.8 12.8v198.4c0 6.4 6.4 12.8 12.8 12.8zm96 0h22.4c6.4 0 12.8-6.4 12.8-12.8V204.8c0-6.4-6.4-12.8-12.8-12.8h-22.4c-6.4 0-12.8 6.4-12.8 12.8v134.4c0 6.4 6.4 12.8 12.8 12.8zM496 400H48V80c0-8.84-7.16-16-16-16H16C7.16 64 0 71.16 0 80v336c0 17.67 14.33 32 32 32h464c8.84 0 16-7.16 16-16v-16c0-8.84-7.16-16-16-16zm-387.2-48h22.4c6.4 0 12.8-6.4 12.8-12.8v-70.4c0-6.4-6.4-12.8-12.8-12.8h-22.4c-6.4 0-12.8 6.4-12.8 12.8v70.4c0 6.4 6.4 12.8 12.8 12.8z\" class=\"\"><\/path><\/svg><\/i> <img loading=\"lazy\" decoding=\"async\" width=\"16\" height=\"16\" alt=\"Loading\" src=\"https:\/\/temucotelevision.cl\/web\/wp-content\/plugins\/page-views-count\/ajax-loader-2x.gif\" border=0 \/><\/p><div class=\"pvc_clear\"><\/div>\n<p>La jornada reuni\u00f3 a artistas, vecinos, comunidades, gestores culturales y autoridades locales en torno al fuego, en un gesto que simboliza la apertura de un nuevo ciclo para este espacio dedicado a las artes esc\u00e9nicas, ubicado en el kil\u00f3metro 13,5 camino a Niagara.<\/p>\n\n\n\n<p><strong>CULTURA.-<\/strong>&nbsp;El pasado s\u00e1bado se vivi\u00f3 un emotivo y significativo hito en Espacio Txaw\u00fcn con la inauguraci\u00f3n del K\u00fctxalwe, un fog\u00f3n comunitario creado como lugar de encuentro, di\u00e1logo y celebraci\u00f3n en el coraz\u00f3n del centro de creaci\u00f3n art\u00edstica ubicado en el kil\u00f3metro 13,5 camino a Niagara. El proyecto logr\u00f3 ser concretado gracias al financiamiento del Fondo de Infraestructura Cultural del Ministerio de las Culturas, las Artes y el Patrimonio.<\/p>\n\n\n\n<p>La jornada inaugural reuni\u00f3 a artistas, vecinos, comunidades, gestores culturales y autoridades locales en torno al fuego, en un gesto que simboliza la apertura de un nuevo ciclo para este espacio dedicado a las artes esc\u00e9nicas, emplazado en Danquilco, sector rural de Padre Las Casas.<\/p>\n\n\n\n<p>La ceremonia cont\u00f3 con la participaci\u00f3n de la consejera regional, Ana Mar\u00eda Soto, quien puso en valor el trabajo desarrollado por el equipo de Organizaci\u00f3n En Tr\u00e1nsito en pro del desarrollo art\u00edstico local. \u201cEstoy gratamente sorprendida por todo el trabajo comunitario y cultural, se potencia esa cercan\u00eda con los vecinos del sector, yo fui concejala de Padre las casas y considero que tener este espacio para la comunidad, para el desarrollo de las artes, incorporar a j\u00f3venes, personas mayores y ni\u00f1os, me parece maravilloso. Como consejera regional lo vamos a potenciar de todas maneras, vamos a apoyar el trabajo que se realiza ac\u00e1\u201d, enfatiz\u00f3 la autoridad que preside la comisi\u00f3n de infancia y social en el Gobierno regional.<\/p>\n\n\n\n<p>Por su parte, Eric Iturriaga Guti\u00e9rrez, seremi de culturas Araucan\u00eda ampliando sus felicitaciones a la Organizaci\u00f3n Cultural En Tr\u00e1nsito por este nuevo logro en su Espacio de creaci\u00f3n art\u00edstica Txaw\u00fcn, &#8220;han inaugurado un fog\u00f3n que contribuye y refuerza la pertinencia cultural de la propuesta que han impulsado desde hace muchos a\u00f1os. Y tambi\u00e9n, la gesti\u00f3n que han hecho para ampliar su oferta art\u00edstica, llegando a nuevos p\u00fablicos y audiencias. En ese sentido, nos alegramos de que los asistentes hayan podido disfrutar del gran espect\u00e1culo Cr\u00f3nicas Tangueras, que se present\u00f3 en este hito relevante\u201d, se\u00f1al\u00f3.<\/p>\n\n\n\n<p>El k\u00fctxalwe, que en mapuzugun se refiere a un fog\u00f3n, fue concebido no s\u00f3lo como infraestructura, sino como un dispositivo simb\u00f3lico que articula memoria y encuentro. En palabras de Jaime Silva, director de la Organizaci\u00f3n Cultural En Tr\u00e1nsito, gestora del espacio, \u201cEste fog\u00f3n es una invitaci\u00f3n permanente a reunirnos desde la diversidad, reconociendo las ra\u00edces territoriales que habitamos y promoviendo un hacer cultural situado y participativo en favor de la comunidad de artistas, p\u00fablicos y vecinos\u201d, se\u00f1ala.<\/p>\n\n\n\n<p>La inauguraci\u00f3n del K\u00fctxalwe marca tambi\u00e9n el inicio de una serie de actividades comunitarias que se desarrollar\u00e1n en Espacio Txaw\u00fcn, fortaleciendo los v\u00ednculos de la creaci\u00f3n art\u00edstica de la regi\u00f3n con las artes esc\u00e9nicas y la gesti\u00f3n cultural a nivel internacional.<\/p>\n\n\n\n<p><strong>TXAW\u00dcN<\/strong><\/p>\n\n\n\n<p>El espacio de creaci\u00f3n art\u00edstica es un lugar pleno en biodiversidad de avifauna end\u00e9mica y bosque nativo, en el cual se desarrollan iniciativas de investigaci\u00f3n, residencia y creaci\u00f3n en torno a las artes esc\u00e9nicas. Perteneciente a la organizaci\u00f3n cultural En tr\u00e1nsito, se trabaja en actividades de teatro, circo, m\u00fasica y talleres formativos desde el a\u00f1o 2016 siempre estableciendo y profundizando v\u00ednculos con las comunidades cercanas.<\/p>\n\n\n\n<p>En Txaw\u00fcn se desarrollan iniciativas que conforman el plan de gesti\u00f3n de la organizaci\u00f3n, el cual ha sido promovido y financiado por el Programa de Apoyo a Organizaciones Culturales Colaboradoras, (PAOCC) del Ministerio de las Culturas, las Artes y el Patrimonio. Con ello, se busca generar un proyecto a largo plazo, promoviendo la creaci\u00f3n art\u00edstica, residencias e investigaci\u00f3n en arte y cultura, as\u00ed como realizar eventos que re\u00fanan las disciplinas del teatro, el circo, la m\u00fasica y<\/p>\n\n\n\n<p>otros lenguajes art\u00edsticos emergentes. Con este nuevo hito inaugural, Espacio Txaw\u00fcn reafirma su compromiso con el desarrollo cultural con identidad territorial, ofreciendo un lugar abierto al encuentro intercultural, el respeto mutuo y la creaci\u00f3n colaborativa.<\/p>\n\n\n\n<figure class=\"wp-block-image size-large\"><img loading=\"lazy\" decoding=\"async\" width=\"1000\" height=\"751\" src=\"https:\/\/temucotelevision.cl\/web\/wp-content\/uploads\/2025\/07\/foto-archivo-espacio-txawun-21-1000x751.jpg\" alt=\"\" class=\"wp-image-57371\" srcset=\"https:\/\/temucotelevision.cl\/web\/wp-content\/uploads\/2025\/07\/foto-archivo-espacio-txawun-21-1000x751.jpg 1000w, https:\/\/temucotelevision.cl\/web\/wp-content\/uploads\/2025\/07\/foto-archivo-espacio-txawun-21-768x577.jpg 768w, https:\/\/temucotelevision.cl\/web\/wp-content\/uploads\/2025\/07\/foto-archivo-espacio-txawun-21-1536x1153.jpg 1536w, https:\/\/temucotelevision.cl\/web\/wp-content\/uploads\/2025\/07\/foto-archivo-espacio-txawun-21-2048x1537.jpg 2048w\" sizes=\"auto, (max-width: 1000px) 100vw, 1000px\" \/><\/figure>\n","protected":false},"excerpt":{"rendered":"<div class=\"pvc_clear\"><\/div>\n<p id=\"pvc_stats_57369\" class=\"pvc_stats total_only  \" data-element-id=\"57369\" style=\"\"><i class=\"pvc-stats-icon large\" aria-hidden=\"true\"><svg aria-hidden=\"true\" focusable=\"false\" data-prefix=\"far\" data-icon=\"chart-bar\" role=\"img\" xmlns=\"http:\/\/www.w3.org\/2000\/svg\" viewBox=\"0 0 512 512\" class=\"svg-inline--fa fa-chart-bar fa-w-16 fa-2x\"><path fill=\"currentColor\" d=\"M396.8 352h22.4c6.4 0 12.8-6.4 12.8-12.8V108.8c0-6.4-6.4-12.8-12.8-12.8h-22.4c-6.4 0-12.8 6.4-12.8 12.8v230.4c0 6.4 6.4 12.8 12.8 12.8zm-192 0h22.4c6.4 0 12.8-6.4 12.8-12.8V140.8c0-6.4-6.4-12.8-12.8-12.8h-22.4c-6.4 0-12.8 6.4-12.8 12.8v198.4c0 6.4 6.4 12.8 12.8 12.8zm96 0h22.4c6.4 0 12.8-6.4 12.8-12.8V204.8c0-6.4-6.4-12.8-12.8-12.8h-22.4c-6.4 0-12.8 6.4-12.8 12.8v134.4c0 6.4 6.4 12.8 12.8 12.8zM496 400H48V80c0-8.84-7.16-16-16-16H16C7.16 64 0 71.16 0 80v336c0 17.67 14.33 32 32 32h464c8.84 0 16-7.16 16-16v-16c0-8.84-7.16-16-16-16zm-387.2-48h22.4c6.4 0 12.8-6.4 12.8-12.8v-70.4c0-6.4-6.4-12.8-12.8-12.8h-22.4c-6.4 0-12.8 6.4-12.8 12.8v70.4c0 6.4 6.4 12.8 12.8 12.8z\" class=\"\"><\/path><\/svg><\/i> <img loading=\"lazy\" decoding=\"async\" width=\"16\" height=\"16\" alt=\"Loading\" src=\"https:\/\/temucotelevision.cl\/web\/wp-content\/plugins\/page-views-count\/ajax-loader-2x.gif\" border=0 \/><\/p>\n<div class=\"pvc_clear\"><\/div>\n<p>La jornada reuni\u00f3 a artistas, vecinos, comunidades, gestores culturales y autoridades locales en torno al fuego, en un gesto que<\/p>\n","protected":false},"author":1,"featured_media":57370,"comment_status":"open","ping_status":"open","sticky":false,"template":"","format":"standard","meta":{"colormag_page_container_layout":"default_layout","colormag_page_sidebar_layout":"default_layout","footnotes":""},"categories":[86],"tags":[1586],"class_list":["post-57369","post","type-post","status-publish","format-standard","has-post-thumbnail","hentry","category-panoramas","tag-fogon"],"a3_pvc":{"activated":true,"total_views":1524,"today_views":0},"_links":{"self":[{"href":"https:\/\/temucotelevision.cl\/web\/wp-json\/wp\/v2\/posts\/57369","targetHints":{"allow":["GET"]}}],"collection":[{"href":"https:\/\/temucotelevision.cl\/web\/wp-json\/wp\/v2\/posts"}],"about":[{"href":"https:\/\/temucotelevision.cl\/web\/wp-json\/wp\/v2\/types\/post"}],"author":[{"embeddable":true,"href":"https:\/\/temucotelevision.cl\/web\/wp-json\/wp\/v2\/users\/1"}],"replies":[{"embeddable":true,"href":"https:\/\/temucotelevision.cl\/web\/wp-json\/wp\/v2\/comments?post=57369"}],"version-history":[{"count":1,"href":"https:\/\/temucotelevision.cl\/web\/wp-json\/wp\/v2\/posts\/57369\/revisions"}],"predecessor-version":[{"id":57372,"href":"https:\/\/temucotelevision.cl\/web\/wp-json\/wp\/v2\/posts\/57369\/revisions\/57372"}],"wp:featuredmedia":[{"embeddable":true,"href":"https:\/\/temucotelevision.cl\/web\/wp-json\/wp\/v2\/media\/57370"}],"wp:attachment":[{"href":"https:\/\/temucotelevision.cl\/web\/wp-json\/wp\/v2\/media?parent=57369"}],"wp:term":[{"taxonomy":"category","embeddable":true,"href":"https:\/\/temucotelevision.cl\/web\/wp-json\/wp\/v2\/categories?post=57369"},{"taxonomy":"post_tag","embeddable":true,"href":"https:\/\/temucotelevision.cl\/web\/wp-json\/wp\/v2\/tags?post=57369"}],"curies":[{"name":"wp","href":"https:\/\/api.w.org\/{rel}","templated":true}]}}