{"id":56962,"date":"2025-07-01T23:10:43","date_gmt":"2025-07-02T02:10:43","guid":{"rendered":"https:\/\/temucotelevision.cl\/web\/?p=56962"},"modified":"2025-07-01T23:10:44","modified_gmt":"2025-07-02T02:10:44","slug":"baile-y-musica-en-vivo-daran-vida-a-noche-de-tango-en-el-teatro-municipal-de-temuco-con-los-herederos-del-compas-y-romina-tango-show","status":"publish","type":"post","link":"https:\/\/temucotelevision.cl\/web\/2025\/07\/01\/baile-y-musica-en-vivo-daran-vida-a-noche-de-tango-en-el-teatro-municipal-de-temuco-con-los-herederos-del-compas-y-romina-tango-show\/","title":{"rendered":"Baile y m\u00fasica en vivo dar\u00e1n vida a \u2018Noche de Tango\u2019 en el Teatro Municipal de Temuco con \u201cLos Herederos del Comp\u00e1s\u201d y \u201cRomina Tango Show\u201d"},"content":{"rendered":"<div class=\"pvc_clear\"><\/div><p id=\"pvc_stats_56962\" class=\"pvc_stats total_only  \" data-element-id=\"56962\" style=\"\"><i class=\"pvc-stats-icon large\" aria-hidden=\"true\"><svg aria-hidden=\"true\" focusable=\"false\" data-prefix=\"far\" data-icon=\"chart-bar\" role=\"img\" xmlns=\"http:\/\/www.w3.org\/2000\/svg\" viewBox=\"0 0 512 512\" class=\"svg-inline--fa fa-chart-bar fa-w-16 fa-2x\"><path fill=\"currentColor\" d=\"M396.8 352h22.4c6.4 0 12.8-6.4 12.8-12.8V108.8c0-6.4-6.4-12.8-12.8-12.8h-22.4c-6.4 0-12.8 6.4-12.8 12.8v230.4c0 6.4 6.4 12.8 12.8 12.8zm-192 0h22.4c6.4 0 12.8-6.4 12.8-12.8V140.8c0-6.4-6.4-12.8-12.8-12.8h-22.4c-6.4 0-12.8 6.4-12.8 12.8v198.4c0 6.4 6.4 12.8 12.8 12.8zm96 0h22.4c6.4 0 12.8-6.4 12.8-12.8V204.8c0-6.4-6.4-12.8-12.8-12.8h-22.4c-6.4 0-12.8 6.4-12.8 12.8v134.4c0 6.4 6.4 12.8 12.8 12.8zM496 400H48V80c0-8.84-7.16-16-16-16H16C7.16 64 0 71.16 0 80v336c0 17.67 14.33 32 32 32h464c8.84 0 16-7.16 16-16v-16c0-8.84-7.16-16-16-16zm-387.2-48h22.4c6.4 0 12.8-6.4 12.8-12.8v-70.4c0-6.4-6.4-12.8-12.8-12.8h-22.4c-6.4 0-12.8 6.4-12.8 12.8v70.4c0 6.4 6.4 12.8 12.8 12.8z\" class=\"\"><\/path><\/svg><\/i> <img loading=\"lazy\" decoding=\"async\" width=\"16\" height=\"16\" alt=\"Loading\" src=\"https:\/\/temucotelevision.cl\/web\/wp-content\/plugins\/page-views-count\/ajax-loader-2x.gif\" border=0 \/><\/p><div class=\"pvc_clear\"><\/div>\n<p><em>La capital regional vivir\u00e1 una velada inolvidable con destacados artistas argentinos y una experiencia esc\u00e9nica y visual que celebra la elegancia y pasi\u00f3n del tango.<\/em><\/p>\n\n\n\n<p>Una velada cargada de ritmo, emoci\u00f3n y elegancia ofrecer\u00e1 el Teatro Municipal de Temuco este&nbsp;<strong>viernes 4 de julio a las 20:00 horas<\/strong>&nbsp;con el espect\u00e1culo \u2018<em>Noche de Tango\u2019<\/em>, evento que forma parte de la cartelera 2025 y que busca diversificar su programaci\u00f3n con propuestas esc\u00e9nicas que conecten con distintos p\u00fablicos. Esta funci\u00f3n ser\u00e1 una invitaci\u00f3n para los amantes del tango, su est\u00e9tica y su historia, reuniendo en un mismo escenario a dos elencos de alto nivel provenientes de Buenos Aires: la orquesta \u201c<em>Los Herederos del Comp\u00e1s\u201d<\/em>&nbsp;y la compa\u00f1\u00eda \u201c<em>Romina Levin Tango Show\u201d<\/em>.<\/p>\n\n\n\n<p>El espect\u00e1culo ser\u00e1 conducido por la reconocida actriz y comunicadora Cristina Tocco, quien ambientar\u00e1 la velada desde su arribo al teatro, recibiendo al p\u00fablico y compartiendo con los asistentes en el foyer. En ese mismo espacio, se instalar\u00e1 una propuesta visual inspirada en la nostalgia porte\u00f1a, permitiendo que el p\u00fablico pueda fotografiarse en un entorno escenogr\u00e1fico especialmente dise\u00f1ado para esta noche.<\/p>\n\n\n\n<p>La m\u00fasica estar\u00e1 a cargo de&nbsp;<em>Los Herederos del Comp\u00e1s<\/em>, agrupaci\u00f3n que rinde homenaje al legado del \u201cRey del Comp\u00e1s\u201d, Juan D\u2019Arienzo. Fundada en 2009 y dirigida por Pablo Ramos, hijo del \u00faltimo cantor de D\u2019Arienzo, la orquesta se ha presentado en destacados escenarios de Argentina, Uruguay y Chile, llevando un repertorio que rescata el tango en su versi\u00f3n m\u00e1s bailable, con el ritmo vertiginoso y la energ\u00eda que marcaron una \u00e9poca.<\/p>\n\n\n\n<p>Junto a ellos, el p\u00fablico podr\u00e1 disfrutar de la propuesta coreogr\u00e1fica de&nbsp;<em>Romina Levin Tango Show<\/em>, compa\u00f1\u00eda liderada por la reconocida bailarina y directora art\u00edstica Romina Levin. Su carrera internacional incluye su rol protag\u00f3nico en el espect\u00e1culo&nbsp;<em>Forever Tango<\/em>&nbsp;en Broadway y colaboraciones con figuras emblem\u00e1ticas del tango esc\u00e9nico como Miguel \u00c1ngel Zotto. La puesta en escena que presenta en Temuco se aleja del formato tradicional de gala o concierto para ofrecer un show integral, donde la danza cobra fuerza narrativa y emocional, apelando a la teatralidad, la t\u00e9cnica y la sensualidad del tango.<\/p>\n\n\n\n<p>Esta propuesta forma parte del esfuerzo del Teatro Municipal de Temuco &#8220;Camilo Salvo&#8221;, por ampliar su oferta cultural con espect\u00e1culos esc\u00e9nicos que combinan m\u00fasica en vivo, danza y producci\u00f3n visual. As\u00ed lo destac\u00f3 Carolina Castillo, gerente de la Corporaci\u00f3n Cultural y Directora del Teatro Municipal de Temuco, quien afirm\u00f3 que \u201cel evento de&nbsp;<em>Noche de Tango<\/em>&nbsp;busca dar un salto cualitativo. No es solo m\u00fasica ni baile, sino un show esc\u00e9nico integral, con una puesta visual, emocional y art\u00edstica que sorprender\u00e1 al p\u00fablico. Con orquesta, baile y la calidez de Cristina Tocco como anfitriona, queremos ofrecer una experiencia completa para los amantes del tango\u201d, indic\u00f3.<\/p>\n\n\n\n<p>Las entradas ya est\u00e1n disponibles a trav\u00e9s del sitio web&nbsp;<a href=\"http:\/\/www.corporaciontemuco.cl\/\" target=\"_blank\" rel=\"noreferrer noopener\">www.corporaciontemuco.cl<\/a>&nbsp;y en&nbsp;<a href=\"http:\/\/www.ticketplus.cl\/\" target=\"_blank\" rel=\"noreferrer noopener\">www.ticketplus.cl<\/a>.<\/p>\n\n\n\n<figure class=\"wp-block-image aligncenter size-full\"><img loading=\"lazy\" decoding=\"async\" width=\"544\" height=\"544\" src=\"https:\/\/temucotelevision.cl\/web\/wp-content\/uploads\/2025\/07\/HEREDEROS.jpg\" alt=\"\" class=\"wp-image-56964\" srcset=\"https:\/\/temucotelevision.cl\/web\/wp-content\/uploads\/2025\/07\/HEREDEROS.jpg 544w, https:\/\/temucotelevision.cl\/web\/wp-content\/uploads\/2025\/07\/HEREDEROS-150x150.jpg 150w\" sizes=\"auto, (max-width: 544px) 100vw, 544px\" \/><\/figure>\n","protected":false},"excerpt":{"rendered":"<div class=\"pvc_clear\"><\/div>\n<p id=\"pvc_stats_56962\" class=\"pvc_stats total_only  \" data-element-id=\"56962\" style=\"\"><i class=\"pvc-stats-icon large\" aria-hidden=\"true\"><svg aria-hidden=\"true\" focusable=\"false\" data-prefix=\"far\" data-icon=\"chart-bar\" role=\"img\" xmlns=\"http:\/\/www.w3.org\/2000\/svg\" viewBox=\"0 0 512 512\" class=\"svg-inline--fa fa-chart-bar fa-w-16 fa-2x\"><path fill=\"currentColor\" d=\"M396.8 352h22.4c6.4 0 12.8-6.4 12.8-12.8V108.8c0-6.4-6.4-12.8-12.8-12.8h-22.4c-6.4 0-12.8 6.4-12.8 12.8v230.4c0 6.4 6.4 12.8 12.8 12.8zm-192 0h22.4c6.4 0 12.8-6.4 12.8-12.8V140.8c0-6.4-6.4-12.8-12.8-12.8h-22.4c-6.4 0-12.8 6.4-12.8 12.8v198.4c0 6.4 6.4 12.8 12.8 12.8zm96 0h22.4c6.4 0 12.8-6.4 12.8-12.8V204.8c0-6.4-6.4-12.8-12.8-12.8h-22.4c-6.4 0-12.8 6.4-12.8 12.8v134.4c0 6.4 6.4 12.8 12.8 12.8zM496 400H48V80c0-8.84-7.16-16-16-16H16C7.16 64 0 71.16 0 80v336c0 17.67 14.33 32 32 32h464c8.84 0 16-7.16 16-16v-16c0-8.84-7.16-16-16-16zm-387.2-48h22.4c6.4 0 12.8-6.4 12.8-12.8v-70.4c0-6.4-6.4-12.8-12.8-12.8h-22.4c-6.4 0-12.8 6.4-12.8 12.8v70.4c0 6.4 6.4 12.8 12.8 12.8z\" class=\"\"><\/path><\/svg><\/i> <img loading=\"lazy\" decoding=\"async\" width=\"16\" height=\"16\" alt=\"Loading\" src=\"https:\/\/temucotelevision.cl\/web\/wp-content\/plugins\/page-views-count\/ajax-loader-2x.gif\" border=0 \/><\/p>\n<div class=\"pvc_clear\"><\/div>\n<p>La capital regional vivir\u00e1 una velada inolvidable con destacados artistas argentinos y una experiencia esc\u00e9nica y visual que celebra la<\/p>\n","protected":false},"author":1,"featured_media":56963,"comment_status":"open","ping_status":"open","sticky":false,"template":"","format":"standard","meta":{"colormag_page_container_layout":"default_layout","colormag_page_sidebar_layout":"default_layout","footnotes":""},"categories":[86],"tags":[283],"class_list":["post-56962","post","type-post","status-publish","format-standard","has-post-thumbnail","hentry","category-panoramas","tag-teatro"],"a3_pvc":{"activated":true,"total_views":3208,"today_views":0},"_links":{"self":[{"href":"https:\/\/temucotelevision.cl\/web\/wp-json\/wp\/v2\/posts\/56962","targetHints":{"allow":["GET"]}}],"collection":[{"href":"https:\/\/temucotelevision.cl\/web\/wp-json\/wp\/v2\/posts"}],"about":[{"href":"https:\/\/temucotelevision.cl\/web\/wp-json\/wp\/v2\/types\/post"}],"author":[{"embeddable":true,"href":"https:\/\/temucotelevision.cl\/web\/wp-json\/wp\/v2\/users\/1"}],"replies":[{"embeddable":true,"href":"https:\/\/temucotelevision.cl\/web\/wp-json\/wp\/v2\/comments?post=56962"}],"version-history":[{"count":1,"href":"https:\/\/temucotelevision.cl\/web\/wp-json\/wp\/v2\/posts\/56962\/revisions"}],"predecessor-version":[{"id":56965,"href":"https:\/\/temucotelevision.cl\/web\/wp-json\/wp\/v2\/posts\/56962\/revisions\/56965"}],"wp:featuredmedia":[{"embeddable":true,"href":"https:\/\/temucotelevision.cl\/web\/wp-json\/wp\/v2\/media\/56963"}],"wp:attachment":[{"href":"https:\/\/temucotelevision.cl\/web\/wp-json\/wp\/v2\/media?parent=56962"}],"wp:term":[{"taxonomy":"category","embeddable":true,"href":"https:\/\/temucotelevision.cl\/web\/wp-json\/wp\/v2\/categories?post=56962"},{"taxonomy":"post_tag","embeddable":true,"href":"https:\/\/temucotelevision.cl\/web\/wp-json\/wp\/v2\/tags?post=56962"}],"curies":[{"name":"wp","href":"https:\/\/api.w.org\/{rel}","templated":true}]}}