{"id":56890,"date":"2025-06-29T19:57:00","date_gmt":"2025-06-29T22:57:00","guid":{"rendered":"https:\/\/temucotelevision.cl\/web\/?p=56890"},"modified":"2025-06-29T19:57:01","modified_gmt":"2025-06-29T22:57:01","slug":"la-bomba-germania-de-temuco-celebro-126-anos-de-servicio-y-legado-historico","status":"publish","type":"post","link":"https:\/\/temucotelevision.cl\/web\/2025\/06\/29\/la-bomba-germania-de-temuco-celebro-126-anos-de-servicio-y-legado-historico\/","title":{"rendered":"La \u00abBomba Germania\u00bb de Temuco celebr\u00f3 126 a\u00f1os de servicio y legado hist\u00f3rico"},"content":{"rendered":"<div class=\"pvc_clear\"><\/div><p id=\"pvc_stats_56890\" class=\"pvc_stats total_only  \" data-element-id=\"56890\" style=\"\"><i class=\"pvc-stats-icon large\" aria-hidden=\"true\"><svg aria-hidden=\"true\" focusable=\"false\" data-prefix=\"far\" data-icon=\"chart-bar\" role=\"img\" xmlns=\"http:\/\/www.w3.org\/2000\/svg\" viewBox=\"0 0 512 512\" class=\"svg-inline--fa fa-chart-bar fa-w-16 fa-2x\"><path fill=\"currentColor\" d=\"M396.8 352h22.4c6.4 0 12.8-6.4 12.8-12.8V108.8c0-6.4-6.4-12.8-12.8-12.8h-22.4c-6.4 0-12.8 6.4-12.8 12.8v230.4c0 6.4 6.4 12.8 12.8 12.8zm-192 0h22.4c6.4 0 12.8-6.4 12.8-12.8V140.8c0-6.4-6.4-12.8-12.8-12.8h-22.4c-6.4 0-12.8 6.4-12.8 12.8v198.4c0 6.4 6.4 12.8 12.8 12.8zm96 0h22.4c6.4 0 12.8-6.4 12.8-12.8V204.8c0-6.4-6.4-12.8-12.8-12.8h-22.4c-6.4 0-12.8 6.4-12.8 12.8v134.4c0 6.4 6.4 12.8 12.8 12.8zM496 400H48V80c0-8.84-7.16-16-16-16H16C7.16 64 0 71.16 0 80v336c0 17.67 14.33 32 32 32h464c8.84 0 16-7.16 16-16v-16c0-8.84-7.16-16-16-16zm-387.2-48h22.4c6.4 0 12.8-6.4 12.8-12.8v-70.4c0-6.4-6.4-12.8-12.8-12.8h-22.4c-6.4 0-12.8 6.4-12.8 12.8v70.4c0 6.4 6.4 12.8 12.8 12.8z\" class=\"\"><\/path><\/svg><\/i> <img loading=\"lazy\" decoding=\"async\" width=\"16\" height=\"16\" alt=\"Loading\" src=\"https:\/\/temucotelevision.cl\/web\/wp-content\/plugins\/page-views-count\/ajax-loader-2x.gif\" border=0 \/><\/p><div class=\"pvc_clear\"><\/div>\n<p>Esta semana culminaron las emotivas celebraciones por el 126\u00ba aniversario de la&nbsp;<strong>Tercera Compa\u00f1\u00eda \u201cBomba Germania\u201d del Cuerpo de Bomberos de Temuco<\/strong>, un hito que no solo conmemor\u00f3 m\u00e1s de un siglo de servicio a la comunidad, sino que tambi\u00e9n rindi\u00f3 homenaje a sus fundadores y a la profunda tradici\u00f3n que ha marcado su trayectoria.<\/p>\n\n\n\n<p>Las festividades, que se extendieron a lo largo de mayo y junio, se iniciaron con el 63\u00ba aniversario de la&nbsp;<strong>Jugendgruppe Stadt Temuco<\/strong>, la secci\u00f3n de cadetes de la Tercera Compa\u00f1\u00eda y la m\u00e1s antigua del Cuerpo de Bomberos de Temuco. Los eventos prosiguieron con tradicionales actividades como la&nbsp;<strong>\u201cCopa Germania\u201d<\/strong>, donde los voluntarios demostraron sus habilidades y destrezas bomberiles en una competencia interna. La camarader\u00eda tambi\u00e9n estuvo presente en una cena que reuni\u00f3 a los bomberos con sus parejas.<\/p>\n\n\n\n<p>El punto culminante de la celebraci\u00f3n fue la&nbsp;<strong>sesi\u00f3n solemne<\/strong>&nbsp;desarrollada en el sal\u00f3n de actos de su cuartel, ubicado en avenida Prieto Norte. Durante la ceremonia, se record\u00f3 que un 25 de junio de 1899, la comunidad alemana residente, motivada por la visi\u00f3n del alcalde de la \u00e9poca, fund\u00f3 oficialmente la Compa\u00f1\u00eda Alemana de Bomberos en Temuco.<\/p>\n\n\n\n<p><strong>UN LEGADO DE SACRIFICIO Y SERVICIO<\/strong><\/p>\n\n\n\n<p>\u201cEstos 126 a\u00f1os de historia nos hacen observar con admiraci\u00f3n y respeto a los fundadores y a los acontecimientos que marcaron su fundaci\u00f3n, especialmente cuando recordamos la participaci\u00f3n de aquellos que grabaron con letras de sacrificio supremo su anhelo de servir, entregando su vida para el bien ajeno\u201d, destac\u00f3 el maestro de ceremonias.<\/p>\n\n\n\n<p>Durante la sesi\u00f3n, se rindi\u00f3 un emotivo homenaje a los m\u00e1rtires de la compa\u00f1\u00eda: el voluntario Arturo Barnet Ithal y Karl Reinarz Johst , ca\u00eddos en acto de servicio en el siglo pasado.<\/p>\n\n\n\n<p>&nbsp;La ceremonia incluy\u00f3 la entonaci\u00f3n de los himnos nacionales de Chile y Alemania, subrayando las profundas ra\u00edces binacionales de la compa\u00f1\u00eda.<\/p>\n\n\n\n<p>Durante la ceremonia, el capit\u00e1n de la compa\u00f1\u00eda,&nbsp;<strong>Juan del R\u00edo<\/strong>&nbsp;ofreci\u00f3 una detallada rese\u00f1a hist\u00f3rica, desde la llegada de las primeras familias de colonos alemanes a Temuco en 1885 hasta la fundaci\u00f3n de la compa\u00f1\u00eda y la adquisici\u00f3n de sus primeras bombas, incluyendo la emblem\u00e1tica&nbsp;<strong>\u201cPenquista\u201d<\/strong>. Tambi\u00e9n se record\u00f3 la creaci\u00f3n de la&nbsp;<strong>Confederaci\u00f3n de Compa\u00f1\u00edas Chileno-Alemana de Bomberos<\/strong>&nbsp;en 1962, impulsada por la Bomba Germania de Temuco, y la formaci\u00f3n de la&nbsp;<strong>Jugendgruppe<\/strong>&nbsp;&nbsp;ese mismo a\u00f1o. Se destac\u00f3 la incorporaci\u00f3n en 1986 de la especialidad de rescate t\u00e9cnico pesado, con la llegada del m\u00edtico \u201ccarro amarillo\u201d que recientemente regres\u00f3 a su cuartel.<\/p>\n\n\n\n<p><strong>COMPROMISO INQUEBRANTABLE CON LA COMUNIDAD<\/strong><\/p>\n\n\n\n<p>El director de la Tercera Compa\u00f1\u00eda,&nbsp;<strong>Jorge Valenzuela<\/strong>, expres\u00f3 su \u201cprofundo sentimiento de orgullo y gratitud\u201d por los 126 a\u00f1os de \u201csacrificio, compromiso y una vocaci\u00f3n de servicio inquebrantable\u201d. Agradeci\u00f3 a los voluntarios por mantener viva \u201cla m\u00edstica tercerina\u201d y por honrar el legado de sus antecesores. Tambi\u00e9n extendi\u00f3 su gratitud a las autoridades bomberiles y civiles, destacando el apoyo fundamental que permite a la compa\u00f1\u00eda desarrollar su labor con seguridad y eficiencia.<\/p>\n\n\n\n<p>\u201cNuestra vocaci\u00f3n de servicio no tiene colores, no tiene horarios. Estamos cuando se nos necesita en cada incendio, cat\u00e1strofe o en cada emergencia\u201d, afirm\u00f3 Valenzuela, haciendo un llamado a fortalecer las alianzas entre bomberos y ciudadan\u00eda.<\/p>\n\n\n\n<p>Por su parte, el vicesuperintendente del Cuerpo de Bomberos de Temuco,&nbsp;<strong>Leopoldo Aravena<\/strong>&nbsp;felicit\u00f3 a la Bomba Germania, resaltando su rol fundacional y su incondicional servicio a lo largo de los a\u00f1os. Subray\u00f3 la importancia de la especialidad de rescate vehicular y el esfuerzo de los voluntarios en su capacitaci\u00f3n.<\/p>\n\n\n\n<p>El alcalde de Temuco,&nbsp;<strong>Roberto Neira Aburto<\/strong>, con 29 a\u00f1os como voluntario de la Tercera, comparti\u00f3 una perspectiva personal y emotiva. Record\u00f3 sus inicios como cadete a los 16 a\u00f1os de edad y c\u00f3mo la compa\u00f1\u00eda le ense\u00f1\u00f3 disciplina y respeto. \u201cPara que el Cuerpo de Bomberos de Temuco sepa que siempre va a tener a la Municipalidad como su aliado y a la Tercera Compa\u00f1\u00eda es lo mismo\u201d, asegur\u00f3, destacando el creciente aporte municipal, que asciende a $325 millones anuales.<\/p>\n\n\n\n<figure class=\"wp-block-image size-large\"><img loading=\"lazy\" decoding=\"async\" width=\"1000\" height=\"667\" src=\"https:\/\/temucotelevision.cl\/web\/wp-content\/uploads\/2025\/06\/IMG_7314-1000x667.jpg\" alt=\"\" class=\"wp-image-56893\" srcset=\"https:\/\/temucotelevision.cl\/web\/wp-content\/uploads\/2025\/06\/IMG_7314-1000x667.jpg 1000w, https:\/\/temucotelevision.cl\/web\/wp-content\/uploads\/2025\/06\/IMG_7314-768x512.jpg 768w, https:\/\/temucotelevision.cl\/web\/wp-content\/uploads\/2025\/06\/IMG_7314-1536x1024.jpg 1536w, https:\/\/temucotelevision.cl\/web\/wp-content\/uploads\/2025\/06\/IMG_7314.jpg 1920w\" sizes=\"auto, (max-width: 1000px) 100vw, 1000px\" \/><\/figure>\n","protected":false},"excerpt":{"rendered":"<div class=\"pvc_clear\"><\/div>\n<p id=\"pvc_stats_56890\" class=\"pvc_stats total_only  \" data-element-id=\"56890\" style=\"\"><i class=\"pvc-stats-icon large\" aria-hidden=\"true\"><svg aria-hidden=\"true\" focusable=\"false\" data-prefix=\"far\" data-icon=\"chart-bar\" role=\"img\" xmlns=\"http:\/\/www.w3.org\/2000\/svg\" viewBox=\"0 0 512 512\" class=\"svg-inline--fa fa-chart-bar fa-w-16 fa-2x\"><path fill=\"currentColor\" d=\"M396.8 352h22.4c6.4 0 12.8-6.4 12.8-12.8V108.8c0-6.4-6.4-12.8-12.8-12.8h-22.4c-6.4 0-12.8 6.4-12.8 12.8v230.4c0 6.4 6.4 12.8 12.8 12.8zm-192 0h22.4c6.4 0 12.8-6.4 12.8-12.8V140.8c0-6.4-6.4-12.8-12.8-12.8h-22.4c-6.4 0-12.8 6.4-12.8 12.8v198.4c0 6.4 6.4 12.8 12.8 12.8zm96 0h22.4c6.4 0 12.8-6.4 12.8-12.8V204.8c0-6.4-6.4-12.8-12.8-12.8h-22.4c-6.4 0-12.8 6.4-12.8 12.8v134.4c0 6.4 6.4 12.8 12.8 12.8zM496 400H48V80c0-8.84-7.16-16-16-16H16C7.16 64 0 71.16 0 80v336c0 17.67 14.33 32 32 32h464c8.84 0 16-7.16 16-16v-16c0-8.84-7.16-16-16-16zm-387.2-48h22.4c6.4 0 12.8-6.4 12.8-12.8v-70.4c0-6.4-6.4-12.8-12.8-12.8h-22.4c-6.4 0-12.8 6.4-12.8 12.8v70.4c0 6.4 6.4 12.8 12.8 12.8z\" class=\"\"><\/path><\/svg><\/i> <img loading=\"lazy\" decoding=\"async\" width=\"16\" height=\"16\" alt=\"Loading\" src=\"https:\/\/temucotelevision.cl\/web\/wp-content\/plugins\/page-views-count\/ajax-loader-2x.gif\" border=0 \/><\/p>\n<div class=\"pvc_clear\"><\/div>\n<p>Esta semana culminaron las emotivas celebraciones por el 126\u00ba aniversario de la&nbsp;Tercera Compa\u00f1\u00eda \u201cBomba Germania\u201d del Cuerpo de Bomberos de<\/p>\n","protected":false},"author":1,"featured_media":56891,"comment_status":"open","ping_status":"open","sticky":false,"template":"","format":"standard","meta":{"colormag_page_container_layout":"default_layout","colormag_page_sidebar_layout":"default_layout","footnotes":""},"categories":[14],"tags":[304],"class_list":["post-56890","post","type-post","status-publish","format-standard","has-post-thumbnail","hentry","category-temuco","tag-bomberos"],"a3_pvc":{"activated":true,"total_views":4148,"today_views":0},"_links":{"self":[{"href":"https:\/\/temucotelevision.cl\/web\/wp-json\/wp\/v2\/posts\/56890","targetHints":{"allow":["GET"]}}],"collection":[{"href":"https:\/\/temucotelevision.cl\/web\/wp-json\/wp\/v2\/posts"}],"about":[{"href":"https:\/\/temucotelevision.cl\/web\/wp-json\/wp\/v2\/types\/post"}],"author":[{"embeddable":true,"href":"https:\/\/temucotelevision.cl\/web\/wp-json\/wp\/v2\/users\/1"}],"replies":[{"embeddable":true,"href":"https:\/\/temucotelevision.cl\/web\/wp-json\/wp\/v2\/comments?post=56890"}],"version-history":[{"count":1,"href":"https:\/\/temucotelevision.cl\/web\/wp-json\/wp\/v2\/posts\/56890\/revisions"}],"predecessor-version":[{"id":56894,"href":"https:\/\/temucotelevision.cl\/web\/wp-json\/wp\/v2\/posts\/56890\/revisions\/56894"}],"wp:featuredmedia":[{"embeddable":true,"href":"https:\/\/temucotelevision.cl\/web\/wp-json\/wp\/v2\/media\/56891"}],"wp:attachment":[{"href":"https:\/\/temucotelevision.cl\/web\/wp-json\/wp\/v2\/media?parent=56890"}],"wp:term":[{"taxonomy":"category","embeddable":true,"href":"https:\/\/temucotelevision.cl\/web\/wp-json\/wp\/v2\/categories?post=56890"},{"taxonomy":"post_tag","embeddable":true,"href":"https:\/\/temucotelevision.cl\/web\/wp-json\/wp\/v2\/tags?post=56890"}],"curies":[{"name":"wp","href":"https:\/\/api.w.org\/{rel}","templated":true}]}}