{"id":56884,"date":"2025-06-27T11:16:40","date_gmt":"2025-06-27T14:16:40","guid":{"rendered":"https:\/\/temucotelevision.cl\/web\/?p=56884"},"modified":"2025-06-27T11:16:41","modified_gmt":"2025-06-27T14:16:41","slug":"rutas-fluviales-araucania-lanza-su-temporada-invernal","status":"publish","type":"post","link":"https:\/\/temucotelevision.cl\/web\/2025\/06\/27\/rutas-fluviales-araucania-lanza-su-temporada-invernal\/","title":{"rendered":"Rutas fluviales\u00a0Araucan\u00eda lanza\u00a0su temporada invernal\u00a0"},"content":{"rendered":"<div class=\"pvc_clear\"><\/div><p id=\"pvc_stats_56884\" class=\"pvc_stats total_only  \" data-element-id=\"56884\" style=\"\"><i class=\"pvc-stats-icon large\" aria-hidden=\"true\"><svg aria-hidden=\"true\" focusable=\"false\" data-prefix=\"far\" data-icon=\"chart-bar\" role=\"img\" xmlns=\"http:\/\/www.w3.org\/2000\/svg\" viewBox=\"0 0 512 512\" class=\"svg-inline--fa fa-chart-bar fa-w-16 fa-2x\"><path fill=\"currentColor\" d=\"M396.8 352h22.4c6.4 0 12.8-6.4 12.8-12.8V108.8c0-6.4-6.4-12.8-12.8-12.8h-22.4c-6.4 0-12.8 6.4-12.8 12.8v230.4c0 6.4 6.4 12.8 12.8 12.8zm-192 0h22.4c6.4 0 12.8-6.4 12.8-12.8V140.8c0-6.4-6.4-12.8-12.8-12.8h-22.4c-6.4 0-12.8 6.4-12.8 12.8v198.4c0 6.4 6.4 12.8 12.8 12.8zm96 0h22.4c6.4 0 12.8-6.4 12.8-12.8V204.8c0-6.4-6.4-12.8-12.8-12.8h-22.4c-6.4 0-12.8 6.4-12.8 12.8v134.4c0 6.4 6.4 12.8 12.8 12.8zM496 400H48V80c0-8.84-7.16-16-16-16H16C7.16 64 0 71.16 0 80v336c0 17.67 14.33 32 32 32h464c8.84 0 16-7.16 16-16v-16c0-8.84-7.16-16-16-16zm-387.2-48h22.4c6.4 0 12.8-6.4 12.8-12.8v-70.4c0-6.4-6.4-12.8-12.8-12.8h-22.4c-6.4 0-12.8 6.4-12.8 12.8v70.4c0 6.4 6.4 12.8 12.8 12.8z\" class=\"\"><\/path><\/svg><\/i> <img loading=\"lazy\" decoding=\"async\" width=\"16\" height=\"16\" alt=\"Loading\" src=\"https:\/\/temucotelevision.cl\/web\/wp-content\/plugins\/page-views-count\/ajax-loader-2x.gif\" border=0 \/><\/p><div class=\"pvc_clear\"><\/div>\n<p><em>\u2022<\/em>&nbsp;<em>&nbsp;<\/em><em>Traves\u00edas en kayak, pesca recreativa y sabores de la costa en un entorno natural y aut\u00e9ntico.<\/em>&nbsp;<em>&nbsp;<\/em><em>son solo algunas de las actividades que ofrecen las rutas<\/em>&nbsp;<em>&nbsp;<\/em><em>Tolt\u00e9n<\/em>&nbsp;<em>&nbsp;<\/em><em>y Carahue Navegable.<\/em><em><\/em><\/p>\n\n\n\n<p>Con el tel\u00f3n de fondo del arte, la cultura y la identidad local, la&nbsp;&nbsp;<strong>Tienda Primeros Pueblos de CMPC en Temuco<\/strong>&nbsp;&nbsp;fue escenario del lanzamiento de la temporada de invierno de dos de las experiencias tur\u00edsticas m\u00e1s aut\u00e9nticas de la regi\u00f3n:&nbsp;&nbsp;<strong>Carahue Navegable<\/strong>&nbsp;&nbsp;y&nbsp;&nbsp;<strong>Tolt\u00e9n Navegable<\/strong>&nbsp;, asociados bajo la marca&nbsp;&nbsp;<strong>Rutas Fluviales Araucan\u00eda<\/strong>&nbsp;.&nbsp;&nbsp;<\/p>\n\n\n\n<p>Ambas rutas, que recorre las aguas del r\u00edo Imperial y del r\u00edo Tolt\u00e9n,&nbsp;&nbsp;ofrecen una traves\u00eda fluvial, cultural y gastron\u00f3mica que promete seguir consolid\u00e1ndose como uno de los grandes atractivos de la regi\u00f3n.&nbsp;&nbsp;Es as\u00ed como&nbsp;&nbsp;la iniciativa Rutas Fluviales Araucan\u00eda&nbsp;&nbsp;ha apostado por el turismo sostenible como motor de desarrollo en los territorios donde opera, generando alianzas con emprendedores locales, municipios y organizaciones.&nbsp;P\u00fablico y privado&nbsp;&nbsp;para poner en valor la cultura, la naturaleza y el patrimonio fluvial de la regi\u00f3n.<\/p>\n\n\n\n<p>\u201cEsta iniciativa nace desde los territorios, con apoyo de los municipios y el Obispado de Temuco, y lleva a\u00f1os impulsando el turismo.&nbsp;&nbsp;local. Hoy estamos potenciando&nbsp;&nbsp;emprendimientos a lo largo de las cuencas del r\u00edo Imperial y Tolt\u00e9n, enfocados en gastronom\u00eda, turismo ecol\u00f3gico y agrosustentable. Son alternativas \u00fanicas que&nbsp;&nbsp;muestran la belleza natural de La Araucan\u00eda costera, m\u00e1s all\u00e1 de los destinos tradicionales. Como CMPC, nos enorgullece contribuir a poner en valor estos territorios y sus comunidades\u201d, se\u00f1al\u00f3&nbsp;&nbsp;<strong>Juan Pablo Fuentes, subgerente de Relacionamiento de CMPC<\/strong>&nbsp;.&nbsp;&nbsp;<\/p>\n\n\n\n<p>Desde la&nbsp;&nbsp;<strong>Municipalidad de Carahue, su alcalde Helmuth Mart\u00ednez<\/strong>&nbsp;, recalc\u00f3 la relevancia de contar con estas rutas para fomentar el turismo en su comuna: &#8220;Carahue tiene una riqueza natural y cultural \u00fanica, con humedales, sitios Ramsar y una identidad viva en torno al r\u00edo Imperial. Esta alianza p\u00fablico-privada potencia el turismo y el desarrollo local de nuestra comuna&#8221;.&nbsp;&nbsp;<\/p>\n\n\n\n<p><strong>Claudina Uribe, administradora de bienes del Obispado de Temuco,<\/strong>&nbsp;&nbsp;valor\u00f3 la alianza p\u00fablico-privada con CMPC y municipios para acompa\u00f1ar a&nbsp;los&nbsp;&nbsp;emprendedores de la zona costera de La Araucan\u00eda desde lo social, espiritual y productivo. Destac\u00f3 que este trabajo busca impulsar la movilidad social, fortalecer proyectos locales y posicionar las rutas fluviales como un destino tur\u00edstico de alto valor. \u201cLa idea es que, en el futuro,&nbsp;&nbsp;cuando pensemos en turismo en el sur de Chile, no solo miremos Valdivia, sino tambi\u00e9n so\u00f1emos con la costa de La Araucan\u00eda y sus rutas fluviales\u201d, se\u00f1al\u00f3.<\/p>\n\n\n\n<p><strong>Emprendimientos que encantan<\/strong><strong><\/strong><\/p>\n\n\n\n<p>En esta nueva temporada,&nbsp;&nbsp;<strong>la Ruta Fluvial Carahue Navegable<\/strong>&nbsp;&nbsp;invita a redescubrir la historia viva de Carahue a trav\u00e9s de paseos en lancha, visitas a la Estaci\u00f3n Fluvial y una vibrante oferta gastron\u00f3mica a orillas del r\u00edo Imperial. Impulsada por m\u00e1s de 20 emprendedores locales, el municipio, el Departamento de Acci\u00f3n Social del Obispado de Temuco y CMPC, esta ruta se ha transformado en un referente de turismo con impacto social y cultural.<\/p>\n\n\n\n<p>Desde la ribera del r\u00edo Imperial,&nbsp;&nbsp;<strong>Mauricio San Mart\u00edn, uno de los impulsores de la Ruta Fluvial Carahue Navegable<\/strong>&nbsp;, extendi\u00f3 una invitaci\u00f3n abierta a conocer esta experiencia que combina naturaleza, patrimonio y cultura lafkenche:&nbsp;&nbsp;&#8220;La Ruta Fluvial Carahue Navegable es una experiencia \u00fanica que rescata el valor del r\u00edo Imperial y su entorno. Es una oportunidad para reconectarse con la naturaleza, con la historia local y con la identidad lafkenche. Ofrecemos paseos en lancha, gastronom\u00eda t\u00edpica, museos y relatos que dan vida a este territorio&#8221;.&nbsp;&nbsp;<\/p>\n\n\n\n<p>Por otro lado,&nbsp;&nbsp;<strong>la Ruta<\/strong>&nbsp;<strong>&nbsp;<\/strong><strong>Fluvial<\/strong>&nbsp;<strong>&nbsp;<\/strong><strong>Tolt\u00e9n Navegable<\/strong>&nbsp;, compuesto por 29 emprendimientos, propone una experiencia familiar a lo largo del r\u00edo Tolt\u00e9n, que va desde un desayuno mapuche, traves\u00edas en kayak y pesca recreativa, hasta un recorrido gastron\u00f3mico que culmina en Queule y la caleta La Barra, con lo mejor de los sabores costeros.<\/p>\n\n\n\n<p><strong>Juan Sandoval, presidente de la Ruta Fluvial Tolt\u00e9n Navegable<\/strong>&nbsp;, se\u00f1al\u00f3 que para este invierno, visitar la ruta es un imperdible: &#8220;Si buscan una experiencia aut\u00e9ntica, lejos de lo tradicional y estructurado, la Ruta Fluvial Tolt\u00e9n es el destino ideal. Aqu\u00ed encontrar\u00e1n naturaleza en estado puro, una costa viva y real, con todo su encanto y car\u00e1cter local. Invitamos a las familias de La Araucan\u00eda, el Biob\u00edo y otras regiones a programarse y descubrir este rinc\u00f3n \u00fanico, con alojamiento, gastronom\u00eda, y actividades como la pesca recreativa del Chinook, guiada por expertos\u201d.&nbsp;&nbsp;<\/p>\n\n\n\n<p><strong>Primeros Pueblos, la tienda donde se realiz\u00f3 este importante lanzamiento,<\/strong>&nbsp;&nbsp;re\u00fane&nbsp;&nbsp;<strong>76 emprendimientos<\/strong>&nbsp;, que representan a m\u00e1s de 250 emprendedores, de los cuales el&nbsp;&nbsp;<strong>El 70% pertenece al pueblo mapuche<\/strong>&nbsp;. Esta diversidad de oficios y culturas se expresa en cada producto, todos hechos a mano, en armon\u00eda con el medio ambiente, y con una historia detr\u00e1s.<\/p>\n\n\n\n<figure class=\"wp-block-image size-large\"><img loading=\"lazy\" decoding=\"async\" width=\"1000\" height=\"667\" src=\"https:\/\/temucotelevision.cl\/web\/wp-content\/uploads\/2025\/06\/Lanzamiento2-1000x667.jpg\" alt=\"\" class=\"wp-image-56886\" srcset=\"https:\/\/temucotelevision.cl\/web\/wp-content\/uploads\/2025\/06\/Lanzamiento2-1000x667.jpg 1000w, https:\/\/temucotelevision.cl\/web\/wp-content\/uploads\/2025\/06\/Lanzamiento2-768x512.jpg 768w, https:\/\/temucotelevision.cl\/web\/wp-content\/uploads\/2025\/06\/Lanzamiento2-1536x1024.jpg 1536w, https:\/\/temucotelevision.cl\/web\/wp-content\/uploads\/2025\/06\/Lanzamiento2-2048x1365.jpg 2048w\" sizes=\"auto, (max-width: 1000px) 100vw, 1000px\" \/><\/figure>\n","protected":false},"excerpt":{"rendered":"<div class=\"pvc_clear\"><\/div>\n<p id=\"pvc_stats_56884\" class=\"pvc_stats total_only  \" data-element-id=\"56884\" style=\"\"><i class=\"pvc-stats-icon large\" aria-hidden=\"true\"><svg aria-hidden=\"true\" focusable=\"false\" data-prefix=\"far\" data-icon=\"chart-bar\" role=\"img\" xmlns=\"http:\/\/www.w3.org\/2000\/svg\" viewBox=\"0 0 512 512\" class=\"svg-inline--fa fa-chart-bar fa-w-16 fa-2x\"><path fill=\"currentColor\" d=\"M396.8 352h22.4c6.4 0 12.8-6.4 12.8-12.8V108.8c0-6.4-6.4-12.8-12.8-12.8h-22.4c-6.4 0-12.8 6.4-12.8 12.8v230.4c0 6.4 6.4 12.8 12.8 12.8zm-192 0h22.4c6.4 0 12.8-6.4 12.8-12.8V140.8c0-6.4-6.4-12.8-12.8-12.8h-22.4c-6.4 0-12.8 6.4-12.8 12.8v198.4c0 6.4 6.4 12.8 12.8 12.8zm96 0h22.4c6.4 0 12.8-6.4 12.8-12.8V204.8c0-6.4-6.4-12.8-12.8-12.8h-22.4c-6.4 0-12.8 6.4-12.8 12.8v134.4c0 6.4 6.4 12.8 12.8 12.8zM496 400H48V80c0-8.84-7.16-16-16-16H16C7.16 64 0 71.16 0 80v336c0 17.67 14.33 32 32 32h464c8.84 0 16-7.16 16-16v-16c0-8.84-7.16-16-16-16zm-387.2-48h22.4c6.4 0 12.8-6.4 12.8-12.8v-70.4c0-6.4-6.4-12.8-12.8-12.8h-22.4c-6.4 0-12.8 6.4-12.8 12.8v70.4c0 6.4 6.4 12.8 12.8 12.8z\" class=\"\"><\/path><\/svg><\/i> <img loading=\"lazy\" decoding=\"async\" width=\"16\" height=\"16\" alt=\"Loading\" src=\"https:\/\/temucotelevision.cl\/web\/wp-content\/plugins\/page-views-count\/ajax-loader-2x.gif\" border=0 \/><\/p>\n<div class=\"pvc_clear\"><\/div>\n<p>\u2022&nbsp;&nbsp;Traves\u00edas en kayak, pesca recreativa y sabores de la costa en un entorno natural y aut\u00e9ntico.&nbsp;&nbsp;son solo algunas de las<\/p>\n","protected":false},"author":1,"featured_media":56885,"comment_status":"open","ping_status":"open","sticky":false,"template":"","format":"standard","meta":{"colormag_page_container_layout":"default_layout","colormag_page_sidebar_layout":"default_layout","footnotes":""},"categories":[14],"tags":[3036],"class_list":["post-56884","post","type-post","status-publish","format-standard","has-post-thumbnail","hentry","category-temuco","tag-rutas"],"a3_pvc":{"activated":true,"total_views":1890,"today_views":0},"_links":{"self":[{"href":"https:\/\/temucotelevision.cl\/web\/wp-json\/wp\/v2\/posts\/56884","targetHints":{"allow":["GET"]}}],"collection":[{"href":"https:\/\/temucotelevision.cl\/web\/wp-json\/wp\/v2\/posts"}],"about":[{"href":"https:\/\/temucotelevision.cl\/web\/wp-json\/wp\/v2\/types\/post"}],"author":[{"embeddable":true,"href":"https:\/\/temucotelevision.cl\/web\/wp-json\/wp\/v2\/users\/1"}],"replies":[{"embeddable":true,"href":"https:\/\/temucotelevision.cl\/web\/wp-json\/wp\/v2\/comments?post=56884"}],"version-history":[{"count":1,"href":"https:\/\/temucotelevision.cl\/web\/wp-json\/wp\/v2\/posts\/56884\/revisions"}],"predecessor-version":[{"id":56887,"href":"https:\/\/temucotelevision.cl\/web\/wp-json\/wp\/v2\/posts\/56884\/revisions\/56887"}],"wp:featuredmedia":[{"embeddable":true,"href":"https:\/\/temucotelevision.cl\/web\/wp-json\/wp\/v2\/media\/56885"}],"wp:attachment":[{"href":"https:\/\/temucotelevision.cl\/web\/wp-json\/wp\/v2\/media?parent=56884"}],"wp:term":[{"taxonomy":"category","embeddable":true,"href":"https:\/\/temucotelevision.cl\/web\/wp-json\/wp\/v2\/categories?post=56884"},{"taxonomy":"post_tag","embeddable":true,"href":"https:\/\/temucotelevision.cl\/web\/wp-json\/wp\/v2\/tags?post=56884"}],"curies":[{"name":"wp","href":"https:\/\/api.w.org\/{rel}","templated":true}]}}