{"id":56876,"date":"2025-06-26T23:14:53","date_gmt":"2025-06-27T02:14:53","guid":{"rendered":"https:\/\/temucotelevision.cl\/web\/?p=56876"},"modified":"2025-06-26T23:14:54","modified_gmt":"2025-06-27T02:14:54","slug":"canal-de-panama-de-la-patagonia-gobernadores-de-la-araucania-y-neuquen-asumen-compromisos-para-avanzar-en-propuesta-de-transporte-intermodal","status":"publish","type":"post","link":"https:\/\/temucotelevision.cl\/web\/2025\/06\/26\/canal-de-panama-de-la-patagonia-gobernadores-de-la-araucania-y-neuquen-asumen-compromisos-para-avanzar-en-propuesta-de-transporte-intermodal\/","title":{"rendered":"\u201cCanal de Panam\u00e1 de la Patagonia\u201d: Gobernadores de La Araucan\u00eda y Neuqu\u00e9n asumen compromisos para avanzar en propuesta de transporte intermodal"},"content":{"rendered":"<div class=\"pvc_clear\"><\/div><p id=\"pvc_stats_56876\" class=\"pvc_stats total_only  \" data-element-id=\"56876\" style=\"\"><i class=\"pvc-stats-icon large\" aria-hidden=\"true\"><svg aria-hidden=\"true\" focusable=\"false\" data-prefix=\"far\" data-icon=\"chart-bar\" role=\"img\" xmlns=\"http:\/\/www.w3.org\/2000\/svg\" viewBox=\"0 0 512 512\" class=\"svg-inline--fa fa-chart-bar fa-w-16 fa-2x\"><path fill=\"currentColor\" d=\"M396.8 352h22.4c6.4 0 12.8-6.4 12.8-12.8V108.8c0-6.4-6.4-12.8-12.8-12.8h-22.4c-6.4 0-12.8 6.4-12.8 12.8v230.4c0 6.4 6.4 12.8 12.8 12.8zm-192 0h22.4c6.4 0 12.8-6.4 12.8-12.8V140.8c0-6.4-6.4-12.8-12.8-12.8h-22.4c-6.4 0-12.8 6.4-12.8 12.8v198.4c0 6.4 6.4 12.8 12.8 12.8zm96 0h22.4c6.4 0 12.8-6.4 12.8-12.8V204.8c0-6.4-6.4-12.8-12.8-12.8h-22.4c-6.4 0-12.8 6.4-12.8 12.8v134.4c0 6.4 6.4 12.8 12.8 12.8zM496 400H48V80c0-8.84-7.16-16-16-16H16C7.16 64 0 71.16 0 80v336c0 17.67 14.33 32 32 32h464c8.84 0 16-7.16 16-16v-16c0-8.84-7.16-16-16-16zm-387.2-48h22.4c6.4 0 12.8-6.4 12.8-12.8v-70.4c0-6.4-6.4-12.8-12.8-12.8h-22.4c-6.4 0-12.8 6.4-12.8 12.8v70.4c0 6.4 6.4 12.8 12.8 12.8z\" class=\"\"><\/path><\/svg><\/i> <img loading=\"lazy\" decoding=\"async\" width=\"16\" height=\"16\" alt=\"Loading\" src=\"https:\/\/temucotelevision.cl\/web\/wp-content\/plugins\/page-views-count\/ajax-loader-2x.gif\" border=0 \/><\/p><div class=\"pvc_clear\"><\/div>\n<p><em>La iniciativa busca facilitar el traslado de gas y petr\u00f3leo entre el Atl\u00e1ntico y el Pac\u00edfico, proyectando a la comuna de Victoria como un nodo estrat\u00e9gico dentro de este nuevo corredor log\u00edstico<\/em>.<\/p>\n\n\n\n<p>Avanzar con sentido de urgencia en la conectividad intermodal de transporte de cargas entre Argentina y Chile, a trav\u00e9s de la Regi\u00f3n de La Araucan\u00eda como articulador, fue una de las propuestas presentadas por el Gobernador Ren\u00e9 Saffirio durante el 39\u00ba Comit\u00e9 de Integraci\u00f3n de los Lagos, realizado en la ciudad de Neuqu\u00e9n.<\/p>\n\n\n\n<p>\u201c<em>Podemos llegar a dar el puntapi\u00e9 inicial para construir lo que podr\u00eda llamarse, tal vez ir\u00f3nicamente, el nuevo Canal de Panam\u00e1 de la Patagonia Argentina y del sur de Chile, donde productos desde el Atl\u00e1ntico hacia el Pac\u00edfico, como el petr\u00f3leo y el gas nos permitan reconstruir las confianzas que alguna vez se interrumpieron\u201d,<\/em>&nbsp;explic\u00f3 el Gobernador Ren\u00e9 Saffirio.&nbsp;<\/p>\n\n\n\n<p>El Gobernador de La Araucan\u00eda valor\u00f3 la disposici\u00f3n de avanzar de los gobernadores de Neuqu\u00e9n y R\u00edo Negro en esta iniciativa que beneficiar\u00eda a ambas naciones.&nbsp;<em>\u201cEstamos aqu\u00ed, a pesar de haber sufrido durante a\u00f1os las implicancias de una decisi\u00f3n tomada por el Estado central del gobierno nacional argentino. Sin embargo, eso est\u00e1 superado. Hoy la mirada est\u00e1 puesta en el futuro de las nuevas generaciones. No nos perdonar\u00edan jam\u00e1s si no tuvi\u00e9ramos la capacidad de construir espacios de entendimiento que permitan mejorar la calidad de vida de nuestra gente\u201d.&nbsp;<\/em><\/p>\n\n\n\n<p>Por su parte, el Gobernador de la Provincia de Neuqu\u00e9n, Rolando Figueroa, agradeci\u00f3 la presencia de las autoridades chilenas en este espacio de integraci\u00f3n bilateral.&nbsp;<em>\u201cTenemos un desaf\u00edo generacional importante, que es la integraci\u00f3n. Para poder desarrollar este Neuqu\u00e9n que no tiene techo, tenemos que ser muy responsables a la hora de poder planificar qu\u00e9 es lo que nosotros pretendemos hacer. Fundamentalmente me siento halagado por la posibilidad de tener los gobernadores de Chile\u201d&nbsp;<\/em><\/p>\n\n\n\n<p><strong>Transporte intermodal entre Chile y Argentina&nbsp;<\/strong><\/p>\n\n\n\n<p>Victoria Flores, directora de asuntos institucionales de la Provincia de Neuqu\u00e9n, explic\u00f3 que uno de los desaf\u00edos es habilitar la estaci\u00f3n de trenes de la localidad de Zapala para convertirlo en un centro estrat\u00e9gico de carga dentro de la provincia.&nbsp;<\/p>\n\n\n\n<p>\u201c<em>Para nosotros tambi\u00e9n es un proyecto estrat\u00e9gico como provincia,&nbsp;nosotros tenemos la localidad de Zapala como centro log\u00edstico. La idea es poner en condiciones el tren hasta Zapala y de all\u00ed salir en camiones hasta Chile para poder&nbsp;salir por el puerto al pac\u00edfico. El proyecto que todos anhelamos es poder concretar los rieles de&nbsp;punta a punta\u201d,<\/em>&nbsp;manifest\u00f3.&nbsp;<\/p>\n\n\n\n<p>En tanto Emilio Far\u00edas, gestor comercial de log\u00edstica de Empresa de los Ferrocarriles del Estado (EFE), explic\u00f3 que existen avances en una propuesta para transportar carga desde R\u00edo Negro hasta Concepci\u00f3n, con una base estrat\u00e9gica en La Araucan\u00eda.&nbsp;<\/p>\n\n\n\n<p>\u201c<em>Nosotros tenemos varios terrenos de propiedad de EFE que son log\u00edsticamente potenciales. Uno de esos terrenos es Victoria para hacer un piloto ferroviario que una los puertos de la octava regi\u00f3n con Victoria, ah\u00ed hacer la intermodalidad a cami\u00f3n y de cami\u00f3n venir hasta Neuqu\u00e9n, cosa de poder conectar hacia el Oc\u00e9ano Pac\u00edfico con Argentina\u201d,<\/em>&nbsp;detall\u00f3.&nbsp;<\/p>\n\n\n\n<p><a><\/a>La propuesta contempla asegurar el traslado de camiones con combustible desde Neuqu\u00e9n, cruzando por el Paso Fronterizo Pino Hachado hasta la comuna de Victoria, donde se proyecta instalar un centro log\u00edstico multimodal. Este recinto permitir\u00e1 transferir la carga hacia los puertos de la Regi\u00f3n del Biob\u00edo mediante transporte ferroviario, optimizando ala cadena log\u00edstica y fortaleciendo la conectividad binacional.<\/p>\n","protected":false},"excerpt":{"rendered":"<div class=\"pvc_clear\"><\/div>\n<p id=\"pvc_stats_56876\" class=\"pvc_stats total_only  \" data-element-id=\"56876\" style=\"\"><i class=\"pvc-stats-icon large\" aria-hidden=\"true\"><svg aria-hidden=\"true\" focusable=\"false\" data-prefix=\"far\" data-icon=\"chart-bar\" role=\"img\" xmlns=\"http:\/\/www.w3.org\/2000\/svg\" viewBox=\"0 0 512 512\" class=\"svg-inline--fa fa-chart-bar fa-w-16 fa-2x\"><path fill=\"currentColor\" d=\"M396.8 352h22.4c6.4 0 12.8-6.4 12.8-12.8V108.8c0-6.4-6.4-12.8-12.8-12.8h-22.4c-6.4 0-12.8 6.4-12.8 12.8v230.4c0 6.4 6.4 12.8 12.8 12.8zm-192 0h22.4c6.4 0 12.8-6.4 12.8-12.8V140.8c0-6.4-6.4-12.8-12.8-12.8h-22.4c-6.4 0-12.8 6.4-12.8 12.8v198.4c0 6.4 6.4 12.8 12.8 12.8zm96 0h22.4c6.4 0 12.8-6.4 12.8-12.8V204.8c0-6.4-6.4-12.8-12.8-12.8h-22.4c-6.4 0-12.8 6.4-12.8 12.8v134.4c0 6.4 6.4 12.8 12.8 12.8zM496 400H48V80c0-8.84-7.16-16-16-16H16C7.16 64 0 71.16 0 80v336c0 17.67 14.33 32 32 32h464c8.84 0 16-7.16 16-16v-16c0-8.84-7.16-16-16-16zm-387.2-48h22.4c6.4 0 12.8-6.4 12.8-12.8v-70.4c0-6.4-6.4-12.8-12.8-12.8h-22.4c-6.4 0-12.8 6.4-12.8 12.8v70.4c0 6.4 6.4 12.8 12.8 12.8z\" class=\"\"><\/path><\/svg><\/i> <img loading=\"lazy\" decoding=\"async\" width=\"16\" height=\"16\" alt=\"Loading\" src=\"https:\/\/temucotelevision.cl\/web\/wp-content\/plugins\/page-views-count\/ajax-loader-2x.gif\" border=0 \/><\/p>\n<div class=\"pvc_clear\"><\/div>\n<p>La iniciativa busca facilitar el traslado de gas y petr\u00f3leo entre el Atl\u00e1ntico y el Pac\u00edfico, proyectando a la comuna<\/p>\n","protected":false},"author":1,"featured_media":56877,"comment_status":"open","ping_status":"open","sticky":false,"template":"","format":"standard","meta":{"colormag_page_container_layout":"default_layout","colormag_page_sidebar_layout":"default_layout","footnotes":""},"categories":[15],"tags":[829],"class_list":["post-56876","post","type-post","status-publish","format-standard","has-post-thumbnail","hentry","category-la-araucania","tag-gobernador"],"a3_pvc":{"activated":true,"total_views":15084,"today_views":0},"_links":{"self":[{"href":"https:\/\/temucotelevision.cl\/web\/wp-json\/wp\/v2\/posts\/56876","targetHints":{"allow":["GET"]}}],"collection":[{"href":"https:\/\/temucotelevision.cl\/web\/wp-json\/wp\/v2\/posts"}],"about":[{"href":"https:\/\/temucotelevision.cl\/web\/wp-json\/wp\/v2\/types\/post"}],"author":[{"embeddable":true,"href":"https:\/\/temucotelevision.cl\/web\/wp-json\/wp\/v2\/users\/1"}],"replies":[{"embeddable":true,"href":"https:\/\/temucotelevision.cl\/web\/wp-json\/wp\/v2\/comments?post=56876"}],"version-history":[{"count":1,"href":"https:\/\/temucotelevision.cl\/web\/wp-json\/wp\/v2\/posts\/56876\/revisions"}],"predecessor-version":[{"id":56878,"href":"https:\/\/temucotelevision.cl\/web\/wp-json\/wp\/v2\/posts\/56876\/revisions\/56878"}],"wp:featuredmedia":[{"embeddable":true,"href":"https:\/\/temucotelevision.cl\/web\/wp-json\/wp\/v2\/media\/56877"}],"wp:attachment":[{"href":"https:\/\/temucotelevision.cl\/web\/wp-json\/wp\/v2\/media?parent=56876"}],"wp:term":[{"taxonomy":"category","embeddable":true,"href":"https:\/\/temucotelevision.cl\/web\/wp-json\/wp\/v2\/categories?post=56876"},{"taxonomy":"post_tag","embeddable":true,"href":"https:\/\/temucotelevision.cl\/web\/wp-json\/wp\/v2\/tags?post=56876"}],"curies":[{"name":"wp","href":"https:\/\/api.w.org\/{rel}","templated":true}]}}