{"id":56793,"date":"2025-06-22T16:48:39","date_gmt":"2025-06-22T19:48:39","guid":{"rendered":"https:\/\/temucotelevision.cl\/web\/?p=56793"},"modified":"2025-06-22T16:48:41","modified_gmt":"2025-06-22T19:48:41","slug":"alcalde-neira-firma-convenio-para-ambicioso-proyecto-de-conectividad-en-avenida-caupolican","status":"publish","type":"post","link":"https:\/\/temucotelevision.cl\/web\/2025\/06\/22\/alcalde-neira-firma-convenio-para-ambicioso-proyecto-de-conectividad-en-avenida-caupolican\/","title":{"rendered":"Alcalde Neira firma convenio para ambicioso proyecto de conectividad en Avenida Caupolic\u00e1n"},"content":{"rendered":"<div class=\"pvc_clear\"><\/div><p id=\"pvc_stats_56793\" class=\"pvc_stats total_only  \" data-element-id=\"56793\" style=\"\"><i class=\"pvc-stats-icon large\" aria-hidden=\"true\"><svg aria-hidden=\"true\" focusable=\"false\" data-prefix=\"far\" data-icon=\"chart-bar\" role=\"img\" xmlns=\"http:\/\/www.w3.org\/2000\/svg\" viewBox=\"0 0 512 512\" class=\"svg-inline--fa fa-chart-bar fa-w-16 fa-2x\"><path fill=\"currentColor\" d=\"M396.8 352h22.4c6.4 0 12.8-6.4 12.8-12.8V108.8c0-6.4-6.4-12.8-12.8-12.8h-22.4c-6.4 0-12.8 6.4-12.8 12.8v230.4c0 6.4 6.4 12.8 12.8 12.8zm-192 0h22.4c6.4 0 12.8-6.4 12.8-12.8V140.8c0-6.4-6.4-12.8-12.8-12.8h-22.4c-6.4 0-12.8 6.4-12.8 12.8v198.4c0 6.4 6.4 12.8 12.8 12.8zm96 0h22.4c6.4 0 12.8-6.4 12.8-12.8V204.8c0-6.4-6.4-12.8-12.8-12.8h-22.4c-6.4 0-12.8 6.4-12.8 12.8v134.4c0 6.4 6.4 12.8 12.8 12.8zM496 400H48V80c0-8.84-7.16-16-16-16H16C7.16 64 0 71.16 0 80v336c0 17.67 14.33 32 32 32h464c8.84 0 16-7.16 16-16v-16c0-8.84-7.16-16-16-16zm-387.2-48h22.4c6.4 0 12.8-6.4 12.8-12.8v-70.4c0-6.4-6.4-12.8-12.8-12.8h-22.4c-6.4 0-12.8 6.4-12.8 12.8v70.4c0 6.4 6.4 12.8 12.8 12.8z\" class=\"\"><\/path><\/svg><\/i> <img loading=\"lazy\" decoding=\"async\" width=\"16\" height=\"16\" alt=\"Loading\" src=\"https:\/\/temucotelevision.cl\/web\/wp-content\/plugins\/page-views-count\/ajax-loader-2x.gif\" border=0 \/><\/p><div class=\"pvc_clear\"><\/div>\n<p><em><strong>Esta obra urban\u00edstica, financiada con recursos del Programa Buen Vivir, promete transformar la conectividad vial de Temuco, optimizando los tiempos de traslado de los temuquenses y de los m\u00e1s de 26 mil conductores que circulan diariamente por esta emblem\u00e1tica arteria de la capital regional.<\/strong><\/em><\/p>\n\n\n\n<p><a><\/a>En un paso hist\u00f3rico para la capital regional, el alcalde Roberto Neira, junto al director regional de Serviu, Jos\u00e9 Luis Sep\u00falveda, firmaron el convenio mandato dando el punta pie inicial al desarrollo del proyecto \u201cMejoramiento Avenida Caupolic\u00e1n entre Le\u00f3n Gallo y Manuel Rodr\u00edguez\u201d.&nbsp;<\/p>\n\n\n\n<p>Con una inversi\u00f3n superior a los $36 mil millones, el proyecto contempla la construcci\u00f3n de pasos inferiores en las intersecciones de Avenida Caupolic\u00e1n con Avenida O\u2019Higgins y Avenida San Mart\u00edn, utilizando estructuras de hormig\u00f3n armado y muros pantalla.&nbsp;<\/p>\n\n\n\n<p>Estas intervenciones, que comenzar\u00e1n este a\u00f1o con expropiaciones y ajustes al dise\u00f1o, permitir\u00e1n aumentar la capacidad de Avenida Caupolic\u00e1n a tres pistas por sentido: dos para veh\u00edculos privados y una exclusiva para el transporte p\u00fablico, beneficiando a taxibuses, taxis colectivos y buses interurbanos.<\/p>\n\n\n\n<p>Adem\u00e1s, la iniciativa incluye la creaci\u00f3n de una ciclov\u00eda entre San Mart\u00edn y Pedro Le\u00f3n Gallo, conectando las existentes en San Mart\u00edn y la ex Faja Ferroviaria, incentivando m\u00e1s opciones de movilidad sustentable. La obra contempla tambi\u00e9n mejoras en pavimentaci\u00f3n, sistemas de aguas lluvias, paisajismo, iluminaci\u00f3n y modificaciones de servicios, consolidando un impacto integral en la infraestructura urbana.<\/p>\n\n\n\n<p>El alcalde Neira resalt\u00f3 la importancia de esta obra diciendo que, \u201choy comenzamos a materializar la tercera gran transformaci\u00f3n urban\u00edstica de Temuco, tras la avenida Gabriela Mistral, que est\u00e1 en su fase final, y las mejoras en avenida Pablo Neruda con sus cruces. Ahora, con el traspaso de los primeros $7 mil millones para expropiaciones, iniciamos formalmente la primera etapa de los pasos soterrados de avenida Caupolic\u00e1n por San Mart\u00edn y O\u2019Higgins, esperamos que este proceso tome un a\u00f1o y que la construcci\u00f3n comience a principios de 2027\u201d.<\/p>\n\n\n\n<p>La iniciativa se complementa con recientes avances en transporte p\u00fablico, como la llegada de buses el\u00e9ctricos y la implementaci\u00f3n de un sistema de pago automatizado, reforzando el compromiso con una movilidad moderna y amigable con el medioambiente, construyendo una ciudad m\u00e1s accesible, segura y preparada para el futuro, beneficiando a miles de personas que hacen de esta capital regional un polo de desarrollo y crecimiento.<\/p>\n\n\n\n<p>El director de Serviu, Jos\u00e9 Luis Sep\u00falveda, se\u00f1al\u00f3 que, \u201cesta es una obra urbana de gran trascendencia para la ciudad de Temuco, puesto que va a generar, una nueva Avenida Caupolic\u00e1n entre Rodr\u00edguez y Le\u00f3n Gallo, esto va a disminuir considerablemente los tiempos de viaje de transporte p\u00fablico y va a permitir que esa disminuci\u00f3n de tiempo en viaje sea aprovechada en actividades que mejoren su calidad de vida\u201d.<\/p>\n\n\n\n<p>La ceremonia de firma cont\u00f3 con la presencia de concejales, vecinos y representantes de diversos sectores de la comuna, quienes celebraron este avance como un hito para el desarrollo de Temuco. Con un plazo de ejecuci\u00f3n de 37 meses, el proyecto no solo \u201caliviar\u00e1\u201d la congesti\u00f3n vial, sino que tambi\u00e9n posicionar\u00e1 a la ciudad como un referente en infraestructura y calidad de vida en la regi\u00f3n.<\/p>\n\n\n\n<p>El seremi de vivienda, Patricio Escobar, concluy\u00f3 que, \u201clos soterramientos van a mejorar sin duda la calidad de vida de las personas de Temuco y eso es de las cosas que m\u00e1s nos importan en esta obra, que la gente tenga m\u00e1s tiempo para poder dedicar a lo que ellos prioricen\u201d, finaliz\u00f3.<\/p>\n","protected":false},"excerpt":{"rendered":"<div class=\"pvc_clear\"><\/div>\n<p id=\"pvc_stats_56793\" class=\"pvc_stats total_only  \" data-element-id=\"56793\" style=\"\"><i class=\"pvc-stats-icon large\" aria-hidden=\"true\"><svg aria-hidden=\"true\" focusable=\"false\" data-prefix=\"far\" data-icon=\"chart-bar\" role=\"img\" xmlns=\"http:\/\/www.w3.org\/2000\/svg\" viewBox=\"0 0 512 512\" class=\"svg-inline--fa fa-chart-bar fa-w-16 fa-2x\"><path fill=\"currentColor\" d=\"M396.8 352h22.4c6.4 0 12.8-6.4 12.8-12.8V108.8c0-6.4-6.4-12.8-12.8-12.8h-22.4c-6.4 0-12.8 6.4-12.8 12.8v230.4c0 6.4 6.4 12.8 12.8 12.8zm-192 0h22.4c6.4 0 12.8-6.4 12.8-12.8V140.8c0-6.4-6.4-12.8-12.8-12.8h-22.4c-6.4 0-12.8 6.4-12.8 12.8v198.4c0 6.4 6.4 12.8 12.8 12.8zm96 0h22.4c6.4 0 12.8-6.4 12.8-12.8V204.8c0-6.4-6.4-12.8-12.8-12.8h-22.4c-6.4 0-12.8 6.4-12.8 12.8v134.4c0 6.4 6.4 12.8 12.8 12.8zM496 400H48V80c0-8.84-7.16-16-16-16H16C7.16 64 0 71.16 0 80v336c0 17.67 14.33 32 32 32h464c8.84 0 16-7.16 16-16v-16c0-8.84-7.16-16-16-16zm-387.2-48h22.4c6.4 0 12.8-6.4 12.8-12.8v-70.4c0-6.4-6.4-12.8-12.8-12.8h-22.4c-6.4 0-12.8 6.4-12.8 12.8v70.4c0 6.4 6.4 12.8 12.8 12.8z\" class=\"\"><\/path><\/svg><\/i> <img loading=\"lazy\" decoding=\"async\" width=\"16\" height=\"16\" alt=\"Loading\" src=\"https:\/\/temucotelevision.cl\/web\/wp-content\/plugins\/page-views-count\/ajax-loader-2x.gif\" border=0 \/><\/p>\n<div class=\"pvc_clear\"><\/div>\n<p>Esta obra urban\u00edstica, financiada con recursos del Programa Buen Vivir, promete transformar la conectividad vial de Temuco, optimizando los tiempos<\/p>\n","protected":false},"author":1,"featured_media":56794,"comment_status":"open","ping_status":"open","sticky":false,"template":"","format":"standard","meta":{"colormag_page_container_layout":"default_layout","colormag_page_sidebar_layout":"default_layout","footnotes":""},"categories":[14],"tags":[155],"class_list":["post-56793","post","type-post","status-publish","format-standard","has-post-thumbnail","hentry","category-temuco","tag-proyecto"],"a3_pvc":{"activated":true,"total_views":2924,"today_views":0},"_links":{"self":[{"href":"https:\/\/temucotelevision.cl\/web\/wp-json\/wp\/v2\/posts\/56793","targetHints":{"allow":["GET"]}}],"collection":[{"href":"https:\/\/temucotelevision.cl\/web\/wp-json\/wp\/v2\/posts"}],"about":[{"href":"https:\/\/temucotelevision.cl\/web\/wp-json\/wp\/v2\/types\/post"}],"author":[{"embeddable":true,"href":"https:\/\/temucotelevision.cl\/web\/wp-json\/wp\/v2\/users\/1"}],"replies":[{"embeddable":true,"href":"https:\/\/temucotelevision.cl\/web\/wp-json\/wp\/v2\/comments?post=56793"}],"version-history":[{"count":1,"href":"https:\/\/temucotelevision.cl\/web\/wp-json\/wp\/v2\/posts\/56793\/revisions"}],"predecessor-version":[{"id":56795,"href":"https:\/\/temucotelevision.cl\/web\/wp-json\/wp\/v2\/posts\/56793\/revisions\/56795"}],"wp:featuredmedia":[{"embeddable":true,"href":"https:\/\/temucotelevision.cl\/web\/wp-json\/wp\/v2\/media\/56794"}],"wp:attachment":[{"href":"https:\/\/temucotelevision.cl\/web\/wp-json\/wp\/v2\/media?parent=56793"}],"wp:term":[{"taxonomy":"category","embeddable":true,"href":"https:\/\/temucotelevision.cl\/web\/wp-json\/wp\/v2\/categories?post=56793"},{"taxonomy":"post_tag","embeddable":true,"href":"https:\/\/temucotelevision.cl\/web\/wp-json\/wp\/v2\/tags?post=56793"}],"curies":[{"name":"wp","href":"https:\/\/api.w.org\/{rel}","templated":true}]}}