{"id":56790,"date":"2025-06-22T16:44:52","date_gmt":"2025-06-22T19:44:52","guid":{"rendered":"https:\/\/temucotelevision.cl\/web\/?p=56790"},"modified":"2025-06-22T16:44:52","modified_gmt":"2025-06-22T19:44:52","slug":"cmpc-frontera-trail-2025-la-gran-fiesta-del-trail-running-vuelve-al-sur-de-chile","status":"publish","type":"post","link":"https:\/\/temucotelevision.cl\/web\/2025\/06\/22\/cmpc-frontera-trail-2025-la-gran-fiesta-del-trail-running-vuelve-al-sur-de-chile\/","title":{"rendered":"CMPC Frontera Trail 2025: la gran fiesta del trail running vuelve al sur de Chile"},"content":{"rendered":"<div class=\"pvc_clear\"><\/div><p id=\"pvc_stats_56790\" class=\"pvc_stats total_only  \" data-element-id=\"56790\" style=\"\"><i class=\"pvc-stats-icon large\" aria-hidden=\"true\"><svg aria-hidden=\"true\" focusable=\"false\" data-prefix=\"far\" data-icon=\"chart-bar\" role=\"img\" xmlns=\"http:\/\/www.w3.org\/2000\/svg\" viewBox=\"0 0 512 512\" class=\"svg-inline--fa fa-chart-bar fa-w-16 fa-2x\"><path fill=\"currentColor\" d=\"M396.8 352h22.4c6.4 0 12.8-6.4 12.8-12.8V108.8c0-6.4-6.4-12.8-12.8-12.8h-22.4c-6.4 0-12.8 6.4-12.8 12.8v230.4c0 6.4 6.4 12.8 12.8 12.8zm-192 0h22.4c6.4 0 12.8-6.4 12.8-12.8V140.8c0-6.4-6.4-12.8-12.8-12.8h-22.4c-6.4 0-12.8 6.4-12.8 12.8v198.4c0 6.4 6.4 12.8 12.8 12.8zm96 0h22.4c6.4 0 12.8-6.4 12.8-12.8V204.8c0-6.4-6.4-12.8-12.8-12.8h-22.4c-6.4 0-12.8 6.4-12.8 12.8v134.4c0 6.4 6.4 12.8 12.8 12.8zM496 400H48V80c0-8.84-7.16-16-16-16H16C7.16 64 0 71.16 0 80v336c0 17.67 14.33 32 32 32h464c8.84 0 16-7.16 16-16v-16c0-8.84-7.16-16-16-16zm-387.2-48h22.4c6.4 0 12.8-6.4 12.8-12.8v-70.4c0-6.4-6.4-12.8-12.8-12.8h-22.4c-6.4 0-12.8 6.4-12.8 12.8v70.4c0 6.4 6.4 12.8 12.8 12.8z\" class=\"\"><\/path><\/svg><\/i> <img loading=\"lazy\" decoding=\"async\" width=\"16\" height=\"16\" alt=\"Loading\" src=\"https:\/\/temucotelevision.cl\/web\/wp-content\/plugins\/page-views-count\/ajax-loader-2x.gif\" border=0 \/><\/p><div class=\"pvc_clear\"><\/div>\n<p><em>La novena edici\u00f3n de la competencia se vivir\u00e1 el s\u00e1bado 25 de octubre en el Parque CMPC Pumalal, en la Regi\u00f3n de La Araucan\u00eda. Con distancias de 30, 15, 7,5 y 3 kil\u00f3metros, el evento invita a corredores de todas las edades a disfrutar de una jornada de deporte, comunidad y naturaleza.<\/em><\/p>\n\n\n\n<p>El sur de Chile se prepara para una nueva fiesta del trail running con una de las competencias m\u00e1s emblem\u00e1ticas del calendario outdoor nacional: el CMPC Frontera Trail, que este a\u00f1o celebrar\u00e1 su novena edici\u00f3n con una producci\u00f3n de alto nivel y los premios m\u00e1s destacados del trail chileno. Todo esto, en un entorno natural privilegiado que convoca a corredores y familias a disfrutar del deporte al aire libre.<\/p>\n\n\n\n<p>La cita ser\u00e1 el s\u00e1bado 25 de octubre en el Parque CMPC Pumalal, ubicado a solo minutos del centro de Temuco. Este parque urbano, de acceso gratuito durante todo el a\u00f1o, se ha consolidado como un espacio abierto a la comunidad y un lugar ideal para la pr\u00e1ctica deportiva en contacto con la naturaleza.<\/p>\n\n\n\n<p>La carrera contar\u00e1 con cuatro categor\u00edas adaptadas a distintos niveles de experiencia. La distancia m\u00e1s exigente ser\u00e1 de 30 kil\u00f3metros, con un desnivel positivo de 1.620 metros, ideal para quienes buscan un verdadero reto en el cerro. Le sigue el circuito de 15 kil\u00f3metros, con 920 metros de desnivel, pensado para corredores intermedios que ya se han aventurado en senderos t\u00e9cnicos. Para quienes est\u00e1n dando sus primeros pasos en el trail, habr\u00e1 una distancia de 7,5 kil\u00f3metros, con 510 metros de desnivel. Y, los m\u00e1s peque\u00f1os, tambi\u00e9n podr\u00e1n ser parte de la experiencia con una carrera Kids de 3 kil\u00f3metros, que incluye 210 metros de desnivel.<\/p>\n\n\n\n<p>Las inscripciones ya est\u00e1n abiertas y toda la informaci\u00f3n se encuentra disponible en el sitio oficial:<br><a href=\"https:\/\/welcu.com\/puelcheproducciones\/cmpcfronteratrail\">https:\/\/welcu.com\/puelcheproducciones\/cmpcfronteratrail<\/a>.<\/p>\n","protected":false},"excerpt":{"rendered":"<div class=\"pvc_clear\"><\/div>\n<p id=\"pvc_stats_56790\" class=\"pvc_stats total_only  \" data-element-id=\"56790\" style=\"\"><i class=\"pvc-stats-icon large\" aria-hidden=\"true\"><svg aria-hidden=\"true\" focusable=\"false\" data-prefix=\"far\" data-icon=\"chart-bar\" role=\"img\" xmlns=\"http:\/\/www.w3.org\/2000\/svg\" viewBox=\"0 0 512 512\" class=\"svg-inline--fa fa-chart-bar fa-w-16 fa-2x\"><path fill=\"currentColor\" d=\"M396.8 352h22.4c6.4 0 12.8-6.4 12.8-12.8V108.8c0-6.4-6.4-12.8-12.8-12.8h-22.4c-6.4 0-12.8 6.4-12.8 12.8v230.4c0 6.4 6.4 12.8 12.8 12.8zm-192 0h22.4c6.4 0 12.8-6.4 12.8-12.8V140.8c0-6.4-6.4-12.8-12.8-12.8h-22.4c-6.4 0-12.8 6.4-12.8 12.8v198.4c0 6.4 6.4 12.8 12.8 12.8zm96 0h22.4c6.4 0 12.8-6.4 12.8-12.8V204.8c0-6.4-6.4-12.8-12.8-12.8h-22.4c-6.4 0-12.8 6.4-12.8 12.8v134.4c0 6.4 6.4 12.8 12.8 12.8zM496 400H48V80c0-8.84-7.16-16-16-16H16C7.16 64 0 71.16 0 80v336c0 17.67 14.33 32 32 32h464c8.84 0 16-7.16 16-16v-16c0-8.84-7.16-16-16-16zm-387.2-48h22.4c6.4 0 12.8-6.4 12.8-12.8v-70.4c0-6.4-6.4-12.8-12.8-12.8h-22.4c-6.4 0-12.8 6.4-12.8 12.8v70.4c0 6.4 6.4 12.8 12.8 12.8z\" class=\"\"><\/path><\/svg><\/i> <img loading=\"lazy\" decoding=\"async\" width=\"16\" height=\"16\" alt=\"Loading\" src=\"https:\/\/temucotelevision.cl\/web\/wp-content\/plugins\/page-views-count\/ajax-loader-2x.gif\" border=0 \/><\/p>\n<div class=\"pvc_clear\"><\/div>\n<p>La novena edici\u00f3n de la competencia se vivir\u00e1 el s\u00e1bado 25 de octubre en el Parque CMPC Pumalal, en la<\/p>\n","protected":false},"author":1,"featured_media":56791,"comment_status":"open","ping_status":"open","sticky":false,"template":"","format":"standard","meta":{"colormag_page_container_layout":"default_layout","colormag_page_sidebar_layout":"default_layout","footnotes":""},"categories":[86],"tags":[247],"class_list":["post-56790","post","type-post","status-publish","format-standard","has-post-thumbnail","hentry","category-panoramas","tag-trail"],"a3_pvc":{"activated":true,"total_views":1605,"today_views":0},"_links":{"self":[{"href":"https:\/\/temucotelevision.cl\/web\/wp-json\/wp\/v2\/posts\/56790","targetHints":{"allow":["GET"]}}],"collection":[{"href":"https:\/\/temucotelevision.cl\/web\/wp-json\/wp\/v2\/posts"}],"about":[{"href":"https:\/\/temucotelevision.cl\/web\/wp-json\/wp\/v2\/types\/post"}],"author":[{"embeddable":true,"href":"https:\/\/temucotelevision.cl\/web\/wp-json\/wp\/v2\/users\/1"}],"replies":[{"embeddable":true,"href":"https:\/\/temucotelevision.cl\/web\/wp-json\/wp\/v2\/comments?post=56790"}],"version-history":[{"count":1,"href":"https:\/\/temucotelevision.cl\/web\/wp-json\/wp\/v2\/posts\/56790\/revisions"}],"predecessor-version":[{"id":56792,"href":"https:\/\/temucotelevision.cl\/web\/wp-json\/wp\/v2\/posts\/56790\/revisions\/56792"}],"wp:featuredmedia":[{"embeddable":true,"href":"https:\/\/temucotelevision.cl\/web\/wp-json\/wp\/v2\/media\/56791"}],"wp:attachment":[{"href":"https:\/\/temucotelevision.cl\/web\/wp-json\/wp\/v2\/media?parent=56790"}],"wp:term":[{"taxonomy":"category","embeddable":true,"href":"https:\/\/temucotelevision.cl\/web\/wp-json\/wp\/v2\/categories?post=56790"},{"taxonomy":"post_tag","embeddable":true,"href":"https:\/\/temucotelevision.cl\/web\/wp-json\/wp\/v2\/tags?post=56790"}],"curies":[{"name":"wp","href":"https:\/\/api.w.org\/{rel}","templated":true}]}}