{"id":56785,"date":"2025-06-22T16:38:04","date_gmt":"2025-06-22T19:38:04","guid":{"rendered":"https:\/\/temucotelevision.cl\/web\/?p=56785"},"modified":"2025-06-22T16:38:05","modified_gmt":"2025-06-22T19:38:05","slug":"pucon-asegura-el-ironman-por-cuatro-anos-mas-con-nuevo-acuerdo-estrategico","status":"publish","type":"post","link":"https:\/\/temucotelevision.cl\/web\/2025\/06\/22\/pucon-asegura-el-ironman-por-cuatro-anos-mas-con-nuevo-acuerdo-estrategico\/","title":{"rendered":"Puc\u00f3n asegura el Ironman por cuatro a\u00f1os m\u00e1s con nuevo acuerdo estrat\u00e9gico"},"content":{"rendered":"<div class=\"pvc_clear\"><\/div><p id=\"pvc_stats_56785\" class=\"pvc_stats total_only  \" data-element-id=\"56785\" style=\"\"><i class=\"pvc-stats-icon large\" aria-hidden=\"true\"><svg aria-hidden=\"true\" focusable=\"false\" data-prefix=\"far\" data-icon=\"chart-bar\" role=\"img\" xmlns=\"http:\/\/www.w3.org\/2000\/svg\" viewBox=\"0 0 512 512\" class=\"svg-inline--fa fa-chart-bar fa-w-16 fa-2x\"><path fill=\"currentColor\" d=\"M396.8 352h22.4c6.4 0 12.8-6.4 12.8-12.8V108.8c0-6.4-6.4-12.8-12.8-12.8h-22.4c-6.4 0-12.8 6.4-12.8 12.8v230.4c0 6.4 6.4 12.8 12.8 12.8zm-192 0h22.4c6.4 0 12.8-6.4 12.8-12.8V140.8c0-6.4-6.4-12.8-12.8-12.8h-22.4c-6.4 0-12.8 6.4-12.8 12.8v198.4c0 6.4 6.4 12.8 12.8 12.8zm96 0h22.4c6.4 0 12.8-6.4 12.8-12.8V204.8c0-6.4-6.4-12.8-12.8-12.8h-22.4c-6.4 0-12.8 6.4-12.8 12.8v134.4c0 6.4 6.4 12.8 12.8 12.8zM496 400H48V80c0-8.84-7.16-16-16-16H16C7.16 64 0 71.16 0 80v336c0 17.67 14.33 32 32 32h464c8.84 0 16-7.16 16-16v-16c0-8.84-7.16-16-16-16zm-387.2-48h22.4c6.4 0 12.8-6.4 12.8-12.8v-70.4c0-6.4-6.4-12.8-12.8-12.8h-22.4c-6.4 0-12.8 6.4-12.8 12.8v70.4c0 6.4 6.4 12.8 12.8 12.8z\" class=\"\"><\/path><\/svg><\/i> <img loading=\"lazy\" decoding=\"async\" width=\"16\" height=\"16\" alt=\"Loading\" src=\"https:\/\/temucotelevision.cl\/web\/wp-content\/plugins\/page-views-count\/ajax-loader-2x.gif\" border=0 \/><\/p><div class=\"pvc_clear\"><\/div>\n<p><em>En medio de cuestionamientos y dudas surgidas en los \u00faltimos d\u00edas en torno al futuro del Ironman en Puc\u00f3n, esta jornada se concret\u00f3 un nuevo acuerdo que reafirma la continuidad del evento deportivo de nivel internacional en la comuna lacustre por cuatro a\u00f1os m\u00e1s.<\/em><\/p>\n\n\n\n<p>La decisi\u00f3n se zanj\u00f3 en una reuni\u00f3n sostenida entre el alcalde de Puc\u00f3n, Sebasti\u00e1n \u00c1lvarez Ram\u00edrez, y el presidente de la Fundaci\u00f3n Club Deportivo Universidad Cat\u00f3lica, Francisco Urrejola, instancia en la que participaron tambi\u00e9n autoridades de ambas instituciones. La cita permiti\u00f3 establecer una conversaci\u00f3n franca y constructiva en torno a la proyecci\u00f3n del evento, su organizaci\u00f3n y el impacto que genera tanto a nivel deportivo como tur\u00edstico.<\/p>\n\n\n\n<p>El Ironman 70.3, conocido como \u201cla carrera m\u00e1s linda del mundo\u201d, se ha consolidado como un hito relevante dentro del calendario deportivo nacional e internacional. La versi\u00f3n 2024 dej\u00f3 cifras contundentes con una ocupaci\u00f3n hotelera cercana al 100% durante los d\u00edas de competencia, lo que reafirma el valor estrat\u00e9gico que representa para la econom\u00eda local y la promoci\u00f3n de la comuna como un destino tur\u00edstico y deportivo de excelencia.<\/p>\n\n\n\n<p>\u201cHoy estamos cerrando un proceso de conversaciones que comenzaron el mes de marzo para establecer lo que se define como el convenio en un escenario de mediano plazo -4 a\u00f1os- que nos permita tanto a la Municipalidad como a la UC establecer una planificaci\u00f3n concreta para poder potenciar esta carrera\u201d, declar\u00f3 la primera autoridad comunal \u00c1lvarez.<\/p>\n\n\n\n<p>Asimismo, como parte de esta alianza, se acord\u00f3 fortalecer la presencia del deporte en la comuna durante todo el a\u00f1o, promoviendo la realizaci\u00f3n de eventos de distintas disciplinas que fomenten la vida sana y el desarrollo deportivo en la regi\u00f3n.<\/p>\n\n\n\n<p>En este mismo sentido, expres\u00f3 que &#8220;hoy comienza una nueva etapa del deporte para la comuna de Puc\u00f3n, porque nuestra relaci\u00f3n a partir de este convenio es de socios estrat\u00e9gicos con la Universidad Cat\u00f3lica. No solo trabajaremos en el Ironman en verano, tambi\u00e9n estamos planificando actividades deportivas durante el a\u00f1o&#8221;.<\/p>\n\n\n\n<p>Desde el Club Deportivo Universidad Cat\u00f3lica agradecieron la disposici\u00f3n del Municipio para entablar un di\u00e1logo abierto, valorando el compromiso de la administraci\u00f3n comunitaria por seguir apostando por el desarrollo del deporte en el pa\u00eds. \u201cA Puc\u00f3n lo hemos considerado hace muchos a\u00f1os como socio estrat\u00e9gico, porque nos han permitido cumplir una misi\u00f3n, de formar mejores deportistas y personas a trav\u00e9s del deporte\u201d, afirm\u00f3 Francisco Urrejola, presidente del club deportivo.<\/p>\n\n\n\n<p>En este contexto, Urrejola agreg\u00f3 que &#8220;para nosotros es un placer poder seguir y continuar esta misi\u00f3n nuestra de formar deporte. Acordamos con el alcalde Sebasti\u00e1n \u00c1lvarez que vamos a tener otras actividades deportivas en Puc\u00f3n durante el a\u00f1o, partiendo por cl\u00ednicas deportivas, entrenamientos, recibiremos deportistas de la comuna en nuestro club deportivo de la UC para jornadas de entrenamiento y tendremos presencia en Puc\u00f3n de manera permanente para ser socios, no s\u00f3lo en el triatl\u00f3n&#8221;.<\/p>\n\n\n\n<p>Este nuevo acuerdo no solo reafirma el liderazgo de Puc\u00f3n como sede del Ironman en Chile, sino que tambi\u00e9n proyecta a la comuna como un referente nacional en la organizaci\u00f3n de eventos deportivos de alto nivel, integrando a la comunidad, el turismo y la infraestructura local en una apuesta conjunta por el desarrollo del territorio.<\/p>\n","protected":false},"excerpt":{"rendered":"<div class=\"pvc_clear\"><\/div>\n<p id=\"pvc_stats_56785\" class=\"pvc_stats total_only  \" data-element-id=\"56785\" style=\"\"><i class=\"pvc-stats-icon large\" aria-hidden=\"true\"><svg aria-hidden=\"true\" focusable=\"false\" data-prefix=\"far\" data-icon=\"chart-bar\" role=\"img\" xmlns=\"http:\/\/www.w3.org\/2000\/svg\" viewBox=\"0 0 512 512\" class=\"svg-inline--fa fa-chart-bar fa-w-16 fa-2x\"><path fill=\"currentColor\" d=\"M396.8 352h22.4c6.4 0 12.8-6.4 12.8-12.8V108.8c0-6.4-6.4-12.8-12.8-12.8h-22.4c-6.4 0-12.8 6.4-12.8 12.8v230.4c0 6.4 6.4 12.8 12.8 12.8zm-192 0h22.4c6.4 0 12.8-6.4 12.8-12.8V140.8c0-6.4-6.4-12.8-12.8-12.8h-22.4c-6.4 0-12.8 6.4-12.8 12.8v198.4c0 6.4 6.4 12.8 12.8 12.8zm96 0h22.4c6.4 0 12.8-6.4 12.8-12.8V204.8c0-6.4-6.4-12.8-12.8-12.8h-22.4c-6.4 0-12.8 6.4-12.8 12.8v134.4c0 6.4 6.4 12.8 12.8 12.8zM496 400H48V80c0-8.84-7.16-16-16-16H16C7.16 64 0 71.16 0 80v336c0 17.67 14.33 32 32 32h464c8.84 0 16-7.16 16-16v-16c0-8.84-7.16-16-16-16zm-387.2-48h22.4c6.4 0 12.8-6.4 12.8-12.8v-70.4c0-6.4-6.4-12.8-12.8-12.8h-22.4c-6.4 0-12.8 6.4-12.8 12.8v70.4c0 6.4 6.4 12.8 12.8 12.8z\" class=\"\"><\/path><\/svg><\/i> <img loading=\"lazy\" decoding=\"async\" width=\"16\" height=\"16\" alt=\"Loading\" src=\"https:\/\/temucotelevision.cl\/web\/wp-content\/plugins\/page-views-count\/ajax-loader-2x.gif\" border=0 \/><\/p>\n<div class=\"pvc_clear\"><\/div>\n<p>En medio de cuestionamientos y dudas surgidas en los \u00faltimos d\u00edas en torno al futuro del Ironman en Puc\u00f3n, esta<\/p>\n","protected":false},"author":1,"featured_media":54662,"comment_status":"open","ping_status":"open","sticky":false,"template":"","format":"standard","meta":{"colormag_page_container_layout":"default_layout","colormag_page_sidebar_layout":"default_layout","footnotes":""},"categories":[86,14],"tags":[4153],"class_list":["post-56785","post","type-post","status-publish","format-standard","has-post-thumbnail","hentry","category-panoramas","category-temuco","tag-ironman"],"a3_pvc":{"activated":true,"total_views":3194,"today_views":0},"_links":{"self":[{"href":"https:\/\/temucotelevision.cl\/web\/wp-json\/wp\/v2\/posts\/56785","targetHints":{"allow":["GET"]}}],"collection":[{"href":"https:\/\/temucotelevision.cl\/web\/wp-json\/wp\/v2\/posts"}],"about":[{"href":"https:\/\/temucotelevision.cl\/web\/wp-json\/wp\/v2\/types\/post"}],"author":[{"embeddable":true,"href":"https:\/\/temucotelevision.cl\/web\/wp-json\/wp\/v2\/users\/1"}],"replies":[{"embeddable":true,"href":"https:\/\/temucotelevision.cl\/web\/wp-json\/wp\/v2\/comments?post=56785"}],"version-history":[{"count":1,"href":"https:\/\/temucotelevision.cl\/web\/wp-json\/wp\/v2\/posts\/56785\/revisions"}],"predecessor-version":[{"id":56786,"href":"https:\/\/temucotelevision.cl\/web\/wp-json\/wp\/v2\/posts\/56785\/revisions\/56786"}],"wp:featuredmedia":[{"embeddable":true,"href":"https:\/\/temucotelevision.cl\/web\/wp-json\/wp\/v2\/media\/54662"}],"wp:attachment":[{"href":"https:\/\/temucotelevision.cl\/web\/wp-json\/wp\/v2\/media?parent=56785"}],"wp:term":[{"taxonomy":"category","embeddable":true,"href":"https:\/\/temucotelevision.cl\/web\/wp-json\/wp\/v2\/categories?post=56785"},{"taxonomy":"post_tag","embeddable":true,"href":"https:\/\/temucotelevision.cl\/web\/wp-json\/wp\/v2\/tags?post=56785"}],"curies":[{"name":"wp","href":"https:\/\/api.w.org\/{rel}","templated":true}]}}