{"id":56408,"date":"2025-05-25T13:24:36","date_gmt":"2025-05-25T16:24:36","guid":{"rendered":"https:\/\/temucotelevision.cl\/web\/?p=56408"},"modified":"2025-05-25T13:24:36","modified_gmt":"2025-05-25T16:24:36","slug":"el-cuerpo-de-bomberos-de-temuco-abre-sus-cuarteles-en-el-dia-de-los-patrimonios","status":"publish","type":"post","link":"https:\/\/temucotelevision.cl\/web\/2025\/05\/25\/el-cuerpo-de-bomberos-de-temuco-abre-sus-cuarteles-en-el-dia-de-los-patrimonios\/","title":{"rendered":"El Cuerpo de Bomberos de Temuco abre sus cuarteles en el D\u00eda de los Patrimonios\u00a0"},"content":{"rendered":"<div class=\"pvc_clear\"><\/div><p id=\"pvc_stats_56408\" class=\"pvc_stats total_only  \" data-element-id=\"56408\" style=\"\"><i class=\"pvc-stats-icon large\" aria-hidden=\"true\"><svg aria-hidden=\"true\" focusable=\"false\" data-prefix=\"far\" data-icon=\"chart-bar\" role=\"img\" xmlns=\"http:\/\/www.w3.org\/2000\/svg\" viewBox=\"0 0 512 512\" class=\"svg-inline--fa fa-chart-bar fa-w-16 fa-2x\"><path fill=\"currentColor\" d=\"M396.8 352h22.4c6.4 0 12.8-6.4 12.8-12.8V108.8c0-6.4-6.4-12.8-12.8-12.8h-22.4c-6.4 0-12.8 6.4-12.8 12.8v230.4c0 6.4 6.4 12.8 12.8 12.8zm-192 0h22.4c6.4 0 12.8-6.4 12.8-12.8V140.8c0-6.4-6.4-12.8-12.8-12.8h-22.4c-6.4 0-12.8 6.4-12.8 12.8v198.4c0 6.4 6.4 12.8 12.8 12.8zm96 0h22.4c6.4 0 12.8-6.4 12.8-12.8V204.8c0-6.4-6.4-12.8-12.8-12.8h-22.4c-6.4 0-12.8 6.4-12.8 12.8v134.4c0 6.4 6.4 12.8 12.8 12.8zM496 400H48V80c0-8.84-7.16-16-16-16H16C7.16 64 0 71.16 0 80v336c0 17.67 14.33 32 32 32h464c8.84 0 16-7.16 16-16v-16c0-8.84-7.16-16-16-16zm-387.2-48h22.4c6.4 0 12.8-6.4 12.8-12.8v-70.4c0-6.4-6.4-12.8-12.8-12.8h-22.4c-6.4 0-12.8 6.4-12.8 12.8v70.4c0 6.4 6.4 12.8 12.8 12.8z\" class=\"\"><\/path><\/svg><\/i> <img loading=\"lazy\" decoding=\"async\" width=\"16\" height=\"16\" alt=\"Loading\" src=\"https:\/\/temucotelevision.cl\/web\/wp-content\/plugins\/page-views-count\/ajax-loader-2x.gif\" border=0 \/><\/p><div class=\"pvc_clear\"><\/div>\n<p>Como es tradicional, el Cuerpo de Bomberos de Temuco se sumar\u00e1 a la celebraci\u00f3n del D\u00eda de los Patrimonios, evento que se realizar\u00e1 en todo el pa\u00eds este s\u00e1bado 24 y domingo 25 de mayo. La fiesta anual, que en 2025 incluye m\u00e1s de 2.000 actividades a nivel nacional, contempla recorridos por lugares hist\u00f3ricos y el reconocimiento del patrimonio cultural chileno, organizado por el Ministerio de las Culturas, las Artes y el Patrimonio.&nbsp;<\/p>\n\n\n\n<p>En Temuco, varias compa\u00f1\u00edas bomberiles abrir\u00e1n sus puertas al p\u00fablico. El cuartel de la&nbsp;<strong>Primera Compa\u00f1\u00eda<\/strong>&nbsp;, ubicado en O&#8217;Higgins 962, a pasos de Aldunate, estar\u00e1 abierto el domingo de 9:00 a 16:00 horas. La&nbsp;<strong>Tercera Compa\u00f1\u00eda \u00abBomba Germania\u00bb<\/strong>&nbsp;, en Prieto Norte 450, recibir\u00e1 visitantes el domingo, de 9:00 a 13:00 horas.&nbsp;<\/p>\n\n\n\n<p>Por su parte, la&nbsp;<strong>Quinta Compa\u00f1\u00eda \u00abBomba Caut\u00edn\u00bb<\/strong>&nbsp;, en avenida Orella 0470 (sector Pueblo Nuevo), abrir\u00e1 el domingo de 11:00 a 17:00 horas. Mientras que la&nbsp;<strong>Sexta Compa\u00f1\u00eda \u00abBomba Suiza\u00bb<\/strong>&nbsp;, ubicada en calle Lillo 150 (Padre Las Casas), tendr\u00e1 tanto actividades el s\u00e1bado como el domingo, de 9:00 a 18:00 horas, con visitas guiadas, exhibiciones de equipamiento, charlas educativas sobre prevenci\u00f3n de incendios y la historia institucional. Adem\u00e1s, el domingo participar\u00e1 activamente en su Brigada Juvenil, realizando actividades de difusi\u00f3n.&nbsp;<\/p>\n\n\n\n<p>La&nbsp;<strong>S\u00e9ptima Compa\u00f1\u00eda<\/strong>&nbsp;, en avenida San Mart\u00edn 01635 (cerca de la esquina con Andes) abre el domingo de 9:30 a 18:30 horas. La&nbsp;<strong>Octava Compa\u00f1\u00eda<\/strong>&nbsp;, en Colima 0800 esquina Valpara\u00edso (macrosector Santa Rosa), estar\u00e1 disponible s\u00e1bado y domingo de 10:00 a 16:00 horas. En tanto, la&nbsp;<strong>D\u00e9cima Compa\u00f1\u00eda<\/strong>&nbsp;, en calle 5 Oriente 070, a pasos de la calle 1 Norte de Labranza, recibir\u00e1 visitantes el domingo de 9:00 a 17:30 horas e incluir\u00e1 recorridos guiados. Finalmente, el nuevo cuartel de la&nbsp;<strong>Duod\u00e9cima Compa\u00f1\u00eda<\/strong>&nbsp;, en Los Ensayistas 0520 (sector Fundo El Carmen), abrir\u00e1 s\u00e1bado y domingo de 11:00 a 17:00 horas.&nbsp;<\/p>\n\n\n\n<p>Alfredo Lassalle, Superintendente del Cuerpo de Bomberos de Temuco, extendi\u00f3 una cordial invitaci\u00f3n a la comunidad para que visite los cuarteles y conozca el trabajo que realiza la instituci\u00f3n, el cual va m\u00e1s all\u00e1 del combate de incendios, agregando que todas las actividades ser\u00e1n gratuitas para el p\u00fablico y destac\u00f3 que se trata de una oportunidad \u00fanica para acercarse al patrimonio bomberil y valorar su trabajo en la regi\u00f3n.<\/p>\n","protected":false},"excerpt":{"rendered":"<div class=\"pvc_clear\"><\/div>\n<p id=\"pvc_stats_56408\" class=\"pvc_stats total_only  \" data-element-id=\"56408\" style=\"\"><i class=\"pvc-stats-icon large\" aria-hidden=\"true\"><svg aria-hidden=\"true\" focusable=\"false\" data-prefix=\"far\" data-icon=\"chart-bar\" role=\"img\" xmlns=\"http:\/\/www.w3.org\/2000\/svg\" viewBox=\"0 0 512 512\" class=\"svg-inline--fa fa-chart-bar fa-w-16 fa-2x\"><path fill=\"currentColor\" d=\"M396.8 352h22.4c6.4 0 12.8-6.4 12.8-12.8V108.8c0-6.4-6.4-12.8-12.8-12.8h-22.4c-6.4 0-12.8 6.4-12.8 12.8v230.4c0 6.4 6.4 12.8 12.8 12.8zm-192 0h22.4c6.4 0 12.8-6.4 12.8-12.8V140.8c0-6.4-6.4-12.8-12.8-12.8h-22.4c-6.4 0-12.8 6.4-12.8 12.8v198.4c0 6.4 6.4 12.8 12.8 12.8zm96 0h22.4c6.4 0 12.8-6.4 12.8-12.8V204.8c0-6.4-6.4-12.8-12.8-12.8h-22.4c-6.4 0-12.8 6.4-12.8 12.8v134.4c0 6.4 6.4 12.8 12.8 12.8zM496 400H48V80c0-8.84-7.16-16-16-16H16C7.16 64 0 71.16 0 80v336c0 17.67 14.33 32 32 32h464c8.84 0 16-7.16 16-16v-16c0-8.84-7.16-16-16-16zm-387.2-48h22.4c6.4 0 12.8-6.4 12.8-12.8v-70.4c0-6.4-6.4-12.8-12.8-12.8h-22.4c-6.4 0-12.8 6.4-12.8 12.8v70.4c0 6.4 6.4 12.8 12.8 12.8z\" class=\"\"><\/path><\/svg><\/i> <img loading=\"lazy\" decoding=\"async\" width=\"16\" height=\"16\" alt=\"Loading\" src=\"https:\/\/temucotelevision.cl\/web\/wp-content\/plugins\/page-views-count\/ajax-loader-2x.gif\" border=0 \/><\/p>\n<div class=\"pvc_clear\"><\/div>\n<p>Como es tradicional, el Cuerpo de Bomberos de Temuco se sumar\u00e1 a la celebraci\u00f3n del D\u00eda de los Patrimonios, evento<\/p>\n","protected":false},"author":1,"featured_media":56409,"comment_status":"open","ping_status":"open","sticky":false,"template":"","format":"standard","meta":{"colormag_page_container_layout":"default_layout","colormag_page_sidebar_layout":"default_layout","footnotes":""},"categories":[86],"tags":[5305],"class_list":["post-56408","post","type-post","status-publish","format-standard","has-post-thumbnail","hentry","category-panoramas","tag-patrimonios"],"a3_pvc":{"activated":true,"total_views":1755,"today_views":0},"_links":{"self":[{"href":"https:\/\/temucotelevision.cl\/web\/wp-json\/wp\/v2\/posts\/56408","targetHints":{"allow":["GET"]}}],"collection":[{"href":"https:\/\/temucotelevision.cl\/web\/wp-json\/wp\/v2\/posts"}],"about":[{"href":"https:\/\/temucotelevision.cl\/web\/wp-json\/wp\/v2\/types\/post"}],"author":[{"embeddable":true,"href":"https:\/\/temucotelevision.cl\/web\/wp-json\/wp\/v2\/users\/1"}],"replies":[{"embeddable":true,"href":"https:\/\/temucotelevision.cl\/web\/wp-json\/wp\/v2\/comments?post=56408"}],"version-history":[{"count":1,"href":"https:\/\/temucotelevision.cl\/web\/wp-json\/wp\/v2\/posts\/56408\/revisions"}],"predecessor-version":[{"id":56410,"href":"https:\/\/temucotelevision.cl\/web\/wp-json\/wp\/v2\/posts\/56408\/revisions\/56410"}],"wp:featuredmedia":[{"embeddable":true,"href":"https:\/\/temucotelevision.cl\/web\/wp-json\/wp\/v2\/media\/56409"}],"wp:attachment":[{"href":"https:\/\/temucotelevision.cl\/web\/wp-json\/wp\/v2\/media?parent=56408"}],"wp:term":[{"taxonomy":"category","embeddable":true,"href":"https:\/\/temucotelevision.cl\/web\/wp-json\/wp\/v2\/categories?post=56408"},{"taxonomy":"post_tag","embeddable":true,"href":"https:\/\/temucotelevision.cl\/web\/wp-json\/wp\/v2\/tags?post=56408"}],"curies":[{"name":"wp","href":"https:\/\/api.w.org\/{rel}","templated":true}]}}