{"id":56405,"date":"2025-05-25T13:13:11","date_gmt":"2025-05-25T16:13:11","guid":{"rendered":"https:\/\/temucotelevision.cl\/web\/?p=56405"},"modified":"2025-05-25T13:13:12","modified_gmt":"2025-05-25T16:13:12","slug":"dia-de-los-patrimonios-2025-mas-de-2-mil-personas-visitaron-los-institutos-teleton-de-arica-a-coyhaique","status":"publish","type":"post","link":"https:\/\/temucotelevision.cl\/web\/2025\/05\/25\/dia-de-los-patrimonios-2025-mas-de-2-mil-personas-visitaron-los-institutos-teleton-de-arica-a-coyhaique\/","title":{"rendered":"D\u00eda de los Patrimonios 2025: M\u00e1s de 2 mil personas visitaron los institutos Telet\u00f3n de Arica a Coyhaique"},"content":{"rendered":"<div class=\"pvc_clear\"><\/div><p id=\"pvc_stats_56405\" class=\"pvc_stats total_only  \" data-element-id=\"56405\" style=\"\"><i class=\"pvc-stats-icon large\" aria-hidden=\"true\"><svg aria-hidden=\"true\" focusable=\"false\" data-prefix=\"far\" data-icon=\"chart-bar\" role=\"img\" xmlns=\"http:\/\/www.w3.org\/2000\/svg\" viewBox=\"0 0 512 512\" class=\"svg-inline--fa fa-chart-bar fa-w-16 fa-2x\"><path fill=\"currentColor\" d=\"M396.8 352h22.4c6.4 0 12.8-6.4 12.8-12.8V108.8c0-6.4-6.4-12.8-12.8-12.8h-22.4c-6.4 0-12.8 6.4-12.8 12.8v230.4c0 6.4 6.4 12.8 12.8 12.8zm-192 0h22.4c6.4 0 12.8-6.4 12.8-12.8V140.8c0-6.4-6.4-12.8-12.8-12.8h-22.4c-6.4 0-12.8 6.4-12.8 12.8v198.4c0 6.4 6.4 12.8 12.8 12.8zm96 0h22.4c6.4 0 12.8-6.4 12.8-12.8V204.8c0-6.4-6.4-12.8-12.8-12.8h-22.4c-6.4 0-12.8 6.4-12.8 12.8v134.4c0 6.4 6.4 12.8 12.8 12.8zM496 400H48V80c0-8.84-7.16-16-16-16H16C7.16 64 0 71.16 0 80v336c0 17.67 14.33 32 32 32h464c8.84 0 16-7.16 16-16v-16c0-8.84-7.16-16-16-16zm-387.2-48h22.4c6.4 0 12.8-6.4 12.8-12.8v-70.4c0-6.4-6.4-12.8-12.8-12.8h-22.4c-6.4 0-12.8 6.4-12.8 12.8v70.4c0 6.4 6.4 12.8 12.8 12.8z\" class=\"\"><\/path><\/svg><\/i> <img loading=\"lazy\" decoding=\"async\" width=\"16\" height=\"16\" alt=\"Loading\" src=\"https:\/\/temucotelevision.cl\/web\/wp-content\/plugins\/page-views-count\/ajax-loader-2x.gif\" border=0 \/><\/p><div class=\"pvc_clear\"><\/div>\n<ul class=\"wp-block-list\">\n<li>En esta primera vez que los 14 centros formaron parte del D\u00eda de los Patrimonios, voluntarios y profesionales de la instituci\u00f3n guiaron a los asistentes por las distintas unidades terap\u00e9uticas y realizaron distintas actividades.<\/li>\n\n\n\n<li>Telet\u00f3n de Santiago recibi\u00f3 la visita de la ministra de las Culturas, las Artes y el Patrimonio, quien inici\u00f3 su recorrido patrimonial del d\u00eda en el instituto.\u00a0<\/li>\n<\/ul>\n\n\n\n<p>Este s\u00e1bado, y por primera vez, los 14 institutos Telet\u00f3n del pa\u00eds abrieron sus puertas como parte del<strong>&nbsp;D\u00eda de los Patrimonios Culturales<\/strong>. La jornada permiti\u00f3 que m\u00e1s de 2 mil personas de todo Chile recorrieran los centros de rehabilitaci\u00f3n y conocieran de cerca el trabajo que se realiza junto a m\u00e1s de 32 mil familias cada a\u00f1o.<\/p>\n\n\n\n<p>En Santiago, la actividad cont\u00f3 con la visita de la ministra de las Culturas, las Artes y el Patrimonio,&nbsp;<strong>Carolina Arredondo<\/strong>, quien inici\u00f3 su recorrido patrimonial del d\u00eda justamente en el Instituto Telet\u00f3n capitalino, reconociendo as\u00ed la importancia de esta instituci\u00f3n solidaria como parte del patrimonio de Chile.<\/p>\n\n\n\n<p>En todos los institutos, voluntarios y profesionales de la instituci\u00f3n guiaron a los asistentes por las distintas unidades terap\u00e9uticas, como Kinesiolog\u00eda, Terapia Ocupacional, Terapias Art\u00edsticas y Creativas, y Deporte Adaptado. Tambi\u00e9n se realizaron muestras interactivas, exhibiciones de \u00f3rtesis y pr\u00f3tesis, actividades deportivas inclusivas y una feria de emprendimientos liderados por pacientes y familias. La actividad se realiz\u00f3 solo este s\u00e1bado y concluy\u00f3 a las 14 horas.&nbsp;<\/p>\n\n\n\n<p>\u201cEstamos felices de celebrar, una vez m\u00e1s, la fiesta m\u00e1s grande de Chile, que es el D\u00eda de los Patrimonios Culturales y ver c\u00f3mo se suman organizaciones como el Instituto Telet\u00f3n, que hoy abre sus 14 centros a lo largo de todo el pa\u00eds, algo que nos llena de orgullo. Este es un d\u00eda que nos invita a encontrarnos con nuestro patrimonio cultural, conocer nuestra historia, reflexionar desde el presente y proyectar nuestro futuro. Sin duda, Telet\u00f3n es parte de nuestra historia. En el caso de la Regi\u00f3n Metropolitana, nosotros hemos aportado a trav\u00e9s de una experiencia de realidad inmersiva donde se pueden visitar virtualmente nuestros sitios de patrimonio de todo el pa\u00eds\u201d, coment\u00f3 la ministra Arredondo.&nbsp;<\/p>\n\n\n\n<p><strong>Mar\u00eda Jos\u00e9 Zald\u00edvar<\/strong>, directora general de Fundaci\u00f3n Telet\u00f3n, valor\u00f3 la convocatoria, se\u00f1alando que \u201cestamos muy felices de haber abierto nuestros 14 institutos en el D\u00eda de los Patrimonios y de que tantas personas hayan podido conocer c\u00f3mo trabajamos, c\u00f3mo rehabilitamos e incluimos, y de qu\u00e9 forma se utilizan los aportes que cada a\u00f1o conf\u00edan en nosotros. Tal como se\u00f1al\u00f3 la ministra, Telet\u00f3n es parte de la historia de Chile, pero tambi\u00e9n del coraz\u00f3n de nuestro pa\u00eds. Agradecemos profundamente a nuestros equipos y voluntarios, que con tanto entusiasmo hicieron posible esta jornada, mostrando que Telet\u00f3n es una obra que se vive todos los d\u00edas\u201d.<\/p>\n\n\n\n<p>Telet\u00f3n Santiago recibi\u00f3 a cientos de personas en una jornada marcada por la historia, el encuentro y la inclusi\u00f3n. Entre ellas estuvo&nbsp;<strong>Ximena Chac\u00f3n<\/strong>, quien viaj\u00f3 desde Graneros junto a su hijo para conocer el instituto capitalino. \u201cSiempre lo vimos en la tele, as\u00ed que decidimos venir. Nos pareci\u00f3 magn\u00edfico, se nota el amor y la dedicaci\u00f3n con la que trabajan\u201d, coment\u00f3.&nbsp;<strong>Joyce Espinoza<\/strong>, de la comuna de Lo Prado, tambi\u00e9n visit\u00f3 el instituto por primera vez y lo hizo junto a sus dos hijos. \u201cLa gente es muy amable y mis hijos est\u00e1n muy felices por ver a Telet\u00edn\u201d, dijo.<\/p>\n\n\n\n<p>Como Ximena y Joyce, muchas familias -desde Arica hasta Ays\u00e9n- vivieron la experiencia de conocer por dentro esta obra solidaria construida colectivamente para la rehabilitaci\u00f3n y la inclusi\u00f3n de miles de ni\u00f1os en Chile. Si quieres conocer m\u00e1s del trabajo de Telet\u00f3n a nivel nacional, visita&nbsp;<a href=\"http:\/\/teleton.cl\/transparencia\"><u>teleton.cl\/transparencia<\/u><\/a>.<\/p>\n","protected":false},"excerpt":{"rendered":"<div class=\"pvc_clear\"><\/div>\n<p id=\"pvc_stats_56405\" class=\"pvc_stats total_only  \" data-element-id=\"56405\" style=\"\"><i class=\"pvc-stats-icon large\" aria-hidden=\"true\"><svg aria-hidden=\"true\" focusable=\"false\" data-prefix=\"far\" data-icon=\"chart-bar\" role=\"img\" xmlns=\"http:\/\/www.w3.org\/2000\/svg\" viewBox=\"0 0 512 512\" class=\"svg-inline--fa fa-chart-bar fa-w-16 fa-2x\"><path fill=\"currentColor\" d=\"M396.8 352h22.4c6.4 0 12.8-6.4 12.8-12.8V108.8c0-6.4-6.4-12.8-12.8-12.8h-22.4c-6.4 0-12.8 6.4-12.8 12.8v230.4c0 6.4 6.4 12.8 12.8 12.8zm-192 0h22.4c6.4 0 12.8-6.4 12.8-12.8V140.8c0-6.4-6.4-12.8-12.8-12.8h-22.4c-6.4 0-12.8 6.4-12.8 12.8v198.4c0 6.4 6.4 12.8 12.8 12.8zm96 0h22.4c6.4 0 12.8-6.4 12.8-12.8V204.8c0-6.4-6.4-12.8-12.8-12.8h-22.4c-6.4 0-12.8 6.4-12.8 12.8v134.4c0 6.4 6.4 12.8 12.8 12.8zM496 400H48V80c0-8.84-7.16-16-16-16H16C7.16 64 0 71.16 0 80v336c0 17.67 14.33 32 32 32h464c8.84 0 16-7.16 16-16v-16c0-8.84-7.16-16-16-16zm-387.2-48h22.4c6.4 0 12.8-6.4 12.8-12.8v-70.4c0-6.4-6.4-12.8-12.8-12.8h-22.4c-6.4 0-12.8 6.4-12.8 12.8v70.4c0 6.4 6.4 12.8 12.8 12.8z\" class=\"\"><\/path><\/svg><\/i> <img loading=\"lazy\" decoding=\"async\" width=\"16\" height=\"16\" alt=\"Loading\" src=\"https:\/\/temucotelevision.cl\/web\/wp-content\/plugins\/page-views-count\/ajax-loader-2x.gif\" border=0 \/><\/p>\n<div class=\"pvc_clear\"><\/div>\n<p>Este s\u00e1bado, y por primera vez, los 14 institutos Telet\u00f3n del pa\u00eds abrieron sus puertas como parte del&nbsp;D\u00eda de los<\/p>\n","protected":false},"author":1,"featured_media":56406,"comment_status":"open","ping_status":"open","sticky":false,"template":"","format":"standard","meta":{"colormag_page_container_layout":"default_layout","colormag_page_sidebar_layout":"default_layout","footnotes":""},"categories":[15],"tags":[1989],"class_list":["post-56405","post","type-post","status-publish","format-standard","has-post-thumbnail","hentry","category-la-araucania","tag-teleton"],"a3_pvc":{"activated":true,"total_views":1194,"today_views":0},"_links":{"self":[{"href":"https:\/\/temucotelevision.cl\/web\/wp-json\/wp\/v2\/posts\/56405","targetHints":{"allow":["GET"]}}],"collection":[{"href":"https:\/\/temucotelevision.cl\/web\/wp-json\/wp\/v2\/posts"}],"about":[{"href":"https:\/\/temucotelevision.cl\/web\/wp-json\/wp\/v2\/types\/post"}],"author":[{"embeddable":true,"href":"https:\/\/temucotelevision.cl\/web\/wp-json\/wp\/v2\/users\/1"}],"replies":[{"embeddable":true,"href":"https:\/\/temucotelevision.cl\/web\/wp-json\/wp\/v2\/comments?post=56405"}],"version-history":[{"count":1,"href":"https:\/\/temucotelevision.cl\/web\/wp-json\/wp\/v2\/posts\/56405\/revisions"}],"predecessor-version":[{"id":56407,"href":"https:\/\/temucotelevision.cl\/web\/wp-json\/wp\/v2\/posts\/56405\/revisions\/56407"}],"wp:featuredmedia":[{"embeddable":true,"href":"https:\/\/temucotelevision.cl\/web\/wp-json\/wp\/v2\/media\/56406"}],"wp:attachment":[{"href":"https:\/\/temucotelevision.cl\/web\/wp-json\/wp\/v2\/media?parent=56405"}],"wp:term":[{"taxonomy":"category","embeddable":true,"href":"https:\/\/temucotelevision.cl\/web\/wp-json\/wp\/v2\/categories?post=56405"},{"taxonomy":"post_tag","embeddable":true,"href":"https:\/\/temucotelevision.cl\/web\/wp-json\/wp\/v2\/tags?post=56405"}],"curies":[{"name":"wp","href":"https:\/\/api.w.org\/{rel}","templated":true}]}}