{"id":56198,"date":"2025-05-11T23:29:54","date_gmt":"2025-05-12T02:29:54","guid":{"rendered":"https:\/\/temucotelevision.cl\/web\/?p=56198"},"modified":"2025-05-11T23:29:55","modified_gmt":"2025-05-12T02:29:55","slug":"temuco-avanza-hacia-el-pago-electronico-en-el-transporte-publico-con-validadores-en-microbuses","status":"publish","type":"post","link":"https:\/\/temucotelevision.cl\/web\/2025\/05\/11\/temuco-avanza-hacia-el-pago-electronico-en-el-transporte-publico-con-validadores-en-microbuses\/","title":{"rendered":"Temuco avanza hacia el pago electr\u00f3nico en el transporte p\u00fablico con validadores en microbuses"},"content":{"rendered":"<div class=\"pvc_clear\"><\/div><p id=\"pvc_stats_56198\" class=\"pvc_stats total_only  \" data-element-id=\"56198\" style=\"\"><i class=\"pvc-stats-icon large\" aria-hidden=\"true\"><svg aria-hidden=\"true\" focusable=\"false\" data-prefix=\"far\" data-icon=\"chart-bar\" role=\"img\" xmlns=\"http:\/\/www.w3.org\/2000\/svg\" viewBox=\"0 0 512 512\" class=\"svg-inline--fa fa-chart-bar fa-w-16 fa-2x\"><path fill=\"currentColor\" d=\"M396.8 352h22.4c6.4 0 12.8-6.4 12.8-12.8V108.8c0-6.4-6.4-12.8-12.8-12.8h-22.4c-6.4 0-12.8 6.4-12.8 12.8v230.4c0 6.4 6.4 12.8 12.8 12.8zm-192 0h22.4c6.4 0 12.8-6.4 12.8-12.8V140.8c0-6.4-6.4-12.8-12.8-12.8h-22.4c-6.4 0-12.8 6.4-12.8 12.8v198.4c0 6.4 6.4 12.8 12.8 12.8zm96 0h22.4c6.4 0 12.8-6.4 12.8-12.8V204.8c0-6.4-6.4-12.8-12.8-12.8h-22.4c-6.4 0-12.8 6.4-12.8 12.8v134.4c0 6.4 6.4 12.8 12.8 12.8zM496 400H48V80c0-8.84-7.16-16-16-16H16C7.16 64 0 71.16 0 80v336c0 17.67 14.33 32 32 32h464c8.84 0 16-7.16 16-16v-16c0-8.84-7.16-16-16-16zm-387.2-48h22.4c6.4 0 12.8-6.4 12.8-12.8v-70.4c0-6.4-6.4-12.8-12.8-12.8h-22.4c-6.4 0-12.8 6.4-12.8 12.8v70.4c0 6.4 6.4 12.8 12.8 12.8z\" class=\"\"><\/path><\/svg><\/i> <img loading=\"lazy\" decoding=\"async\" width=\"16\" height=\"16\" alt=\"Loading\" src=\"https:\/\/temucotelevision.cl\/web\/wp-content\/plugins\/page-views-count\/ajax-loader-2x.gif\" border=0 \/><\/p><div class=\"pvc_clear\"><\/div>\n<p><em><strong>El alcalde Roberto Neira y la Seremi de Transportes fiscalizaron avances del nuevo sistema, que promete modernizar la experiencia de viaje y aumentar la seguridad de conductores y usuarios.<\/strong><\/em><\/p>\n\n\n\n<p>El alcalde de Temuco, Roberto Neira, acompa\u00f1ado por la seremi de Transportes y Telecomunicaciones de La Araucan\u00eda, Mary Valdebenito, visit\u00f3&nbsp;este martes el terminal de microbuses de la L\u00ednea 1 para constatar en terreno el avance de la instalaci\u00f3n de validadores del nuevo sistema de pago electr\u00f3nico que comenzar\u00e1&nbsp;a operar pr\u00f3ximamente en Temuco y Padre Las Casas.<\/p>\n\n\n\n<p>\u201cNos encontramos ac\u00e1&nbsp;en Caj\u00f3n invitados por la Seremi de Transporte, espec\u00edficamente el terminal de la L\u00ednea 1, donde estamos conociendo el recambio de la nueva forma de pago que va a tener el transporte p\u00fablico en la ciudad de Temuco y Padre&nbsp;Las&nbsp;Casas\u201d, mencion\u00f3 Roberto Neira, alcalde de Temuco, agregando que \u201csin duda un avance important\u00edsimo a trav\u00e9s del per\u00edmetro de exclusi\u00f3n donde ustedes, a trav\u00e9s de su celular, pueden hacer seguimiento a la locomoci\u00f3n colectiva, saber en cu\u00e1nto tiempo viene, por d\u00f3nde va a pasar y la locomoci\u00f3n, adem\u00e1s, con su patente, usted puede certificar si la micro que va pasando es la que le est\u00e1&nbsp;indicando la aplicaci\u00f3n\u201d, se\u00f1al\u00f3.<\/p>\n\n\n\n<p>En la instancia, el edil tambi\u00e9n destac\u00f3&nbsp;que el nuevo sistema&nbsp;\u201cva a poder pagar con su celular, va a poder pagar con su tarjeta bancaria y si usted es persona mayor o estudiante va a poder sacar una tarjeta donde va a tener un descuento. (\u2026) Este proceso lleva un 35% de avance en la colocaci\u00f3n de esta tecnolog\u00eda en las micros para que prontamente ya demos inicio a este proceso de recambio en la forma c\u00f3mo pagamos la locomoci\u00f3n colectiva en nuestra ciudad\u201d. Asimismo, inform\u00f3&nbsp;que&nbsp;\u201cel municipio hizo una entrega cercana a las 3.000 tarjetas a personas mayores en nuestros distintos centros comunitarios\u201d.<\/p>\n\n\n\n<p>Por su parte, la Seremi&nbsp;de Transportes y Telecomunicaciones de La Araucan\u00eda, Mary Valdebenito,&nbsp;destac\u00f3&nbsp;el trabajo realizado con distintos actores del transporte p\u00fablico:&nbsp;\u201cNosotros, con el alcalde Roberto Neira, hemos estado trabajando para poder activar todo lo que era el per\u00edmetro de exclusi\u00f3n. Se trabajaron con los representantes legales, se convers\u00f3&nbsp;con la Federaci\u00f3n de Conductores. Aqu\u00ed&nbsp;hay un trabajo que se ha hecho por largo tiempo para dar este paso a la modernidad en el transporte\u201d, se\u00f1al\u00f3.<\/p>\n\n\n\n<p>\u201cEs el legado que vamos a dejar como Gobierno del presidente Gabriel Boric, ya que se va a modernizar el transporte p\u00fablico, no tan solo en regular el per\u00edmetro, en regular los recorridos, en regular y dar certeza de la frecuencia, (\u2026) sino que tambi\u00e9n con la modernizaci\u00f3n de la forma en que se va a pagar hoy d\u00eda en Temuco y Padre Las Casas\u201d, agreg\u00f3. Adem\u00e1s, inform\u00f3&nbsp;que&nbsp;\u201ctambi\u00e9n van a ser beneficiadas las familias de Vilc\u00fan y de Freire\u201d, subray\u00f3 la secretaria regional.<\/p>\n\n\n\n<p>Sobre los beneficios para los conductores, Valdebenito explic\u00f3&nbsp;que&nbsp;\u201cle entrega mayor seguridad a los conductores el evitar de tener el dinero efectivo, ya que hoy d\u00eda todo se va a cancelar con una tarjeta con un pl\u00e1stico. Este pl\u00e1stico va a tener el valor de $1.550, los adultos mayores tienen que acercarse luego al centro de atenci\u00f3n al usuario para quedar enrolado con nosotros\u201d.<\/p>\n\n\n\n<p>La seremi tambi\u00e9n hizo un llamado a los peque\u00f1os negocios a sumarse al sistema.&nbsp;\u201cQue las distintos empresarios y los distintos emprendedores, almacenes de distintos sectores y barrios se sumen a esta actividad donde podamos vender y recargar las tarjetas para los vecinos\u201d, cerr\u00f3.<\/p>\n\n\n\n<p>Por su parte, Rosa Torres, adulta mayor y&nbsp;usuaria&nbsp;frecuente&nbsp;del transporte p\u00fablico, valor\u00f3&nbsp;el nuevo sistema.&nbsp;\u201cMe parece excelente, muy bien, muy bueno. Ahora tenemos que acostumbrarnos nom\u00e1s a andar con el pl\u00e1stico, pero bueno, en todo sentido, que nos cambia la vida y tambi\u00e9n ya la modernidad que nos pilla a nosotros que ya somos de la tercera edad. As\u00ed&nbsp;que eso. Ya nos vamos a tener que andar con monedero, ni con tanta moneda. As\u00ed&nbsp;que bien, muy bien\u201d, festej\u00f3 la vecina.<\/p>\n\n\n\n<p>Finalmente, es importante recalcar que, actualmente, las l\u00edneas 9 y 10 ya cuentan con el 100% de los validadores instalados, mientras que la L\u00ednea 1 alcanza un 30% de avance. Tambi\u00e9n se ha capacitado a conductores sobre el uso del sistema y se est\u00e1n habilitando puntos de venta, recarga y atenci\u00f3n al usuario para implementar el sistema de manera completa y accesible.<\/p>\n\n\n\n<p>Desde la perspectiva de los conductores, la implementaci\u00f3n del nuevo sistema tambi\u00e9n supone un desaf\u00edo importante. As\u00ed&nbsp;lo expres\u00f3&nbsp;Nicol\u00e1s Opazo, conductor de microb\u00fas de la L\u00ednea 1 de Temuco.&nbsp;\u201cSiempre el cambio debiera ser para mejor, pero va a ser un poco ajetreado, ya que nosotros tenemos harto p\u00fablico, tanto analfabeto, vienen hartas personas rurales, entonces, el tema de la tecnolog\u00eda, gracias a esta maquinita, va a ser un poco compleja, ya que tiene hartas funciones y solo tres modalidades de pago, que en este caso es el adulto, el adulto mayor y el estudiante pagado. Despu\u00e9s de eso el pasaje se va a validar al valor total. Pero va a ser m\u00e1s el tema para la clientela\u201d, indic\u00f3.<\/p>\n\n\n\n<p>Opazo a\u00f1adi\u00f3&nbsp;que el proceso tambi\u00e9n impactar\u00e1 la din\u00e1mica cotidiana del servicio.&nbsp;\u201cNuestros pasajes frecuentes, nuestros pasajeros, por as\u00ed&nbsp;decirlo, son quienes m\u00e1s tienen que acomodarse a nosotros. Y esto, el sacar la boletera, la pesera, como le llamamos nosotros, va a ser ca\u00f3tico para la gente, para nosotros mismos. Pero esperemos que la modalidad de cambio sea bastante buena y que resulte a largo plazo, pero va a resultar\u201d, finaliz\u00f3 con optimismo.<\/p>\n\n\n\n<p>Finalmente, y aunque el sistema&nbsp;a\u00fan no est\u00e1&nbsp;operativo, las autoridades confirmaron que en una primera etapa convivir\u00e1con el pago en efectivo para facilitar la adaptaci\u00f3n de la ciudadan\u00eda, pero que progresivamente la famosa \u201cpesera\u201d y boletos del transporte p\u00fablico mayor desaparecer\u00e1, dando paso a esta revolucionaria y tecnol\u00f3gica forma de pago en Temuco y Padre Las Casas.<\/p>\n","protected":false},"excerpt":{"rendered":"<div class=\"pvc_clear\"><\/div>\n<p id=\"pvc_stats_56198\" class=\"pvc_stats total_only  \" data-element-id=\"56198\" style=\"\"><i class=\"pvc-stats-icon large\" aria-hidden=\"true\"><svg aria-hidden=\"true\" focusable=\"false\" data-prefix=\"far\" data-icon=\"chart-bar\" role=\"img\" xmlns=\"http:\/\/www.w3.org\/2000\/svg\" viewBox=\"0 0 512 512\" class=\"svg-inline--fa fa-chart-bar fa-w-16 fa-2x\"><path fill=\"currentColor\" d=\"M396.8 352h22.4c6.4 0 12.8-6.4 12.8-12.8V108.8c0-6.4-6.4-12.8-12.8-12.8h-22.4c-6.4 0-12.8 6.4-12.8 12.8v230.4c0 6.4 6.4 12.8 12.8 12.8zm-192 0h22.4c6.4 0 12.8-6.4 12.8-12.8V140.8c0-6.4-6.4-12.8-12.8-12.8h-22.4c-6.4 0-12.8 6.4-12.8 12.8v198.4c0 6.4 6.4 12.8 12.8 12.8zm96 0h22.4c6.4 0 12.8-6.4 12.8-12.8V204.8c0-6.4-6.4-12.8-12.8-12.8h-22.4c-6.4 0-12.8 6.4-12.8 12.8v134.4c0 6.4 6.4 12.8 12.8 12.8zM496 400H48V80c0-8.84-7.16-16-16-16H16C7.16 64 0 71.16 0 80v336c0 17.67 14.33 32 32 32h464c8.84 0 16-7.16 16-16v-16c0-8.84-7.16-16-16-16zm-387.2-48h22.4c6.4 0 12.8-6.4 12.8-12.8v-70.4c0-6.4-6.4-12.8-12.8-12.8h-22.4c-6.4 0-12.8 6.4-12.8 12.8v70.4c0 6.4 6.4 12.8 12.8 12.8z\" class=\"\"><\/path><\/svg><\/i> <img loading=\"lazy\" decoding=\"async\" width=\"16\" height=\"16\" alt=\"Loading\" src=\"https:\/\/temucotelevision.cl\/web\/wp-content\/plugins\/page-views-count\/ajax-loader-2x.gif\" border=0 \/><\/p>\n<div class=\"pvc_clear\"><\/div>\n<p>El alcalde Roberto Neira y la Seremi de Transportes fiscalizaron avances del nuevo sistema, que promete modernizar la experiencia de<\/p>\n","protected":false},"author":1,"featured_media":56199,"comment_status":"open","ping_status":"open","sticky":false,"template":"","format":"standard","meta":{"colormag_page_container_layout":"default_layout","colormag_page_sidebar_layout":"default_layout","footnotes":""},"categories":[14],"tags":[706],"class_list":["post-56198","post","type-post","status-publish","format-standard","has-post-thumbnail","hentry","category-temuco","tag-transporte"],"a3_pvc":{"activated":true,"total_views":1676,"today_views":0},"_links":{"self":[{"href":"https:\/\/temucotelevision.cl\/web\/wp-json\/wp\/v2\/posts\/56198","targetHints":{"allow":["GET"]}}],"collection":[{"href":"https:\/\/temucotelevision.cl\/web\/wp-json\/wp\/v2\/posts"}],"about":[{"href":"https:\/\/temucotelevision.cl\/web\/wp-json\/wp\/v2\/types\/post"}],"author":[{"embeddable":true,"href":"https:\/\/temucotelevision.cl\/web\/wp-json\/wp\/v2\/users\/1"}],"replies":[{"embeddable":true,"href":"https:\/\/temucotelevision.cl\/web\/wp-json\/wp\/v2\/comments?post=56198"}],"version-history":[{"count":1,"href":"https:\/\/temucotelevision.cl\/web\/wp-json\/wp\/v2\/posts\/56198\/revisions"}],"predecessor-version":[{"id":56200,"href":"https:\/\/temucotelevision.cl\/web\/wp-json\/wp\/v2\/posts\/56198\/revisions\/56200"}],"wp:featuredmedia":[{"embeddable":true,"href":"https:\/\/temucotelevision.cl\/web\/wp-json\/wp\/v2\/media\/56199"}],"wp:attachment":[{"href":"https:\/\/temucotelevision.cl\/web\/wp-json\/wp\/v2\/media?parent=56198"}],"wp:term":[{"taxonomy":"category","embeddable":true,"href":"https:\/\/temucotelevision.cl\/web\/wp-json\/wp\/v2\/categories?post=56198"},{"taxonomy":"post_tag","embeddable":true,"href":"https:\/\/temucotelevision.cl\/web\/wp-json\/wp\/v2\/tags?post=56198"}],"curies":[{"name":"wp","href":"https:\/\/api.w.org\/{rel}","templated":true}]}}