{"id":56195,"date":"2025-05-11T23:22:02","date_gmt":"2025-05-12T02:22:02","guid":{"rendered":"https:\/\/temucotelevision.cl\/web\/?p=56195"},"modified":"2025-05-11T23:22:03","modified_gmt":"2025-05-12T02:22:03","slug":"temuco-inaugura-su-tercera-sala-multisensorial-y-marca-un-precedente-nacional-en-instalar-herramientas-inclusivas","status":"publish","type":"post","link":"https:\/\/temucotelevision.cl\/web\/2025\/05\/11\/temuco-inaugura-su-tercera-sala-multisensorial-y-marca-un-precedente-nacional-en-instalar-herramientas-inclusivas\/","title":{"rendered":"Temuco inaugura su tercera sala multisensorial y marca un precedente nacional en instalar herramientas inclusivas"},"content":{"rendered":"<div class=\"pvc_clear\"><\/div><p id=\"pvc_stats_56195\" class=\"pvc_stats total_only  \" data-element-id=\"56195\" style=\"\"><i class=\"pvc-stats-icon large\" aria-hidden=\"true\"><svg aria-hidden=\"true\" focusable=\"false\" data-prefix=\"far\" data-icon=\"chart-bar\" role=\"img\" xmlns=\"http:\/\/www.w3.org\/2000\/svg\" viewBox=\"0 0 512 512\" class=\"svg-inline--fa fa-chart-bar fa-w-16 fa-2x\"><path fill=\"currentColor\" d=\"M396.8 352h22.4c6.4 0 12.8-6.4 12.8-12.8V108.8c0-6.4-6.4-12.8-12.8-12.8h-22.4c-6.4 0-12.8 6.4-12.8 12.8v230.4c0 6.4 6.4 12.8 12.8 12.8zm-192 0h22.4c6.4 0 12.8-6.4 12.8-12.8V140.8c0-6.4-6.4-12.8-12.8-12.8h-22.4c-6.4 0-12.8 6.4-12.8 12.8v198.4c0 6.4 6.4 12.8 12.8 12.8zm96 0h22.4c6.4 0 12.8-6.4 12.8-12.8V204.8c0-6.4-6.4-12.8-12.8-12.8h-22.4c-6.4 0-12.8 6.4-12.8 12.8v134.4c0 6.4 6.4 12.8 12.8 12.8zM496 400H48V80c0-8.84-7.16-16-16-16H16C7.16 64 0 71.16 0 80v336c0 17.67 14.33 32 32 32h464c8.84 0 16-7.16 16-16v-16c0-8.84-7.16-16-16-16zm-387.2-48h22.4c6.4 0 12.8-6.4 12.8-12.8v-70.4c0-6.4-6.4-12.8-12.8-12.8h-22.4c-6.4 0-12.8 6.4-12.8 12.8v70.4c0 6.4 6.4 12.8 12.8 12.8z\" class=\"\"><\/path><\/svg><\/i> <img loading=\"lazy\" decoding=\"async\" width=\"16\" height=\"16\" alt=\"Loading\" src=\"https:\/\/temucotelevision.cl\/web\/wp-content\/plugins\/page-views-count\/ajax-loader-2x.gif\" border=0 \/><\/p><div class=\"pvc_clear\"><\/div>\n<p><em><strong>La inversi\u00f3n municipal por m\u00e1s de $408 millones, y que ya se materializ\u00f3 en marzo y abril en las escuelas municipales Alonso de Ercilla y Campos Deportivos, posiciona a la capital de la Araucan\u00eda como un referente en la implementaci\u00f3n de esta novedosa herramienta educativa que fortalece las condiciones de las comunidades educativas, en especial la de las y los estudiantes con capacidades diferentes.<\/strong><\/em><\/p>\n\n\n\n<p>Ratificando el compromiso con mejorar las condiciones y herramientas de sus establecimientos educacionales, la Municipalidad de Temuco, a trav\u00e9s del Departamento de Educaci\u00f3n Municipal (Daem), inaugur\u00f3 este mi\u00e9rcoles su tercera \u201csala multisensorial\u201d en la Escuela Manuel Recabarren, proyecto que beneficiar\u00e1, en total, a miles de estudiantes de la comuna, en especial a las y los alumnos con capacidades diferentes.<\/p>\n\n\n\n<p>Gracias a esta importante inversi\u00f3n, aprobada por el Concejo Municipal de Temuco en 2024 ($ 408 millones), la administraci\u00f3n del alcalde Roberto Neira marca un precedente a nivel nacional en ocuparse de estas materias, considerando que, de los 11.123 establecimientos p\u00fablicos que hay en Chile, solo 38 tienen estas salas especiales y acondicionadas para el fortalecimiento de la educaci\u00f3n p\u00fablica.<\/p>\n\n\n\n<p>Restando dos de las cinco escuelas municipales por inaugurar, a mencionar la Escuela Labranza y Millaray, el alcalde Neira, presente en la actividad, junto al concejal Bruno Hauenstein, la consejera regional Ana Mar\u00eda Soto, y diversos representantes del sector Amanecer, valoraron los esfuerzos municipales para sacar adelante este emblem\u00e1tico proyecto, que fortalece la calidad de la educaci\u00f3n p\u00fablica de la comuna.<\/p>\n\n\n\n<p>En este contexto, el alcalde Neira, explic\u00f3 la importancia de invertir en el bienestar de las y los estudiantes: \u201cestamos dando el ejemplo a nivel nacional con este tipo de inversiones que fortalecen nuestra calidad educativa en la comuna. Hoy, inauguramos la tercera sala multisensorial en la Escuela Manuel Recabarren, y nos quedan las escuelas Labranza y Millaray que pronto tambi\u00e9n estar\u00e1n funcionando. En total, son cinco escuelas municipales que tendr\u00e1n esta sala para trabajar principalmente con el Programa PIE y los ni\u00f1os TEA, ya que es fundamental, para nosotros, poder entregarle herramientas que permitan que su proceso educativo sea de lo mejor\u201d, consign\u00f3 la autoridad comunal.<\/p>\n\n\n\n<p>La inversi\u00f3n, tiene importantes beneficios directos en la educaci\u00f3n de los ni\u00f1os y j\u00f3venes, particularmente de aquellos con necesidades educativas especiales, ya que propicia mejoras importantes en la coordinaci\u00f3n y concentraci\u00f3n, estimula el pensamiento l\u00f3gico, aumenta el grado de autonom\u00eda y de reacci\u00f3n frente a est\u00edmulos sensoriales, favorece la comunicaci\u00f3n no verbal, el bienestar emocional y el equilibrio psicol\u00f3gico.<\/p>\n\n\n\n<p><strong>Establecimientos beneficiados<\/strong><\/p>\n\n\n\n<p>Desde su anuncio, la inversi\u00f3n fue recibida de muy buena forma por los directores de las cinco comunidades educativas, agradeciendo y valorando que la administraci\u00f3n municipal se ocupe de mejorar y brindar las condiciones y la implementaci\u00f3n en las comunidades educativas.<\/p>\n\n\n\n<p>En este contexto, el&nbsp;director de la Escuela Manuel Recabarren,&nbsp;\u00d3scar Seguel, consign\u00f3: \u201ceste es un tremendo recurso pedag\u00f3gico que tenemos para nuestros estudiantes del Programa PIE, son 123 alumnos que representan el 40% de nuestras matr\u00edculas, as\u00ed que esperamos que esta nueva herramienta sea un gran aporte al desarrollo de sus aprendizajes\u201d, coment\u00f3.<\/p>\n\n\n\n<p>Finalmente, el concejal Hauenstein agreg\u00f3: \u201cmuy contento porque estas salas multisensoriales, que por lo dem\u00e1s son muy pocas en Chile como lo mencion\u00f3 el alcalde, ser\u00e1n un gran aporte al desarrollo de nuestros alumnos de Temuco y, en esta escuela, ser\u00e1 de gran apoyo porque m\u00e1s de un tercio de sus estudiantes con necesidades educativas especiales. Estas inversiones son necesarias para fortalecer la calidad de nuestra educaci\u00f3n p\u00fablica y estamos avanzando firmemente en estas materias\u201d, concluy\u00f3.&nbsp;<\/p>\n","protected":false},"excerpt":{"rendered":"<div class=\"pvc_clear\"><\/div>\n<p id=\"pvc_stats_56195\" class=\"pvc_stats total_only  \" data-element-id=\"56195\" style=\"\"><i class=\"pvc-stats-icon large\" aria-hidden=\"true\"><svg aria-hidden=\"true\" focusable=\"false\" data-prefix=\"far\" data-icon=\"chart-bar\" role=\"img\" xmlns=\"http:\/\/www.w3.org\/2000\/svg\" viewBox=\"0 0 512 512\" class=\"svg-inline--fa fa-chart-bar fa-w-16 fa-2x\"><path fill=\"currentColor\" d=\"M396.8 352h22.4c6.4 0 12.8-6.4 12.8-12.8V108.8c0-6.4-6.4-12.8-12.8-12.8h-22.4c-6.4 0-12.8 6.4-12.8 12.8v230.4c0 6.4 6.4 12.8 12.8 12.8zm-192 0h22.4c6.4 0 12.8-6.4 12.8-12.8V140.8c0-6.4-6.4-12.8-12.8-12.8h-22.4c-6.4 0-12.8 6.4-12.8 12.8v198.4c0 6.4 6.4 12.8 12.8 12.8zm96 0h22.4c6.4 0 12.8-6.4 12.8-12.8V204.8c0-6.4-6.4-12.8-12.8-12.8h-22.4c-6.4 0-12.8 6.4-12.8 12.8v134.4c0 6.4 6.4 12.8 12.8 12.8zM496 400H48V80c0-8.84-7.16-16-16-16H16C7.16 64 0 71.16 0 80v336c0 17.67 14.33 32 32 32h464c8.84 0 16-7.16 16-16v-16c0-8.84-7.16-16-16-16zm-387.2-48h22.4c6.4 0 12.8-6.4 12.8-12.8v-70.4c0-6.4-6.4-12.8-12.8-12.8h-22.4c-6.4 0-12.8 6.4-12.8 12.8v70.4c0 6.4 6.4 12.8 12.8 12.8z\" class=\"\"><\/path><\/svg><\/i> <img loading=\"lazy\" decoding=\"async\" width=\"16\" height=\"16\" alt=\"Loading\" src=\"https:\/\/temucotelevision.cl\/web\/wp-content\/plugins\/page-views-count\/ajax-loader-2x.gif\" border=0 \/><\/p>\n<div class=\"pvc_clear\"><\/div>\n<p>La inversi\u00f3n municipal por m\u00e1s de $408 millones, y que ya se materializ\u00f3 en marzo y abril en las escuelas<\/p>\n","protected":false},"author":1,"featured_media":56196,"comment_status":"open","ping_status":"open","sticky":false,"template":"","format":"standard","meta":{"colormag_page_container_layout":"default_layout","colormag_page_sidebar_layout":"default_layout","footnotes":""},"categories":[14],"tags":[3729],"class_list":["post-56195","post","type-post","status-publish","format-standard","has-post-thumbnail","hentry","category-temuco","tag-inclusion"],"a3_pvc":{"activated":true,"total_views":1516,"today_views":0},"_links":{"self":[{"href":"https:\/\/temucotelevision.cl\/web\/wp-json\/wp\/v2\/posts\/56195","targetHints":{"allow":["GET"]}}],"collection":[{"href":"https:\/\/temucotelevision.cl\/web\/wp-json\/wp\/v2\/posts"}],"about":[{"href":"https:\/\/temucotelevision.cl\/web\/wp-json\/wp\/v2\/types\/post"}],"author":[{"embeddable":true,"href":"https:\/\/temucotelevision.cl\/web\/wp-json\/wp\/v2\/users\/1"}],"replies":[{"embeddable":true,"href":"https:\/\/temucotelevision.cl\/web\/wp-json\/wp\/v2\/comments?post=56195"}],"version-history":[{"count":1,"href":"https:\/\/temucotelevision.cl\/web\/wp-json\/wp\/v2\/posts\/56195\/revisions"}],"predecessor-version":[{"id":56197,"href":"https:\/\/temucotelevision.cl\/web\/wp-json\/wp\/v2\/posts\/56195\/revisions\/56197"}],"wp:featuredmedia":[{"embeddable":true,"href":"https:\/\/temucotelevision.cl\/web\/wp-json\/wp\/v2\/media\/56196"}],"wp:attachment":[{"href":"https:\/\/temucotelevision.cl\/web\/wp-json\/wp\/v2\/media?parent=56195"}],"wp:term":[{"taxonomy":"category","embeddable":true,"href":"https:\/\/temucotelevision.cl\/web\/wp-json\/wp\/v2\/categories?post=56195"},{"taxonomy":"post_tag","embeddable":true,"href":"https:\/\/temucotelevision.cl\/web\/wp-json\/wp\/v2\/tags?post=56195"}],"curies":[{"name":"wp","href":"https:\/\/api.w.org\/{rel}","templated":true}]}}