{"id":56192,"date":"2025-05-11T23:18:17","date_gmt":"2025-05-12T02:18:17","guid":{"rendered":"https:\/\/temucotelevision.cl\/web\/?p=56192"},"modified":"2025-05-11T23:18:18","modified_gmt":"2025-05-12T02:18:18","slug":"directivos-de-araucania-sur-y-hospital-de-temuco-se-reunieron-con-fiscalia-y-policias-para-fortalecer-la-seguridad-en-la-red-asistencial","status":"publish","type":"post","link":"https:\/\/temucotelevision.cl\/web\/2025\/05\/11\/directivos-de-araucania-sur-y-hospital-de-temuco-se-reunieron-con-fiscalia-y-policias-para-fortalecer-la-seguridad-en-la-red-asistencial\/","title":{"rendered":"Directivos de Araucan\u00eda Sur y Hospital de Temuco se reunieron con Fiscal\u00eda y Polic\u00edas para fortalecer la seguridad en la red asistencial"},"content":{"rendered":"<div class=\"pvc_clear\"><\/div><p id=\"pvc_stats_56192\" class=\"pvc_stats total_only  \" data-element-id=\"56192\" style=\"\"><i class=\"pvc-stats-icon large\" aria-hidden=\"true\"><svg aria-hidden=\"true\" focusable=\"false\" data-prefix=\"far\" data-icon=\"chart-bar\" role=\"img\" xmlns=\"http:\/\/www.w3.org\/2000\/svg\" viewBox=\"0 0 512 512\" class=\"svg-inline--fa fa-chart-bar fa-w-16 fa-2x\"><path fill=\"currentColor\" d=\"M396.8 352h22.4c6.4 0 12.8-6.4 12.8-12.8V108.8c0-6.4-6.4-12.8-12.8-12.8h-22.4c-6.4 0-12.8 6.4-12.8 12.8v230.4c0 6.4 6.4 12.8 12.8 12.8zm-192 0h22.4c6.4 0 12.8-6.4 12.8-12.8V140.8c0-6.4-6.4-12.8-12.8-12.8h-22.4c-6.4 0-12.8 6.4-12.8 12.8v198.4c0 6.4 6.4 12.8 12.8 12.8zm96 0h22.4c6.4 0 12.8-6.4 12.8-12.8V204.8c0-6.4-6.4-12.8-12.8-12.8h-22.4c-6.4 0-12.8 6.4-12.8 12.8v134.4c0 6.4 6.4 12.8 12.8 12.8zM496 400H48V80c0-8.84-7.16-16-16-16H16C7.16 64 0 71.16 0 80v336c0 17.67 14.33 32 32 32h464c8.84 0 16-7.16 16-16v-16c0-8.84-7.16-16-16-16zm-387.2-48h22.4c6.4 0 12.8-6.4 12.8-12.8v-70.4c0-6.4-6.4-12.8-12.8-12.8h-22.4c-6.4 0-12.8 6.4-12.8 12.8v70.4c0 6.4 6.4 12.8 12.8 12.8z\" class=\"\"><\/path><\/svg><\/i> <img loading=\"lazy\" decoding=\"async\" width=\"16\" height=\"16\" alt=\"Loading\" src=\"https:\/\/temucotelevision.cl\/web\/wp-content\/plugins\/page-views-count\/ajax-loader-2x.gif\" border=0 \/><\/p><div class=\"pvc_clear\"><\/div>\n<p><em>Durante la cita se acordar\u00e1n implementar diversas estrategias preventivas y formativas para enfrentar las situaciones de violencia en recintos asistenciales.<\/em><\/p>\n\n\n\n<p>En un importante paso hacia el fortalecimiento de la seguridad en la red p\u00fablica de salud, directivos del Servicio de Salud Araucan\u00eda Sur, encabezados por su director Vladimir Y\u00e1\u00f1ez M\u00e9ndez, se reunieron en el Hospital Dr. Hern\u00e1n Henr\u00edquez Aravena de Temuco con representantes de instituciones clave del \u00e1mbito de la seguridad ciudadana. El objetivo del encuentro fue coordinar esfuerzos que permitan resguardar la integridad de las y los funcionarios que cumplen funciones en los distintos niveles de atenci\u00f3n.<\/p>\n\n\n\n<p>En la instancia particip\u00f3 el fiscal regional(es) Alberto Chiffelle M\u00e1rquez, Carabineros de Chile y la Polic\u00eda de Investigaciones, quienes manifestaron su total disposici\u00f3n a trabajar de manera conjunta a trav\u00e9s de l\u00edneas de acci\u00f3n como formaci\u00f3n, prevenci\u00f3n, acompa\u00f1amiento a v\u00edctimas y fortalecimiento de los canales de denuncia.<\/p>\n\n\n\n<p>Durante el encuentro, el director del Servicio de Salud Araucan\u00eda Sur, Vladimir Y\u00e1\u00f1ez M\u00e9ndez, destac\u00f3 la gravedad de los hechos que han afectado a funcionarios y funcionarios en distintos establecimientos y subray\u00f3 la necesidad de actuar con decisi\u00f3n. &#8220;Las agresiones al personal de salud no pueden seguir normaliz\u00e1ndose. Como red asistencial, debemos establecer una cultura de prevenci\u00f3n, denuncia y acompa\u00f1amiento. Esta reuni\u00f3n marca un paso importante para articular respuestas concretas con las instituciones responsables de la seguridad p\u00fablica&#8221;, se\u00f1al\u00f3.<\/p>\n\n\n\n<p>Y\u00e1\u00f1ez tambi\u00e9n enfatiz\u00f3 que este trabajo no se limitar\u00e1 al hospital de alta complejidad, sino que se extender\u00e1 a todos los niveles de la red: &#8220;Iniciaremos aqu\u00ed en Temuco, pero nuestro compromiso es incorporar a la atenci\u00f3n primaria, secundaria y terciaria. Nadie debe sentirse solo o desprotegido al cumplir su labor, y el mensaje debe ser claro: la violencia no se tolerar\u00e1 y ser\u00e1 perseguida con todas las herramientas disponibles&#8221;.<\/p>\n\n\n\n<p>Por su parte, el fiscal regional(es) Alberto Chiffelle M\u00e1rquez, expuso los alcances del art\u00edculo 401 bis del C\u00f3digo Penal, que aumenta las penas para quienes cometen actos de violencia f\u00edsica contra trabajadores del \u00e1rea sanitaria. &#8220;Las sanciones pueden llegar hasta los 10 a\u00f1os y un d\u00eda de privaci\u00f3n de libertad. Adem\u00e1s, como Fiscal\u00eda nos comprometemos a acompa\u00f1ar a las v\u00edctimas durante todo el proceso judicial&#8221;, indic\u00f3.<\/p>\n\n\n\n<p>Desde Carabineros, el teniente coronel Felipe Cerda M\u00e9ndez, subprefecto de los Servicios de la Prefectura Caut\u00edn, anunci\u00f3 un programa de capacitaciones destinado a informar al personal sobre procedimientos policiales y controles de identidad. \u201cQueremos despejar dudas, fortalecer la confianza mutua y garantizar que las intervenciones se desarrollen con total claridad y oportunidad\u201d, se\u00f1al\u00f3.<\/p>\n\n\n\n<p>A su vez, el comisario \u00d3scar Sald\u00edas Sol\u00eds, de la Polic\u00eda de Investigaciones, reiter\u00f3 el compromiso de la instituci\u00f3n con el resguardo del personal sanitario. &#8220;Ofreceremos talleres sobre seguridad personal, recomendaciones pr\u00e1cticas para traslados y preventivas en el entorno laboral. Lo fundamental es que cada trabajador o trabajador se sienta que puede ejercer su trabajo en un espacio protegido&#8221;, subray\u00f3.<\/p>\n\n\n\n<p>La jornada finaliz\u00f3 con acuerdos que permitir\u00e1n avanzar en un trabajo sostenido y coordinado entre las instituciones, orientado a reducir los episodios de violencia en los establecimientos de salud y promover una cultura de respeto, protecci\u00f3n y cuidado mutuo.<\/p>\n","protected":false},"excerpt":{"rendered":"<div class=\"pvc_clear\"><\/div>\n<p id=\"pvc_stats_56192\" class=\"pvc_stats total_only  \" data-element-id=\"56192\" style=\"\"><i class=\"pvc-stats-icon large\" aria-hidden=\"true\"><svg aria-hidden=\"true\" focusable=\"false\" data-prefix=\"far\" data-icon=\"chart-bar\" role=\"img\" xmlns=\"http:\/\/www.w3.org\/2000\/svg\" viewBox=\"0 0 512 512\" class=\"svg-inline--fa fa-chart-bar fa-w-16 fa-2x\"><path fill=\"currentColor\" d=\"M396.8 352h22.4c6.4 0 12.8-6.4 12.8-12.8V108.8c0-6.4-6.4-12.8-12.8-12.8h-22.4c-6.4 0-12.8 6.4-12.8 12.8v230.4c0 6.4 6.4 12.8 12.8 12.8zm-192 0h22.4c6.4 0 12.8-6.4 12.8-12.8V140.8c0-6.4-6.4-12.8-12.8-12.8h-22.4c-6.4 0-12.8 6.4-12.8 12.8v198.4c0 6.4 6.4 12.8 12.8 12.8zm96 0h22.4c6.4 0 12.8-6.4 12.8-12.8V204.8c0-6.4-6.4-12.8-12.8-12.8h-22.4c-6.4 0-12.8 6.4-12.8 12.8v134.4c0 6.4 6.4 12.8 12.8 12.8zM496 400H48V80c0-8.84-7.16-16-16-16H16C7.16 64 0 71.16 0 80v336c0 17.67 14.33 32 32 32h464c8.84 0 16-7.16 16-16v-16c0-8.84-7.16-16-16-16zm-387.2-48h22.4c6.4 0 12.8-6.4 12.8-12.8v-70.4c0-6.4-6.4-12.8-12.8-12.8h-22.4c-6.4 0-12.8 6.4-12.8 12.8v70.4c0 6.4 6.4 12.8 12.8 12.8z\" class=\"\"><\/path><\/svg><\/i> <img loading=\"lazy\" decoding=\"async\" width=\"16\" height=\"16\" alt=\"Loading\" src=\"https:\/\/temucotelevision.cl\/web\/wp-content\/plugins\/page-views-count\/ajax-loader-2x.gif\" border=0 \/><\/p>\n<div class=\"pvc_clear\"><\/div>\n<p>Durante la cita se acordar\u00e1n implementar diversas estrategias preventivas y formativas para enfrentar las situaciones de violencia en recintos asistenciales.<\/p>\n","protected":false},"author":1,"featured_media":56193,"comment_status":"open","ping_status":"open","sticky":false,"template":"","format":"standard","meta":{"colormag_page_container_layout":"default_layout","colormag_page_sidebar_layout":"default_layout","footnotes":""},"categories":[15],"tags":[448],"class_list":["post-56192","post","type-post","status-publish","format-standard","has-post-thumbnail","hentry","category-la-araucania","tag-fiscalia"],"a3_pvc":{"activated":true,"total_views":1049,"today_views":0},"_links":{"self":[{"href":"https:\/\/temucotelevision.cl\/web\/wp-json\/wp\/v2\/posts\/56192","targetHints":{"allow":["GET"]}}],"collection":[{"href":"https:\/\/temucotelevision.cl\/web\/wp-json\/wp\/v2\/posts"}],"about":[{"href":"https:\/\/temucotelevision.cl\/web\/wp-json\/wp\/v2\/types\/post"}],"author":[{"embeddable":true,"href":"https:\/\/temucotelevision.cl\/web\/wp-json\/wp\/v2\/users\/1"}],"replies":[{"embeddable":true,"href":"https:\/\/temucotelevision.cl\/web\/wp-json\/wp\/v2\/comments?post=56192"}],"version-history":[{"count":1,"href":"https:\/\/temucotelevision.cl\/web\/wp-json\/wp\/v2\/posts\/56192\/revisions"}],"predecessor-version":[{"id":56194,"href":"https:\/\/temucotelevision.cl\/web\/wp-json\/wp\/v2\/posts\/56192\/revisions\/56194"}],"wp:featuredmedia":[{"embeddable":true,"href":"https:\/\/temucotelevision.cl\/web\/wp-json\/wp\/v2\/media\/56193"}],"wp:attachment":[{"href":"https:\/\/temucotelevision.cl\/web\/wp-json\/wp\/v2\/media?parent=56192"}],"wp:term":[{"taxonomy":"category","embeddable":true,"href":"https:\/\/temucotelevision.cl\/web\/wp-json\/wp\/v2\/categories?post=56192"},{"taxonomy":"post_tag","embeddable":true,"href":"https:\/\/temucotelevision.cl\/web\/wp-json\/wp\/v2\/tags?post=56192"}],"curies":[{"name":"wp","href":"https:\/\/api.w.org\/{rel}","templated":true}]}}