{"id":5619,"date":"2019-08-29T19:53:59","date_gmt":"2019-08-29T22:53:59","guid":{"rendered":"https:\/\/temucotelevision.cl\/web\/?p=5619"},"modified":"2019-08-29T19:53:59","modified_gmt":"2019-08-29T22:53:59","slug":"extienden-plazo-para-participar-en-el-concurso-historias-de-nuestra-tierra-2019","status":"publish","type":"post","link":"https:\/\/temucotelevision.cl\/web\/2019\/08\/29\/extienden-plazo-para-participar-en-el-concurso-historias-de-nuestra-tierra-2019\/","title":{"rendered":"Extienden plazo para participar en el concurso Historias de Nuestra Tierra 2019"},"content":{"rendered":"<div class=\"pvc_clear\"><\/div>\n<p id=\"pvc_stats_5619\" class=\"pvc_stats total_only  \" data-element-id=\"5619\" style=\"\"><i class=\"pvc-stats-icon large\" aria-hidden=\"true\"><svg aria-hidden=\"true\" focusable=\"false\" data-prefix=\"far\" data-icon=\"chart-bar\" role=\"img\" xmlns=\"http:\/\/www.w3.org\/2000\/svg\" viewBox=\"0 0 512 512\" class=\"svg-inline--fa fa-chart-bar fa-w-16 fa-2x\"><path fill=\"currentColor\" d=\"M396.8 352h22.4c6.4 0 12.8-6.4 12.8-12.8V108.8c0-6.4-6.4-12.8-12.8-12.8h-22.4c-6.4 0-12.8 6.4-12.8 12.8v230.4c0 6.4 6.4 12.8 12.8 12.8zm-192 0h22.4c6.4 0 12.8-6.4 12.8-12.8V140.8c0-6.4-6.4-12.8-12.8-12.8h-22.4c-6.4 0-12.8 6.4-12.8 12.8v198.4c0 6.4 6.4 12.8 12.8 12.8zm96 0h22.4c6.4 0 12.8-6.4 12.8-12.8V204.8c0-6.4-6.4-12.8-12.8-12.8h-22.4c-6.4 0-12.8 6.4-12.8 12.8v134.4c0 6.4 6.4 12.8 12.8 12.8zM496 400H48V80c0-8.84-7.16-16-16-16H16C7.16 64 0 71.16 0 80v336c0 17.67 14.33 32 32 32h464c8.84 0 16-7.16 16-16v-16c0-8.84-7.16-16-16-16zm-387.2-48h22.4c6.4 0 12.8-6.4 12.8-12.8v-70.4c0-6.4-6.4-12.8-12.8-12.8h-22.4c-6.4 0-12.8 6.4-12.8 12.8v70.4c0 6.4 6.4 12.8 12.8 12.8z\" class=\"\"><\/path><\/svg><\/i> <img loading=\"lazy\" decoding=\"async\" width=\"16\" height=\"16\" alt=\"Loading\" src=\"https:\/\/temucotelevision.cl\/web\/wp-content\/plugins\/page-views-count\/ajax-loader-2x.gif\" border=0 \/><\/p>\n<div class=\"pvc_clear\"><\/div>\n<p style=\"text-align: justify;\">Los cuentos, poemas y dibujos podr\u00e1n ser enviados hasta el 6 de septiembre a trav\u00e9s del sitio web <a href=\"https:\/\/www.concursocuentos.cl\" target=\"_blank\" rel=\"noopener\">www.concursocuentos.cl<\/a> Habr\u00e1 premios nacionales y regionales para los autores seleccionados por un reconocido jurado del mundo cultural y educacional del pa\u00eds. En el caso de los cuentos y poemas, las mejores obras ser\u00e1n publicadas en dos libros editados por FUCOA.<\/p>\n<p style=\"text-align: justify;\">Hasta el viernes 6 de septiembre se extiende el plazo para participar en el concurso Historias de Nuestra Tierra 2019, tradicional certamen del Ministerio de Agricultura organizado por la Fundaci\u00f3n de Comunicaciones, Capacitaci\u00f3n y Cultura del Agro (FUCOA) del Ministerio de Agricultura, que a\u00f1o a a\u00f1o premia a obras ganadoras a nivel regional y nacional escogidas por un reconocido jurado compuesto por representantes del \u00e1mbito cultural y educativo.<\/p>\n<p style=\"text-align: justify;\">La directora ejecutiva de FUCOA, Francisca Martin, explic\u00f3 que con la extensi\u00f3n del plazo se busca \u201cdar m\u00e1s tiempo y oportunidad para que personas de todas las edades y localidades del pa\u00eds, especialmente de las regiones extremas, puedan hacernos llegar sus cuentos, poemas y dibujos y as\u00ed formar parte de este espacio de apreciaci\u00f3n y preservaci\u00f3n de la tradici\u00f3n oral, de nuestras costumbres y tradiciones del campo y el mundo rural de Chile, que es el principal objetivo del concurso\u201d.<\/p>\n<p style=\"text-align: justify;\">Cabe recordar que el certamen cuenta con tres categor\u00edas: Cuento (todo p\u00fablico), Poes\u00eda (todo p\u00fablico) y desde este a\u00f1o, Dibujo (alumnos de ense\u00f1anza b\u00e1sica y media). Con la sola participaci\u00f3n en el concurso, autom\u00e1ticamente se postula a los premios especiales Pueblos Originarios, Migrantes, Profesor Rural, A la Trayectoria, Mujer Rural, Oficios Tradicionales y el nuevo Premio Especial Margot Loyola.<\/p>\n<p style=\"text-align: justify;\">Asimismo, FUCOA anualmente edita dos libros que incluyen las mejores obras participantes de cada versi\u00f3n del certamen. Asimismo, la totalidad de los trabajos recibidos son entregados al Fondo FUCOA en el Archivo de Literatura Oral y Tradiciones Populares de la Biblioteca Nacional, donde son consultados tanto por investigadores como por el p\u00fablico en general.<\/p>\n<p style=\"text-align: justify;\">Para participar, las obras pueden ser enviadas a trav\u00e9s del sitio web <a href=\"https:\/\/www.concursocuentos.cl\" target=\"_blank\" rel=\"noopener\">www.concursocuentos.cl<\/a>, en formato impreso en la Seremi de Agricultura de cada regi\u00f3n, en oficinas regionales de INDAP o v\u00eda correo postal a FUCOA a Teatinos 40 piso 5 Santiago, Regi\u00f3n Metropolitana.<\/p>\n<p><img loading=\"lazy\" decoding=\"async\" class=\"size-full wp-image-5621 aligncenter\" src=\"https:\/\/temucotelevision.cl\/web\/wp-content\/uploads\/2019\/08\/hnt_plazo_6sept.jpg\" alt=\"\" width=\"1200\" height=\"1200\" srcset=\"https:\/\/temucotelevision.cl\/web\/wp-content\/uploads\/2019\/08\/hnt_plazo_6sept.jpg 1200w, https:\/\/temucotelevision.cl\/web\/wp-content\/uploads\/2019\/08\/hnt_plazo_6sept-1000x1000.jpg 1000w, https:\/\/temucotelevision.cl\/web\/wp-content\/uploads\/2019\/08\/hnt_plazo_6sept-768x768.jpg 768w, https:\/\/temucotelevision.cl\/web\/wp-content\/uploads\/2019\/08\/hnt_plazo_6sept-1024x1024.jpg 1024w\" sizes=\"auto, (max-width: 1200px) 100vw, 1200px\" \/><\/p>\n","protected":false},"excerpt":{"rendered":"<div class=\"pvc_clear\"><\/div>\n<p id=\"pvc_stats_5619\" class=\"pvc_stats total_only  \" data-element-id=\"5619\" style=\"\"><i class=\"pvc-stats-icon large\" aria-hidden=\"true\"><svg aria-hidden=\"true\" focusable=\"false\" data-prefix=\"far\" data-icon=\"chart-bar\" role=\"img\" xmlns=\"http:\/\/www.w3.org\/2000\/svg\" viewBox=\"0 0 512 512\" class=\"svg-inline--fa fa-chart-bar fa-w-16 fa-2x\"><path fill=\"currentColor\" d=\"M396.8 352h22.4c6.4 0 12.8-6.4 12.8-12.8V108.8c0-6.4-6.4-12.8-12.8-12.8h-22.4c-6.4 0-12.8 6.4-12.8 12.8v230.4c0 6.4 6.4 12.8 12.8 12.8zm-192 0h22.4c6.4 0 12.8-6.4 12.8-12.8V140.8c0-6.4-6.4-12.8-12.8-12.8h-22.4c-6.4 0-12.8 6.4-12.8 12.8v198.4c0 6.4 6.4 12.8 12.8 12.8zm96 0h22.4c6.4 0 12.8-6.4 12.8-12.8V204.8c0-6.4-6.4-12.8-12.8-12.8h-22.4c-6.4 0-12.8 6.4-12.8 12.8v134.4c0 6.4 6.4 12.8 12.8 12.8zM496 400H48V80c0-8.84-7.16-16-16-16H16C7.16 64 0 71.16 0 80v336c0 17.67 14.33 32 32 32h464c8.84 0 16-7.16 16-16v-16c0-8.84-7.16-16-16-16zm-387.2-48h22.4c6.4 0 12.8-6.4 12.8-12.8v-70.4c0-6.4-6.4-12.8-12.8-12.8h-22.4c-6.4 0-12.8 6.4-12.8 12.8v70.4c0 6.4 6.4 12.8 12.8 12.8z\" class=\"\"><\/path><\/svg><\/i> <img loading=\"lazy\" decoding=\"async\" width=\"16\" height=\"16\" alt=\"Loading\" src=\"https:\/\/temucotelevision.cl\/web\/wp-content\/plugins\/page-views-count\/ajax-loader-2x.gif\" border=0 \/><\/p>\n<div class=\"pvc_clear\"><\/div>\n<p>Los cuentos, poemas y dibujos podr\u00e1n ser enviados hasta el 6 de septiembre a trav\u00e9s del sitio web www.concursocuentos.cl Habr\u00e1<\/p>\n","protected":false},"author":1,"featured_media":5620,"comment_status":"open","ping_status":"open","sticky":false,"template":"","format":"standard","meta":{"colormag_page_container_layout":"default_layout","colormag_page_sidebar_layout":"default_layout","footnotes":""},"categories":[14],"tags":[1632,1606,1286],"class_list":["post-5619","post","type-post","status-publish","format-standard","has-post-thumbnail","hentry","category-temuco","tag-concurso","tag-historias","tag-tierra"],"a3_pvc":{"activated":true,"total_views":7,"today_views":0},"_links":{"self":[{"href":"https:\/\/temucotelevision.cl\/web\/wp-json\/wp\/v2\/posts\/5619","targetHints":{"allow":["GET"]}}],"collection":[{"href":"https:\/\/temucotelevision.cl\/web\/wp-json\/wp\/v2\/posts"}],"about":[{"href":"https:\/\/temucotelevision.cl\/web\/wp-json\/wp\/v2\/types\/post"}],"author":[{"embeddable":true,"href":"https:\/\/temucotelevision.cl\/web\/wp-json\/wp\/v2\/users\/1"}],"replies":[{"embeddable":true,"href":"https:\/\/temucotelevision.cl\/web\/wp-json\/wp\/v2\/comments?post=5619"}],"version-history":[{"count":1,"href":"https:\/\/temucotelevision.cl\/web\/wp-json\/wp\/v2\/posts\/5619\/revisions"}],"predecessor-version":[{"id":5622,"href":"https:\/\/temucotelevision.cl\/web\/wp-json\/wp\/v2\/posts\/5619\/revisions\/5622"}],"wp:featuredmedia":[{"embeddable":true,"href":"https:\/\/temucotelevision.cl\/web\/wp-json\/wp\/v2\/media\/5620"}],"wp:attachment":[{"href":"https:\/\/temucotelevision.cl\/web\/wp-json\/wp\/v2\/media?parent=5619"}],"wp:term":[{"taxonomy":"category","embeddable":true,"href":"https:\/\/temucotelevision.cl\/web\/wp-json\/wp\/v2\/categories?post=5619"},{"taxonomy":"post_tag","embeddable":true,"href":"https:\/\/temucotelevision.cl\/web\/wp-json\/wp\/v2\/tags?post=5619"}],"curies":[{"name":"wp","href":"https:\/\/api.w.org\/{rel}","templated":true}]}}