{"id":56186,"date":"2025-05-11T23:11:16","date_gmt":"2025-05-12T02:11:16","guid":{"rendered":"https:\/\/temucotelevision.cl\/web\/?p=56186"},"modified":"2025-05-11T23:11:17","modified_gmt":"2025-05-12T02:11:17","slug":"ex-candidato-a-alcalde-por-victoria-paulo-miranda-se-suma-al-equipo-territorial-del-diputado-jorge-saffirio","status":"publish","type":"post","link":"https:\/\/temucotelevision.cl\/web\/2025\/05\/11\/ex-candidato-a-alcalde-por-victoria-paulo-miranda-se-suma-al-equipo-territorial-del-diputado-jorge-saffirio\/","title":{"rendered":"Ex candidato a alcalde por Victoria, Paulo Miranda, se suma al equipo territorial del diputado Jorge Saffirio"},"content":{"rendered":"<div class=\"pvc_clear\"><\/div><p id=\"pvc_stats_56186\" class=\"pvc_stats total_only  \" data-element-id=\"56186\" style=\"\"><i class=\"pvc-stats-icon large\" aria-hidden=\"true\"><svg aria-hidden=\"true\" focusable=\"false\" data-prefix=\"far\" data-icon=\"chart-bar\" role=\"img\" xmlns=\"http:\/\/www.w3.org\/2000\/svg\" viewBox=\"0 0 512 512\" class=\"svg-inline--fa fa-chart-bar fa-w-16 fa-2x\"><path fill=\"currentColor\" d=\"M396.8 352h22.4c6.4 0 12.8-6.4 12.8-12.8V108.8c0-6.4-6.4-12.8-12.8-12.8h-22.4c-6.4 0-12.8 6.4-12.8 12.8v230.4c0 6.4 6.4 12.8 12.8 12.8zm-192 0h22.4c6.4 0 12.8-6.4 12.8-12.8V140.8c0-6.4-6.4-12.8-12.8-12.8h-22.4c-6.4 0-12.8 6.4-12.8 12.8v198.4c0 6.4 6.4 12.8 12.8 12.8zm96 0h22.4c6.4 0 12.8-6.4 12.8-12.8V204.8c0-6.4-6.4-12.8-12.8-12.8h-22.4c-6.4 0-12.8 6.4-12.8 12.8v134.4c0 6.4 6.4 12.8 12.8 12.8zM496 400H48V80c0-8.84-7.16-16-16-16H16C7.16 64 0 71.16 0 80v336c0 17.67 14.33 32 32 32h464c8.84 0 16-7.16 16-16v-16c0-8.84-7.16-16-16-16zm-387.2-48h22.4c6.4 0 12.8-6.4 12.8-12.8v-70.4c0-6.4-6.4-12.8-12.8-12.8h-22.4c-6.4 0-12.8 6.4-12.8 12.8v70.4c0 6.4 6.4 12.8 12.8 12.8z\" class=\"\"><\/path><\/svg><\/i> <img loading=\"lazy\" decoding=\"async\" width=\"16\" height=\"16\" alt=\"Loading\" src=\"https:\/\/temucotelevision.cl\/web\/wp-content\/plugins\/page-views-count\/ajax-loader-2x.gif\" border=0 \/><\/p><div class=\"pvc_clear\"><\/div>\n<p><strong>Victoria.-<\/strong>&nbsp;Hace algunos d\u00edas el ex candidato a alcalde por Victoria, Paulo Miranda, se sum\u00f3 al equipo parlamentario del diputado Jorge Saffirio Espinoza, hecho que fue valorado por el parlamentario, quien asegur\u00f3 que la llegada de Miranda, quien tambi\u00e9n es ex concejal, potenciar\u00e1 el trabajo en terreno en dicha comuna.&nbsp;<\/p>\n\n\n\n<p>Seg\u00fan el diputado Jorge Saffirio, &#8220;estamos muy entusiasmados con la llegada de Paulo Miranda. El es una persona que conoce muy bien las tem\u00e1ticas de la comuna de Victoria y tiene un excelente despliegue territorial. Fue concejal por dos periodos, realizando una excelente labor y trabajando codo a codo con distintos dirigentes de la comuna&#8221;.&nbsp;<\/p>\n\n\n\n<p>&#8220;Su gran votaci\u00f3n en&nbsp; las \u00faltimas elecciones demuestra el cari\u00f1o que le tiene la gente y el gran trabajo territorial que realiza. yo creo que ser\u00e1 un gran aporte para nuestro equipo y una gran noticia para la gente de Victoria que vuelva a estar en terreno&#8221;.&nbsp;<\/p>\n\n\n\n<p>Saffirio agreg\u00f3 que &#8220;tenemos grandes desaf\u00edos en nuestra comuna, por lo que esperamos que la llegada de Paulo potencia nuestro trabajo territorial en Victoria&#8221;.&nbsp;&nbsp;<\/p>\n\n\n\n<p>Por su parte, Paulo Miranda se refiri\u00f3 a su llegada al equipo de Saffirio, se\u00f1alando que &#8220;es una excelente oportunidad para reforzar el trabajo que actualmente desarrolla el Equipo Territorial del Diputado Saffirio. La invitaci\u00f3n la recib\u00ed hace alg\u00fan tiempo, pero privilegi\u00e9 alejarme de la contingencia pol\u00edtica, pero hoy acept\u00e9 esa Invitaci\u00f3n y me sumo para apoyar con mi experiencia, capacidades y con la tarea de ser un puente entre el Diputado y la comunidad&#8221;<\/p>\n\n\n\n<p>.<br>&#8220;Una de mis fortalezas es el trabajo en terreno con presencia constsnte, y eso es mi desaf\u00edo para aportar y reforzar el trabajo que realiza el actual equipo del Diputado&#8221;, indic\u00f3.<\/p>\n\n\n\n<p>Con respecto a su decisi\u00f3n de comenzar a trabajar con Jorge Saffirio, Miranda agreg\u00f3 que &#8220;el despliegue territorial del Diputado se ha notado, y el ocuparse de temas de contingencia en el territorio es una constante en su gesti\u00f3n. Su trabajo en las comisiones y su aporte en proyectos de Ley de inter\u00e9s pa\u00eds han marcado un trabajo serio y comprometido. Esas son algunas de las razones que me hicieron tomar la decisi\u00f3n de ser parte de su equipo en el trabajo del territorio&#8221;.<\/p>\n\n\n\n<p>Finalmente, el ex concejal se\u00f1al\u00f3 que &#8220;Victoria tiene enormes potencialidades para acceder a un desarrollo integral en todas las \u00e1reas que involucra el avance de una ciudad, all\u00ed tenemos enormes desaf\u00edos y tareas pendientes. Su gente de valor y las caracter\u00edsticas del territorio son los insumos suficientes y necesarios para lograr un desarrollo sustentable el que debe ir de la mano con la participaci\u00f3n ciudadana en la toma de decisiones de proyectos que marquen el camino a seguir. El posicionamiento en el \u00e1mbito de turismo es uno de los flancos que hay que desarrollar con decisi\u00f3n y convicci\u00f3n. Debemos recuperar el estar dentro de los top 3 en cuanto a inversi\u00f3n p\u00fablica y desarrollo comunal&#8221;.&nbsp;<\/p>\n","protected":false},"excerpt":{"rendered":"<div class=\"pvc_clear\"><\/div>\n<p id=\"pvc_stats_56186\" class=\"pvc_stats total_only  \" data-element-id=\"56186\" style=\"\"><i class=\"pvc-stats-icon large\" aria-hidden=\"true\"><svg aria-hidden=\"true\" focusable=\"false\" data-prefix=\"far\" data-icon=\"chart-bar\" role=\"img\" xmlns=\"http:\/\/www.w3.org\/2000\/svg\" viewBox=\"0 0 512 512\" class=\"svg-inline--fa fa-chart-bar fa-w-16 fa-2x\"><path fill=\"currentColor\" d=\"M396.8 352h22.4c6.4 0 12.8-6.4 12.8-12.8V108.8c0-6.4-6.4-12.8-12.8-12.8h-22.4c-6.4 0-12.8 6.4-12.8 12.8v230.4c0 6.4 6.4 12.8 12.8 12.8zm-192 0h22.4c6.4 0 12.8-6.4 12.8-12.8V140.8c0-6.4-6.4-12.8-12.8-12.8h-22.4c-6.4 0-12.8 6.4-12.8 12.8v198.4c0 6.4 6.4 12.8 12.8 12.8zm96 0h22.4c6.4 0 12.8-6.4 12.8-12.8V204.8c0-6.4-6.4-12.8-12.8-12.8h-22.4c-6.4 0-12.8 6.4-12.8 12.8v134.4c0 6.4 6.4 12.8 12.8 12.8zM496 400H48V80c0-8.84-7.16-16-16-16H16C7.16 64 0 71.16 0 80v336c0 17.67 14.33 32 32 32h464c8.84 0 16-7.16 16-16v-16c0-8.84-7.16-16-16-16zm-387.2-48h22.4c6.4 0 12.8-6.4 12.8-12.8v-70.4c0-6.4-6.4-12.8-12.8-12.8h-22.4c-6.4 0-12.8 6.4-12.8 12.8v70.4c0 6.4 6.4 12.8 12.8 12.8z\" class=\"\"><\/path><\/svg><\/i> <img loading=\"lazy\" decoding=\"async\" width=\"16\" height=\"16\" alt=\"Loading\" src=\"https:\/\/temucotelevision.cl\/web\/wp-content\/plugins\/page-views-count\/ajax-loader-2x.gif\" border=0 \/><\/p>\n<div class=\"pvc_clear\"><\/div>\n<p>Victoria.-&nbsp;Hace algunos d\u00edas el ex candidato a alcalde por Victoria, Paulo Miranda, se sum\u00f3 al equipo parlamentario del diputado Jorge<\/p>\n","protected":false},"author":1,"featured_media":56187,"comment_status":"open","ping_status":"open","sticky":false,"template":"","format":"standard","meta":{"colormag_page_container_layout":"default_layout","colormag_page_sidebar_layout":"default_layout","footnotes":""},"categories":[84],"tags":[154],"class_list":["post-56186","post","type-post","status-publish","format-standard","has-post-thumbnail","hentry","category-politica","tag-diputado"],"a3_pvc":{"activated":true,"total_views":1048,"today_views":0},"_links":{"self":[{"href":"https:\/\/temucotelevision.cl\/web\/wp-json\/wp\/v2\/posts\/56186","targetHints":{"allow":["GET"]}}],"collection":[{"href":"https:\/\/temucotelevision.cl\/web\/wp-json\/wp\/v2\/posts"}],"about":[{"href":"https:\/\/temucotelevision.cl\/web\/wp-json\/wp\/v2\/types\/post"}],"author":[{"embeddable":true,"href":"https:\/\/temucotelevision.cl\/web\/wp-json\/wp\/v2\/users\/1"}],"replies":[{"embeddable":true,"href":"https:\/\/temucotelevision.cl\/web\/wp-json\/wp\/v2\/comments?post=56186"}],"version-history":[{"count":1,"href":"https:\/\/temucotelevision.cl\/web\/wp-json\/wp\/v2\/posts\/56186\/revisions"}],"predecessor-version":[{"id":56188,"href":"https:\/\/temucotelevision.cl\/web\/wp-json\/wp\/v2\/posts\/56186\/revisions\/56188"}],"wp:featuredmedia":[{"embeddable":true,"href":"https:\/\/temucotelevision.cl\/web\/wp-json\/wp\/v2\/media\/56187"}],"wp:attachment":[{"href":"https:\/\/temucotelevision.cl\/web\/wp-json\/wp\/v2\/media?parent=56186"}],"wp:term":[{"taxonomy":"category","embeddable":true,"href":"https:\/\/temucotelevision.cl\/web\/wp-json\/wp\/v2\/categories?post=56186"},{"taxonomy":"post_tag","embeddable":true,"href":"https:\/\/temucotelevision.cl\/web\/wp-json\/wp\/v2\/tags?post=56186"}],"curies":[{"name":"wp","href":"https:\/\/api.w.org\/{rel}","templated":true}]}}