{"id":56183,"date":"2025-05-11T01:06:51","date_gmt":"2025-05-11T04:06:51","guid":{"rendered":"https:\/\/temucotelevision.cl\/web\/?p=56183"},"modified":"2025-05-11T01:06:52","modified_gmt":"2025-05-11T04:06:52","slug":"interpretado-por-verso-libre-yassdance-lanza-al-mercado-musical-la-vida-se-mueve","status":"publish","type":"post","link":"https:\/\/temucotelevision.cl\/web\/2025\/05\/11\/interpretado-por-verso-libre-yassdance-lanza-al-mercado-musical-la-vida-se-mueve\/","title":{"rendered":"Interpretado por Verso Libre:\u00a0Yassdance\u00a0lanza al mercado musical &#8220;La vida se mueve&#8221;"},"content":{"rendered":"<div class=\"pvc_clear\"><\/div><p id=\"pvc_stats_56183\" class=\"pvc_stats total_only  \" data-element-id=\"56183\" style=\"\"><i class=\"pvc-stats-icon large\" aria-hidden=\"true\"><svg aria-hidden=\"true\" focusable=\"false\" data-prefix=\"far\" data-icon=\"chart-bar\" role=\"img\" xmlns=\"http:\/\/www.w3.org\/2000\/svg\" viewBox=\"0 0 512 512\" class=\"svg-inline--fa fa-chart-bar fa-w-16 fa-2x\"><path fill=\"currentColor\" d=\"M396.8 352h22.4c6.4 0 12.8-6.4 12.8-12.8V108.8c0-6.4-6.4-12.8-12.8-12.8h-22.4c-6.4 0-12.8 6.4-12.8 12.8v230.4c0 6.4 6.4 12.8 12.8 12.8zm-192 0h22.4c6.4 0 12.8-6.4 12.8-12.8V140.8c0-6.4-6.4-12.8-12.8-12.8h-22.4c-6.4 0-12.8 6.4-12.8 12.8v198.4c0 6.4 6.4 12.8 12.8 12.8zm96 0h22.4c6.4 0 12.8-6.4 12.8-12.8V204.8c0-6.4-6.4-12.8-12.8-12.8h-22.4c-6.4 0-12.8 6.4-12.8 12.8v134.4c0 6.4 6.4 12.8 12.8 12.8zM496 400H48V80c0-8.84-7.16-16-16-16H16C7.16 64 0 71.16 0 80v336c0 17.67 14.33 32 32 32h464c8.84 0 16-7.16 16-16v-16c0-8.84-7.16-16-16-16zm-387.2-48h22.4c6.4 0 12.8-6.4 12.8-12.8v-70.4c0-6.4-6.4-12.8-12.8-12.8h-22.4c-6.4 0-12.8 6.4-12.8 12.8v70.4c0 6.4 6.4 12.8 12.8 12.8z\" class=\"\"><\/path><\/svg><\/i> <img loading=\"lazy\" decoding=\"async\" width=\"16\" height=\"16\" alt=\"Loading\" src=\"https:\/\/temucotelevision.cl\/web\/wp-content\/plugins\/page-views-count\/ajax-loader-2x.gif\" border=0 \/><\/p><div class=\"pvc_clear\"><\/div>\n<p><br>Luego de tener durante el 2024, innumerables logros y m\u00faltiples \u00e9xitos y satisfacciones, hoy\u00a0YassDance\u00a0nos presenta un himno a la alegr\u00eda y la celebraci\u00f3n.<\/p>\n\n\n\n<p>YassDance, la creadora de las Terapias de Baile en Venezuela, est\u00e1 muy emocionada de anunciar a todos sus seguidores el lanzamiento de su segundo tema promocional titulado &#8220;La Vida Se Mueve&#8221;, un tema que celebra y agradece la vida a trav\u00e9s de la danza y el canto. Este se lanzar\u00e1 a nivel mundial en diversas plataformas musicales.<\/p>\n\n\n\n<p>YassDance&nbsp;posee una comunidad vibrante que supera los 2,4 millones de seguidores en TikTok y en Instagram, estableci\u00e9ndose como un referente en el \u00e1mbito de la danza terap\u00e9utica en el pa\u00eds. Su misi\u00f3n es promover la conexi\u00f3n entre mente y cuerpo utilizando la m\u00fasica como veh\u00edculo de sanaci\u00f3n y felicidad.<\/p>\n\n\n\n<p>&#8220;La Vida Se Mueve&#8221;, interpretada por Viber (Verso Libre), cuenta con letra, m\u00fasica y arreglos de El\u00edas Najul y Jaiver Villarroel. Adem\u00e1s, la canci\u00f3n incluye una participaci\u00f3n destacada de&nbsp;YassDance&nbsp;al final del tema, bajo la producci\u00f3n ejecutiva de Francisco Cols.&nbsp;&#8220;Esta obra \u00b4La Vida Se Mueve\u00b4, invita a las personas a salir de su zona de confort y a disfrutar del momento presente. La producci\u00f3n musical fue realizada por El\u00edas Najul y Jaiver Villarroel, quienes han trabajado con esmero para capturar la esencia de este mensaje&#8221;, coment\u00f3 Yasmin.<\/p>\n\n\n\n<p>Este nuevo tema cuenta con colaboraciones destacadas, incluyendo la percusi\u00f3n de Camilo Rond\u00f3n y los coros de Carmen Julia. &#8220;La letra de \u00b4La Vida Se Mueve\u00b4 refleja la alegr\u00eda y el poder sanador de la m\u00fasica, recordando a todos que, ante las adversidades, el baile y la risa son el mejor ant\u00eddoto para el descontento&#8221;, afirm\u00f3 Yasmin.<\/p>\n\n\n\n<p>Este a\u00f1o 2025 viene cargado de noticias y presentaciones en vivo para terminar de reafirmar en su pa\u00eds Venezuela lo que significa &#8220;las terapias de baile&#8221; realizadas por&nbsp;YassDance.&nbsp;Uno de los sue\u00f1os m\u00e1s grandes de&nbsp;YassDance&nbsp;es poder contar con su propia banda en vivo durante sus presentaciones, asegurando que toda la m\u00fasica que se interprete en las terapias de baile sea original.<\/p>\n\n\n\n<p>En la actualidad,&nbsp;YassDance&nbsp;busca establecer alianzas con distintos artistas de diversos g\u00e9neros para crear m\u00fasica especialmente dise\u00f1ada para sus terapias. &#8220;Anhelo que en el futuro se presente un show donde toda la m\u00fasica utilizada sea original, enriqueciendo as\u00ed la experiencia de sanaci\u00f3n a trav\u00e9s del baile&#8221;, manifest\u00f3 Yasmin (YassDance).<\/p>\n\n\n\n<p>La invitaci\u00f3n est\u00e1 abierta a todos. \u00danete a&nbsp;YassDance&nbsp;en esta celebraci\u00f3n de la vida, donde cada movimiento se convierte en un acto de amor propio y una afirmaci\u00f3n de alegr\u00eda (<a href=\"https:\/\/youtu.be\/JKvgiJMBcAU?si=1Xow9uubak7eikyh\" target=\"_blank\" rel=\"noreferrer noopener\">https:\/\/youtu.be\/JKvgiJMBcAU?si=1Xow9uubak7eikyh<\/a>).&nbsp;Con &#8220;La Vida Se Mueve&#8221;, la artista busca impactar y motivar a las personas a bailar y disfrutar de lo que realmente importa: la vida.<\/p>\n\n\n\n<iframe loading=\"lazy\" width=\"560\" height=\"315\" src=\"https:\/\/www.youtube.com\/embed\/JKvgiJMBcAU?si=dxShTszlbH7JVT5U\" title=\"YouTube video player\" frameborder=\"0\" allow=\"accelerometer; autoplay; clipboard-write; encrypted-media; gyroscope; picture-in-picture; web-share\" referrerpolicy=\"strict-origin-when-cross-origin\" allowfullscreen><\/iframe>\n","protected":false},"excerpt":{"rendered":"<div class=\"pvc_clear\"><\/div>\n<p id=\"pvc_stats_56183\" class=\"pvc_stats total_only  \" data-element-id=\"56183\" style=\"\"><i class=\"pvc-stats-icon large\" aria-hidden=\"true\"><svg aria-hidden=\"true\" focusable=\"false\" data-prefix=\"far\" data-icon=\"chart-bar\" role=\"img\" xmlns=\"http:\/\/www.w3.org\/2000\/svg\" viewBox=\"0 0 512 512\" class=\"svg-inline--fa fa-chart-bar fa-w-16 fa-2x\"><path fill=\"currentColor\" d=\"M396.8 352h22.4c6.4 0 12.8-6.4 12.8-12.8V108.8c0-6.4-6.4-12.8-12.8-12.8h-22.4c-6.4 0-12.8 6.4-12.8 12.8v230.4c0 6.4 6.4 12.8 12.8 12.8zm-192 0h22.4c6.4 0 12.8-6.4 12.8-12.8V140.8c0-6.4-6.4-12.8-12.8-12.8h-22.4c-6.4 0-12.8 6.4-12.8 12.8v198.4c0 6.4 6.4 12.8 12.8 12.8zm96 0h22.4c6.4 0 12.8-6.4 12.8-12.8V204.8c0-6.4-6.4-12.8-12.8-12.8h-22.4c-6.4 0-12.8 6.4-12.8 12.8v134.4c0 6.4 6.4 12.8 12.8 12.8zM496 400H48V80c0-8.84-7.16-16-16-16H16C7.16 64 0 71.16 0 80v336c0 17.67 14.33 32 32 32h464c8.84 0 16-7.16 16-16v-16c0-8.84-7.16-16-16-16zm-387.2-48h22.4c6.4 0 12.8-6.4 12.8-12.8v-70.4c0-6.4-6.4-12.8-12.8-12.8h-22.4c-6.4 0-12.8 6.4-12.8 12.8v70.4c0 6.4 6.4 12.8 12.8 12.8z\" class=\"\"><\/path><\/svg><\/i> <img loading=\"lazy\" decoding=\"async\" width=\"16\" height=\"16\" alt=\"Loading\" src=\"https:\/\/temucotelevision.cl\/web\/wp-content\/plugins\/page-views-count\/ajax-loader-2x.gif\" border=0 \/><\/p>\n<div class=\"pvc_clear\"><\/div>\n<p>Luego de tener durante el 2024, innumerables logros y m\u00faltiples \u00e9xitos y satisfacciones, hoy\u00a0YassDance\u00a0nos presenta un himno a la alegr\u00eda<\/p>\n","protected":false},"author":1,"featured_media":56184,"comment_status":"open","ping_status":"open","sticky":false,"template":"","format":"standard","meta":{"colormag_page_container_layout":"default_layout","colormag_page_sidebar_layout":"default_layout","footnotes":""},"categories":[369],"tags":[7221],"class_list":["post-56183","post","type-post","status-publish","format-standard","has-post-thumbnail","hentry","category-musica","tag-yassdance"],"a3_pvc":{"activated":true,"total_views":1784,"today_views":0},"_links":{"self":[{"href":"https:\/\/temucotelevision.cl\/web\/wp-json\/wp\/v2\/posts\/56183","targetHints":{"allow":["GET"]}}],"collection":[{"href":"https:\/\/temucotelevision.cl\/web\/wp-json\/wp\/v2\/posts"}],"about":[{"href":"https:\/\/temucotelevision.cl\/web\/wp-json\/wp\/v2\/types\/post"}],"author":[{"embeddable":true,"href":"https:\/\/temucotelevision.cl\/web\/wp-json\/wp\/v2\/users\/1"}],"replies":[{"embeddable":true,"href":"https:\/\/temucotelevision.cl\/web\/wp-json\/wp\/v2\/comments?post=56183"}],"version-history":[{"count":1,"href":"https:\/\/temucotelevision.cl\/web\/wp-json\/wp\/v2\/posts\/56183\/revisions"}],"predecessor-version":[{"id":56185,"href":"https:\/\/temucotelevision.cl\/web\/wp-json\/wp\/v2\/posts\/56183\/revisions\/56185"}],"wp:featuredmedia":[{"embeddable":true,"href":"https:\/\/temucotelevision.cl\/web\/wp-json\/wp\/v2\/media\/56184"}],"wp:attachment":[{"href":"https:\/\/temucotelevision.cl\/web\/wp-json\/wp\/v2\/media?parent=56183"}],"wp:term":[{"taxonomy":"category","embeddable":true,"href":"https:\/\/temucotelevision.cl\/web\/wp-json\/wp\/v2\/categories?post=56183"},{"taxonomy":"post_tag","embeddable":true,"href":"https:\/\/temucotelevision.cl\/web\/wp-json\/wp\/v2\/tags?post=56183"}],"curies":[{"name":"wp","href":"https:\/\/api.w.org\/{rel}","templated":true}]}}