{"id":56180,"date":"2025-05-11T01:03:14","date_gmt":"2025-05-11T04:03:14","guid":{"rendered":"https:\/\/temucotelevision.cl\/web\/?p=56180"},"modified":"2025-05-11T01:03:15","modified_gmt":"2025-05-11T04:03:15","slug":"impactante-estreno-de-huellas-de-ausencia-en-temuco-convoca-a-cientos-de-asistentes-y-despierta-nuevos-casos-de-adopciones-ilegales","status":"publish","type":"post","link":"https:\/\/temucotelevision.cl\/web\/2025\/05\/11\/impactante-estreno-de-huellas-de-ausencia-en-temuco-convoca-a-cientos-de-asistentes-y-despierta-nuevos-casos-de-adopciones-ilegales\/","title":{"rendered":"Impactante estreno de \u201cHuellas de Ausencia\u201d en Temuco convoca a cientos de asistentes y despierta nuevos casos de adopciones ilegales"},"content":{"rendered":"<div class=\"pvc_clear\"><\/div><p id=\"pvc_stats_56180\" class=\"pvc_stats total_only  \" data-element-id=\"56180\" style=\"\"><i class=\"pvc-stats-icon large\" aria-hidden=\"true\"><svg aria-hidden=\"true\" focusable=\"false\" data-prefix=\"far\" data-icon=\"chart-bar\" role=\"img\" xmlns=\"http:\/\/www.w3.org\/2000\/svg\" viewBox=\"0 0 512 512\" class=\"svg-inline--fa fa-chart-bar fa-w-16 fa-2x\"><path fill=\"currentColor\" d=\"M396.8 352h22.4c6.4 0 12.8-6.4 12.8-12.8V108.8c0-6.4-6.4-12.8-12.8-12.8h-22.4c-6.4 0-12.8 6.4-12.8 12.8v230.4c0 6.4 6.4 12.8 12.8 12.8zm-192 0h22.4c6.4 0 12.8-6.4 12.8-12.8V140.8c0-6.4-6.4-12.8-12.8-12.8h-22.4c-6.4 0-12.8 6.4-12.8 12.8v198.4c0 6.4 6.4 12.8 12.8 12.8zm96 0h22.4c6.4 0 12.8-6.4 12.8-12.8V204.8c0-6.4-6.4-12.8-12.8-12.8h-22.4c-6.4 0-12.8 6.4-12.8 12.8v134.4c0 6.4 6.4 12.8 12.8 12.8zM496 400H48V80c0-8.84-7.16-16-16-16H16C7.16 64 0 71.16 0 80v336c0 17.67 14.33 32 32 32h464c8.84 0 16-7.16 16-16v-16c0-8.84-7.16-16-16-16zm-387.2-48h22.4c6.4 0 12.8-6.4 12.8-12.8v-70.4c0-6.4-6.4-12.8-12.8-12.8h-22.4c-6.4 0-12.8 6.4-12.8 12.8v70.4c0 6.4 6.4 12.8 12.8 12.8z\" class=\"\"><\/path><\/svg><\/i> <img loading=\"lazy\" decoding=\"async\" width=\"16\" height=\"16\" alt=\"Loading\" src=\"https:\/\/temucotelevision.cl\/web\/wp-content\/plugins\/page-views-count\/ajax-loader-2x.gif\" border=0 \/><\/p><div class=\"pvc_clear\"><\/div>\n<p>\u201c<em><strong>Huellas de Ausencia\u201d conmovi\u00f3 profundamente a cerca de 500 personas, al visibilizar la historia de mujeres v\u00edctimas de adopciones ilegales en Chile entre los a\u00f1os 60 y 90. La obra, respaldada por la fundaci\u00f3n Hijos y Madres del Silencio, provoc\u00f3 gran impacto emocional y permiti\u00f3 la aparici\u00f3n de nuevos casos que ya est\u00e1n siendo atendidos por equipos de apoyo.<\/strong><\/em><\/p>\n\n\n\n<p>Con una masiva asistencia que alcanz\u00f3 las 500 personas, entre autoridades regionales y comunales, estudiantes, personas mayores y p\u00fablico en general, se realiz\u00f3 el estreno del documental \u201cHuellas de Ausencia\u201d, obra que removi\u00f3 las fibras m\u00e1s profundas de la memoria colectiva al exponer, de manera emotiva y con alta sensibilidad, la realidad de miles de mujeres v\u00edctimas de adopciones ilegales en Chile entre las d\u00e9cadas de los 60\u2019s y 90\u2019s.<\/p>\n\n\n\n<p>La atm\u00f3sfera fue de profundo recogimiento en el Aula Magna de la Universidad de La Frontera (Ufro). A medida que avanzaron las im\u00e1genes, los rostros del p\u00fablico transitaron por la rabia, impotencia, tristeza y dolor, con asistentes que derramaron l\u00e1grimas de frustraci\u00f3n al conocer la vida de las protagonistas del material audiovisual, y que son madres que fueron despojadas de sus hijos e hijas sin su consentimiento, v\u00edctimas de un sistema que abus\u00f3 de su pobreza, juventud, etnia o condici\u00f3n social.<\/p>\n\n\n\n<p>El documental cont\u00f3 tambi\u00e9n con el respaldo de la fundaci\u00f3n nacional Hijos y Madres del Silencio, la que acompa\u00f1\u00f3 desde el inicio la producci\u00f3n del proyecto. Y fue precisamente, a ra\u00edz de este estreno que la fundaci\u00f3n confirm\u00f3 la aparici\u00f3n de nuevos casos que hoy ya est\u00e1n siendo acogidos y derivados a los equipos que brindan apoyo a las mujeres afectadas.<\/p>\n\n\n\n<p>El director general del proyecto, Juli\u00e1n Jeldres destaco el respeto, cari\u00f1o y coraz\u00f3n con el cual fue elaborado el documental, agregando que \u201cnos sentimos orgullosos de haber contribuido a la regi\u00f3n de La Araucan\u00eda con en este tipo de instancias. Sentimos que este es un proceso que no acaba ac\u00e1, y como equipo estamos trabajando para que se entregue esta informaci\u00f3n a nivel nacional y por qu\u00e9 no, que este producto traspase las fronteras de nuestro pa\u00eds\u201d.<\/p>\n\n\n\n<p>El periodista Santiago Rodriguez, indic\u00f3 que \u201cestamos contentos de haber llenado el Aula Magna con tanta gente que vino a conocer esta verdad oculta, pero que era necesario transparentar, para poder avanzar en materias de reparaci\u00f3n y Justicia. Nosotros no nos vamos a detener, vamos a seguir avanzando y distribuyendo este material audiovisual en todo el pa\u00eds, porque sentimos que esto es una obligaci\u00f3n. Esta verdad no puede quedar solo en Temuco, sino que se tiene que distribuir a toda la naci\u00f3n, para que entre toda la sociedad civil movilicemos justicia social.<\/p>\n\n\n\n<p>Carla Fern\u00e1ndez, asistente al evento, se\u00f1al\u00f3 que viaj\u00f3 desde Angol a ver el documental que, a pesar de doloroso, consider\u00f3 una experiencia hermosa. \u201cMe duele el coraz\u00f3n saber que esto es real y que ocurri\u00f3. Hoy yo no puedo decir que solo vine a conocer otra realidad, sino que me hace sentir que soy parte de esto y que no puedo callar. Entonces espero que uno de los objetivos principales de este trabajo tan lindo es que pueda tocar, abrir muchas puertas, para que esto se masifique y seamos muchos los involucrados\u201d.<\/p>\n\n\n\n<p>Nancy Reyes, otra persona asistente, agreg\u00f3 que \u201cfue una experiencia muy bonita. Si bien es emotiva, toc\u00f3 el fondo de mi coraz\u00f3n y creo va a ser algo positivo que esto se siga difundiendo, que se siga sabiendo y poder encontrar, al final de cuentas lo que buscamos en realidad, con nuestros hijos; saber su destino, saber c\u00f3mo est\u00e1, si est\u00e1n o no est\u00e1n, pero la cosa es dar la lucha y hasta el final\u201d, finaliz\u00f3.<\/p>\n\n\n\n<p><strong>Las b\u00fasquedas y nuevos casos<\/strong><\/p>\n\n\n\n<p>Cabe recordar que el documental es el resultado de casi un a\u00f1o de investigaci\u00f3n period\u00edstica por parte de Santiago Rodriguez. Dirigido por Juli\u00e1n Jeldres, el proyecto fue trabajado junto a un equipo comprometido con la justicia y los derechos humanos. Para esto, incluso se desarroll\u00f3 contenci\u00f3n emocional en las entrevistas, a cargo de la psic\u00f3loga Fabiola Haro, mag\u00edster en Psicolog\u00eda Jur\u00eddica y Forense, quien brind\u00f3 un apoyo clave para resguardar la integridad de las mujeres durante el proceso de grabaci\u00f3n.<\/p>\n\n\n\n<p>La presidenta de la Fundaci\u00f3n Hijos y Madres del Silencio, Marisol Rodriguez, se\u00f1al\u00f3 que \u201ces muy importante que quede registro de las b\u00fasquedas del dolor y la injusticia que se cometi\u00f3 con nuestras madres. Ellas ya est\u00e1n en una edad muy avanzada, otras han fallecido y, lamentablemente, estos son hechos hist\u00f3ricos que pasaron en Chile, a miles de madres y estos registros visualizan esa verdad\u201d.<\/p>\n\n\n\n<p>Este hito marca un antes y un despu\u00e9s en la visibilizaci\u00f3n de una historia silenciada por d\u00e9cadas. \u201cHuellas de Ausencia\u201d no solo abri\u00f3 un espacio para la verdad y la memoria, sino tambi\u00e9n para nuevas b\u00fasquedas, nuevos reencuentros y nuevas esperanzas.<\/p>\n","protected":false},"excerpt":{"rendered":"<div class=\"pvc_clear\"><\/div>\n<p id=\"pvc_stats_56180\" class=\"pvc_stats total_only  \" data-element-id=\"56180\" style=\"\"><i class=\"pvc-stats-icon large\" aria-hidden=\"true\"><svg aria-hidden=\"true\" focusable=\"false\" data-prefix=\"far\" data-icon=\"chart-bar\" role=\"img\" xmlns=\"http:\/\/www.w3.org\/2000\/svg\" viewBox=\"0 0 512 512\" class=\"svg-inline--fa fa-chart-bar fa-w-16 fa-2x\"><path fill=\"currentColor\" d=\"M396.8 352h22.4c6.4 0 12.8-6.4 12.8-12.8V108.8c0-6.4-6.4-12.8-12.8-12.8h-22.4c-6.4 0-12.8 6.4-12.8 12.8v230.4c0 6.4 6.4 12.8 12.8 12.8zm-192 0h22.4c6.4 0 12.8-6.4 12.8-12.8V140.8c0-6.4-6.4-12.8-12.8-12.8h-22.4c-6.4 0-12.8 6.4-12.8 12.8v198.4c0 6.4 6.4 12.8 12.8 12.8zm96 0h22.4c6.4 0 12.8-6.4 12.8-12.8V204.8c0-6.4-6.4-12.8-12.8-12.8h-22.4c-6.4 0-12.8 6.4-12.8 12.8v134.4c0 6.4 6.4 12.8 12.8 12.8zM496 400H48V80c0-8.84-7.16-16-16-16H16C7.16 64 0 71.16 0 80v336c0 17.67 14.33 32 32 32h464c8.84 0 16-7.16 16-16v-16c0-8.84-7.16-16-16-16zm-387.2-48h22.4c6.4 0 12.8-6.4 12.8-12.8v-70.4c0-6.4-6.4-12.8-12.8-12.8h-22.4c-6.4 0-12.8 6.4-12.8 12.8v70.4c0 6.4 6.4 12.8 12.8 12.8z\" class=\"\"><\/path><\/svg><\/i> <img loading=\"lazy\" decoding=\"async\" width=\"16\" height=\"16\" alt=\"Loading\" src=\"https:\/\/temucotelevision.cl\/web\/wp-content\/plugins\/page-views-count\/ajax-loader-2x.gif\" border=0 \/><\/p>\n<div class=\"pvc_clear\"><\/div>\n<p>\u201cHuellas de Ausencia\u201d conmovi\u00f3 profundamente a cerca de 500 personas, al visibilizar la historia de mujeres v\u00edctimas de adopciones ilegales<\/p>\n","protected":false},"author":1,"featured_media":56181,"comment_status":"open","ping_status":"open","sticky":false,"template":"","format":"standard","meta":{"colormag_page_container_layout":"default_layout","colormag_page_sidebar_layout":"default_layout","footnotes":""},"categories":[14],"tags":[2160],"class_list":["post-56180","post","type-post","status-publish","format-standard","has-post-thumbnail","hentry","category-temuco","tag-documental"],"a3_pvc":{"activated":true,"total_views":2239,"today_views":0},"_links":{"self":[{"href":"https:\/\/temucotelevision.cl\/web\/wp-json\/wp\/v2\/posts\/56180","targetHints":{"allow":["GET"]}}],"collection":[{"href":"https:\/\/temucotelevision.cl\/web\/wp-json\/wp\/v2\/posts"}],"about":[{"href":"https:\/\/temucotelevision.cl\/web\/wp-json\/wp\/v2\/types\/post"}],"author":[{"embeddable":true,"href":"https:\/\/temucotelevision.cl\/web\/wp-json\/wp\/v2\/users\/1"}],"replies":[{"embeddable":true,"href":"https:\/\/temucotelevision.cl\/web\/wp-json\/wp\/v2\/comments?post=56180"}],"version-history":[{"count":1,"href":"https:\/\/temucotelevision.cl\/web\/wp-json\/wp\/v2\/posts\/56180\/revisions"}],"predecessor-version":[{"id":56182,"href":"https:\/\/temucotelevision.cl\/web\/wp-json\/wp\/v2\/posts\/56180\/revisions\/56182"}],"wp:featuredmedia":[{"embeddable":true,"href":"https:\/\/temucotelevision.cl\/web\/wp-json\/wp\/v2\/media\/56181"}],"wp:attachment":[{"href":"https:\/\/temucotelevision.cl\/web\/wp-json\/wp\/v2\/media?parent=56180"}],"wp:term":[{"taxonomy":"category","embeddable":true,"href":"https:\/\/temucotelevision.cl\/web\/wp-json\/wp\/v2\/categories?post=56180"},{"taxonomy":"post_tag","embeddable":true,"href":"https:\/\/temucotelevision.cl\/web\/wp-json\/wp\/v2\/tags?post=56180"}],"curies":[{"name":"wp","href":"https:\/\/api.w.org\/{rel}","templated":true}]}}