{"id":5614,"date":"2019-08-29T19:32:26","date_gmt":"2019-08-29T22:32:26","guid":{"rendered":"https:\/\/temucotelevision.cl\/web\/?p=5614"},"modified":"2019-08-29T19:32:26","modified_gmt":"2019-08-29T22:32:26","slug":"decretan-arresto-domiciliario-total-para-ciudadano-aleman-por-estafas-reiteradas","status":"publish","type":"post","link":"https:\/\/temucotelevision.cl\/web\/2019\/08\/29\/decretan-arresto-domiciliario-total-para-ciudadano-aleman-por-estafas-reiteradas\/","title":{"rendered":"Decretan arresto domiciliario total para ciudadano alem\u00e1n por estafas reiteradas"},"content":{"rendered":"<div class=\"pvc_clear\"><\/div>\n<p id=\"pvc_stats_5614\" class=\"pvc_stats total_only  \" data-element-id=\"5614\" style=\"\"><i class=\"pvc-stats-icon large\" aria-hidden=\"true\"><svg aria-hidden=\"true\" focusable=\"false\" data-prefix=\"far\" data-icon=\"chart-bar\" role=\"img\" xmlns=\"http:\/\/www.w3.org\/2000\/svg\" viewBox=\"0 0 512 512\" class=\"svg-inline--fa fa-chart-bar fa-w-16 fa-2x\"><path fill=\"currentColor\" d=\"M396.8 352h22.4c6.4 0 12.8-6.4 12.8-12.8V108.8c0-6.4-6.4-12.8-12.8-12.8h-22.4c-6.4 0-12.8 6.4-12.8 12.8v230.4c0 6.4 6.4 12.8 12.8 12.8zm-192 0h22.4c6.4 0 12.8-6.4 12.8-12.8V140.8c0-6.4-6.4-12.8-12.8-12.8h-22.4c-6.4 0-12.8 6.4-12.8 12.8v198.4c0 6.4 6.4 12.8 12.8 12.8zm96 0h22.4c6.4 0 12.8-6.4 12.8-12.8V204.8c0-6.4-6.4-12.8-12.8-12.8h-22.4c-6.4 0-12.8 6.4-12.8 12.8v134.4c0 6.4 6.4 12.8 12.8 12.8zM496 400H48V80c0-8.84-7.16-16-16-16H16C7.16 64 0 71.16 0 80v336c0 17.67 14.33 32 32 32h464c8.84 0 16-7.16 16-16v-16c0-8.84-7.16-16-16-16zm-387.2-48h22.4c6.4 0 12.8-6.4 12.8-12.8v-70.4c0-6.4-6.4-12.8-12.8-12.8h-22.4c-6.4 0-12.8 6.4-12.8 12.8v70.4c0 6.4 6.4 12.8 12.8 12.8z\" class=\"\"><\/path><\/svg><\/i> <img loading=\"lazy\" decoding=\"async\" width=\"16\" height=\"16\" alt=\"Loading\" src=\"https:\/\/temucotelevision.cl\/web\/wp-content\/plugins\/page-views-count\/ajax-loader-2x.gif\" border=0 \/><\/p>\n<div class=\"pvc_clear\"><\/div>\n<p style=\"text-align: justify;\">La Corte de Apelaciones de Temuco revoc\u00f3 hoy \u2013jueves 29 de agosto- la resoluci\u00f3n apelada y decret\u00f3 la medida cautelar de arresto domiciliario total de Fischer Heinz Thorsten, imputado por el Ministerio P\u00fablico como autor del delito reiterado de estafa residual. Il\u00edcitos perpetrados en Puc\u00f3n y en la capital regional de La Araucan\u00eda, entre los meses de junio y agosto del presente a\u00f1o.<\/p>\n<p style=\"text-align: justify;\">En fallo un\u00e1nime, la Primera Sala del tribunal de alzada \u2013integrada por los ministros Mar\u00eda Georgina Guti\u00e9rrez Aravena, Julio C\u00e9sar Grand\u00f3n Castro y el abogado integrante Marcelo Neculm\u00e1n Mu\u00f1oz\u2013 acogi\u00f3 la apelaci\u00f3n deducida por la defensa y revoc\u00f3 la resoluci\u00f3n de 20 de agosto reci\u00e9n pasado, dictada por el Juzgado de Garant\u00eda de Puc\u00f3n, que hab\u00eda dejado al ciudadano alem\u00e1n en prisi\u00f3n preventiva.<\/p>\n<p style=\"text-align: justify;\">\u201cAtendido el m\u00e9rito de los antecedentes, lo expuesto por los intervinientes en audiencia, teniendo en consideraci\u00f3n el delito por el cual fue formalizado el imputado y el tiempo que se ha fijado para la conclusi\u00f3n de la causa, SE REVOCA la resoluci\u00f3n de fecha veinte de agosto de dos mil diecinueve, que decret\u00f3 la medida cautelar de prisi\u00f3n preventiva en contra de FISCHER HEINZ THORSTEN, y en su lugar, se declara que se sustituye dicha medida cautelar por la de arresto domiciliario total, contemplada en el art\u00edculo 155 letra a) del C\u00f3digo procesal Penal\u201d, sostiene el fallo.<\/p>\n<p style=\"text-align: justify;\">Y agrega: \u201cMedida que se llevar\u00e1 a cabo una vez que la defensa presente ante el Juzgado de Garant\u00eda de Puc\u00f3n un antecedente concreto respecto de un cupo disponible para el imputado en el Hogar de Cristo, ubicado en calle Pudeto N\u00b0 555 de la ciudad de Temuco, y adem\u00e1s, acredite ante el mismo tribunal, antecedentes de c\u00f3mo la Defensor\u00eda Penal P\u00fablica, a trav\u00e9s de las unidades pertinentes, va a materializar el control del mismo\u201d, puntualiza.<\/p>\n","protected":false},"excerpt":{"rendered":"<div class=\"pvc_clear\"><\/div>\n<p id=\"pvc_stats_5614\" class=\"pvc_stats total_only  \" data-element-id=\"5614\" style=\"\"><i class=\"pvc-stats-icon large\" aria-hidden=\"true\"><svg aria-hidden=\"true\" focusable=\"false\" data-prefix=\"far\" data-icon=\"chart-bar\" role=\"img\" xmlns=\"http:\/\/www.w3.org\/2000\/svg\" viewBox=\"0 0 512 512\" class=\"svg-inline--fa fa-chart-bar fa-w-16 fa-2x\"><path fill=\"currentColor\" d=\"M396.8 352h22.4c6.4 0 12.8-6.4 12.8-12.8V108.8c0-6.4-6.4-12.8-12.8-12.8h-22.4c-6.4 0-12.8 6.4-12.8 12.8v230.4c0 6.4 6.4 12.8 12.8 12.8zm-192 0h22.4c6.4 0 12.8-6.4 12.8-12.8V140.8c0-6.4-6.4-12.8-12.8-12.8h-22.4c-6.4 0-12.8 6.4-12.8 12.8v198.4c0 6.4 6.4 12.8 12.8 12.8zm96 0h22.4c6.4 0 12.8-6.4 12.8-12.8V204.8c0-6.4-6.4-12.8-12.8-12.8h-22.4c-6.4 0-12.8 6.4-12.8 12.8v134.4c0 6.4 6.4 12.8 12.8 12.8zM496 400H48V80c0-8.84-7.16-16-16-16H16C7.16 64 0 71.16 0 80v336c0 17.67 14.33 32 32 32h464c8.84 0 16-7.16 16-16v-16c0-8.84-7.16-16-16-16zm-387.2-48h22.4c6.4 0 12.8-6.4 12.8-12.8v-70.4c0-6.4-6.4-12.8-12.8-12.8h-22.4c-6.4 0-12.8 6.4-12.8 12.8v70.4c0 6.4 6.4 12.8 12.8 12.8z\" class=\"\"><\/path><\/svg><\/i> <img loading=\"lazy\" decoding=\"async\" width=\"16\" height=\"16\" alt=\"Loading\" src=\"https:\/\/temucotelevision.cl\/web\/wp-content\/plugins\/page-views-count\/ajax-loader-2x.gif\" border=0 \/><\/p>\n<div class=\"pvc_clear\"><\/div>\n<p>La Corte de Apelaciones de Temuco revoc\u00f3 hoy \u2013jueves 29 de agosto- la resoluci\u00f3n apelada y decret\u00f3 la medida cautelar<\/p>\n","protected":false},"author":1,"featured_media":5394,"comment_status":"open","ping_status":"open","sticky":false,"template":"","format":"standard","meta":{"colormag_page_container_layout":"default_layout","colormag_page_sidebar_layout":"default_layout","footnotes":""},"categories":[15],"tags":[1818,1527,1163],"class_list":["post-5614","post","type-post","status-publish","format-standard","has-post-thumbnail","hentry","category-la-araucania","tag-arresto","tag-ciudadano","tag-estafas"],"a3_pvc":{"activated":true,"total_views":14,"today_views":0},"_links":{"self":[{"href":"https:\/\/temucotelevision.cl\/web\/wp-json\/wp\/v2\/posts\/5614","targetHints":{"allow":["GET"]}}],"collection":[{"href":"https:\/\/temucotelevision.cl\/web\/wp-json\/wp\/v2\/posts"}],"about":[{"href":"https:\/\/temucotelevision.cl\/web\/wp-json\/wp\/v2\/types\/post"}],"author":[{"embeddable":true,"href":"https:\/\/temucotelevision.cl\/web\/wp-json\/wp\/v2\/users\/1"}],"replies":[{"embeddable":true,"href":"https:\/\/temucotelevision.cl\/web\/wp-json\/wp\/v2\/comments?post=5614"}],"version-history":[{"count":1,"href":"https:\/\/temucotelevision.cl\/web\/wp-json\/wp\/v2\/posts\/5614\/revisions"}],"predecessor-version":[{"id":5615,"href":"https:\/\/temucotelevision.cl\/web\/wp-json\/wp\/v2\/posts\/5614\/revisions\/5615"}],"wp:featuredmedia":[{"embeddable":true,"href":"https:\/\/temucotelevision.cl\/web\/wp-json\/wp\/v2\/media\/5394"}],"wp:attachment":[{"href":"https:\/\/temucotelevision.cl\/web\/wp-json\/wp\/v2\/media?parent=5614"}],"wp:term":[{"taxonomy":"category","embeddable":true,"href":"https:\/\/temucotelevision.cl\/web\/wp-json\/wp\/v2\/categories?post=5614"},{"taxonomy":"post_tag","embeddable":true,"href":"https:\/\/temucotelevision.cl\/web\/wp-json\/wp\/v2\/tags?post=5614"}],"curies":[{"name":"wp","href":"https:\/\/api.w.org\/{rel}","templated":true}]}}