{"id":5608,"date":"2019-08-29T19:12:41","date_gmt":"2019-08-29T22:12:41","guid":{"rendered":"https:\/\/temucotelevision.cl\/web\/?p=5608"},"modified":"2019-08-29T19:17:54","modified_gmt":"2019-08-29T22:17:54","slug":"carabineros-detiene-a-estudiante-que-ingreso-un-arma-de-fuego-a-su-liceo-en-temuco","status":"publish","type":"post","link":"https:\/\/temucotelevision.cl\/web\/2019\/08\/29\/carabineros-detiene-a-estudiante-que-ingreso-un-arma-de-fuego-a-su-liceo-en-temuco\/","title":{"rendered":"Carabineros detiene a estudiante que ingres\u00f3 un arma de fuego a su liceo en Temuco"},"content":{"rendered":"<div class=\"pvc_clear\"><\/div>\n<p id=\"pvc_stats_5608\" class=\"pvc_stats total_only  \" data-element-id=\"5608\" style=\"\"><i class=\"pvc-stats-icon large\" aria-hidden=\"true\"><svg aria-hidden=\"true\" focusable=\"false\" data-prefix=\"far\" data-icon=\"chart-bar\" role=\"img\" xmlns=\"http:\/\/www.w3.org\/2000\/svg\" viewBox=\"0 0 512 512\" class=\"svg-inline--fa fa-chart-bar fa-w-16 fa-2x\"><path fill=\"currentColor\" d=\"M396.8 352h22.4c6.4 0 12.8-6.4 12.8-12.8V108.8c0-6.4-6.4-12.8-12.8-12.8h-22.4c-6.4 0-12.8 6.4-12.8 12.8v230.4c0 6.4 6.4 12.8 12.8 12.8zm-192 0h22.4c6.4 0 12.8-6.4 12.8-12.8V140.8c0-6.4-6.4-12.8-12.8-12.8h-22.4c-6.4 0-12.8 6.4-12.8 12.8v198.4c0 6.4 6.4 12.8 12.8 12.8zm96 0h22.4c6.4 0 12.8-6.4 12.8-12.8V204.8c0-6.4-6.4-12.8-12.8-12.8h-22.4c-6.4 0-12.8 6.4-12.8 12.8v134.4c0 6.4 6.4 12.8 12.8 12.8zM496 400H48V80c0-8.84-7.16-16-16-16H16C7.16 64 0 71.16 0 80v336c0 17.67 14.33 32 32 32h464c8.84 0 16-7.16 16-16v-16c0-8.84-7.16-16-16-16zm-387.2-48h22.4c6.4 0 12.8-6.4 12.8-12.8v-70.4c0-6.4-6.4-12.8-12.8-12.8h-22.4c-6.4 0-12.8 6.4-12.8 12.8v70.4c0 6.4 6.4 12.8 12.8 12.8z\" class=\"\"><\/path><\/svg><\/i> <img loading=\"lazy\" decoding=\"async\" width=\"16\" height=\"16\" alt=\"Loading\" src=\"https:\/\/temucotelevision.cl\/web\/wp-content\/plugins\/page-views-count\/ajax-loader-2x.gif\" border=0 \/><\/p>\n<div class=\"pvc_clear\"><\/div>\n<p style=\"text-align: justify;\">Se trat\u00f3 de un arma de fantas\u00eda con el ca\u00f1\u00f3n perforado, adaptado para el disparo de munici\u00f3n calibre .22.<\/p>\n<p style=\"text-align: justify;\">Carabineros de la 2a. Comisar\u00eda \u201cTemuco\u201d detienen a un adolescente al que incautan un arma a fogueo adaptada para el disparo calibre .22, la que ingres\u00f3 a un establecimiento educacional.<\/p>\n<p style=\"text-align: justify;\">El hecho se registr\u00f3 pasadas las 10 de la ma\u00f1ana de este jueves cuando el estudiante de 17 a\u00f1os ingres\u00f3 al\u00a0Liceo Instituto Superior T\u00e9cnico, un rev\u00f3lver de fantas\u00eda con el ca\u00f1\u00f3n perforado.<\/p>\n<p style=\"text-align: justify;\">Un llamado a la Central de Comunicaciones (Cenco) Caut\u00edn alert\u00f3 a Carabineros de la 2a. Comisar\u00eda de la situaci\u00f3n por lo cual concurrieron r\u00e1pidamente al lugar, verificando lo denunciando.<\/p>\n<p style=\"text-align: justify;\">El Comisario de la 2a. Comisar\u00eda \u201cTemuco\u201d, Comandante Christian Fern\u00e1ndez Opazo, se\u00f1al\u00f3 que \u201cpersonal de inspector\u00eda como del profesorado, dio cuenta que momentos antes hab\u00edan sorprendido a un alumno entreg\u00e1ndole una especie a otro. Al verificar de qu\u00e9 se trataba, se comprob\u00f3 que era una pistola a fogueo que se encontraba adaptada para el disparo\u201d.<\/p>\n<p style=\"text-align: justify;\">Por instrucci\u00f3n de la fiscal\u00eda, el adolescente qued\u00f3 a disposici\u00f3n del Juzgado de Garant\u00eda de Temuco para el correspondiente control de la detenci\u00f3n por el delito de Porte Ilegal de Arma de Fuego.<\/p>\n<p><img loading=\"lazy\" decoding=\"async\" class=\"size-full wp-image-5610 aligncenter\" src=\"https:\/\/temucotelevision.cl\/web\/wp-content\/uploads\/2019\/08\/arma-2a.jpg\" alt=\"\" width=\"807\" height=\"666\" srcset=\"https:\/\/temucotelevision.cl\/web\/wp-content\/uploads\/2019\/08\/arma-2a.jpg 807w, https:\/\/temucotelevision.cl\/web\/wp-content\/uploads\/2019\/08\/arma-2a-768x634.jpg 768w\" sizes=\"auto, (max-width: 807px) 100vw, 807px\" \/><\/p>\n","protected":false},"excerpt":{"rendered":"<div class=\"pvc_clear\"><\/div>\n<p id=\"pvc_stats_5608\" class=\"pvc_stats total_only  \" data-element-id=\"5608\" style=\"\"><i class=\"pvc-stats-icon large\" aria-hidden=\"true\"><svg aria-hidden=\"true\" focusable=\"false\" data-prefix=\"far\" data-icon=\"chart-bar\" role=\"img\" xmlns=\"http:\/\/www.w3.org\/2000\/svg\" viewBox=\"0 0 512 512\" class=\"svg-inline--fa fa-chart-bar fa-w-16 fa-2x\"><path fill=\"currentColor\" d=\"M396.8 352h22.4c6.4 0 12.8-6.4 12.8-12.8V108.8c0-6.4-6.4-12.8-12.8-12.8h-22.4c-6.4 0-12.8 6.4-12.8 12.8v230.4c0 6.4 6.4 12.8 12.8 12.8zm-192 0h22.4c6.4 0 12.8-6.4 12.8-12.8V140.8c0-6.4-6.4-12.8-12.8-12.8h-22.4c-6.4 0-12.8 6.4-12.8 12.8v198.4c0 6.4 6.4 12.8 12.8 12.8zm96 0h22.4c6.4 0 12.8-6.4 12.8-12.8V204.8c0-6.4-6.4-12.8-12.8-12.8h-22.4c-6.4 0-12.8 6.4-12.8 12.8v134.4c0 6.4 6.4 12.8 12.8 12.8zM496 400H48V80c0-8.84-7.16-16-16-16H16C7.16 64 0 71.16 0 80v336c0 17.67 14.33 32 32 32h464c8.84 0 16-7.16 16-16v-16c0-8.84-7.16-16-16-16zm-387.2-48h22.4c6.4 0 12.8-6.4 12.8-12.8v-70.4c0-6.4-6.4-12.8-12.8-12.8h-22.4c-6.4 0-12.8 6.4-12.8 12.8v70.4c0 6.4 6.4 12.8 12.8 12.8z\" class=\"\"><\/path><\/svg><\/i> <img loading=\"lazy\" decoding=\"async\" width=\"16\" height=\"16\" alt=\"Loading\" src=\"https:\/\/temucotelevision.cl\/web\/wp-content\/plugins\/page-views-count\/ajax-loader-2x.gif\" border=0 \/><\/p>\n<div class=\"pvc_clear\"><\/div>\n<p>Se trat\u00f3 de un arma de fantas\u00eda con el ca\u00f1\u00f3n perforado, adaptado para el disparo de munici\u00f3n calibre .22. Carabineros<\/p>\n","protected":false},"author":1,"featured_media":5609,"comment_status":"open","ping_status":"open","sticky":false,"template":"","format":"standard","meta":{"colormag_page_container_layout":"default_layout","colormag_page_sidebar_layout":"default_layout","footnotes":""},"categories":[16],"tags":[791,1817,302],"class_list":["post-5608","post","type-post","status-publish","format-standard","has-post-thumbnail","hentry","category-policial","tag-arma","tag-estudiante","tag-liceo"],"a3_pvc":{"activated":true,"total_views":21,"today_views":0},"_links":{"self":[{"href":"https:\/\/temucotelevision.cl\/web\/wp-json\/wp\/v2\/posts\/5608","targetHints":{"allow":["GET"]}}],"collection":[{"href":"https:\/\/temucotelevision.cl\/web\/wp-json\/wp\/v2\/posts"}],"about":[{"href":"https:\/\/temucotelevision.cl\/web\/wp-json\/wp\/v2\/types\/post"}],"author":[{"embeddable":true,"href":"https:\/\/temucotelevision.cl\/web\/wp-json\/wp\/v2\/users\/1"}],"replies":[{"embeddable":true,"href":"https:\/\/temucotelevision.cl\/web\/wp-json\/wp\/v2\/comments?post=5608"}],"version-history":[{"count":2,"href":"https:\/\/temucotelevision.cl\/web\/wp-json\/wp\/v2\/posts\/5608\/revisions"}],"predecessor-version":[{"id":5612,"href":"https:\/\/temucotelevision.cl\/web\/wp-json\/wp\/v2\/posts\/5608\/revisions\/5612"}],"wp:featuredmedia":[{"embeddable":true,"href":"https:\/\/temucotelevision.cl\/web\/wp-json\/wp\/v2\/media\/5609"}],"wp:attachment":[{"href":"https:\/\/temucotelevision.cl\/web\/wp-json\/wp\/v2\/media?parent=5608"}],"wp:term":[{"taxonomy":"category","embeddable":true,"href":"https:\/\/temucotelevision.cl\/web\/wp-json\/wp\/v2\/categories?post=5608"},{"taxonomy":"post_tag","embeddable":true,"href":"https:\/\/temucotelevision.cl\/web\/wp-json\/wp\/v2\/tags?post=5608"}],"curies":[{"name":"wp","href":"https:\/\/api.w.org\/{rel}","templated":true}]}}