{"id":5605,"date":"2019-08-29T19:01:37","date_gmt":"2019-08-29T22:01:37","guid":{"rendered":"https:\/\/temucotelevision.cl\/web\/?p=5605"},"modified":"2019-08-29T19:01:37","modified_gmt":"2019-08-29T22:01:37","slug":"nuevas-rutas-aereas-entre-regiones-sin-pasar-por-santiago-asoman-como-un-plus-economico-entre-norte-y-sur","status":"publish","type":"post","link":"https:\/\/temucotelevision.cl\/web\/2019\/08\/29\/nuevas-rutas-aereas-entre-regiones-sin-pasar-por-santiago-asoman-como-un-plus-economico-entre-norte-y-sur\/","title":{"rendered":"Nuevas rutas a\u00e9reas entre regiones sin pasar por Santiago asoman como un plus econ\u00f3mico entre Norte y Sur"},"content":{"rendered":"<div class=\"pvc_clear\"><\/div>\n<p id=\"pvc_stats_5605\" class=\"pvc_stats total_only  \" data-element-id=\"5605\" style=\"\"><i class=\"pvc-stats-icon large\" aria-hidden=\"true\"><svg aria-hidden=\"true\" focusable=\"false\" data-prefix=\"far\" data-icon=\"chart-bar\" role=\"img\" xmlns=\"http:\/\/www.w3.org\/2000\/svg\" viewBox=\"0 0 512 512\" class=\"svg-inline--fa fa-chart-bar fa-w-16 fa-2x\"><path fill=\"currentColor\" d=\"M396.8 352h22.4c6.4 0 12.8-6.4 12.8-12.8V108.8c0-6.4-6.4-12.8-12.8-12.8h-22.4c-6.4 0-12.8 6.4-12.8 12.8v230.4c0 6.4 6.4 12.8 12.8 12.8zm-192 0h22.4c6.4 0 12.8-6.4 12.8-12.8V140.8c0-6.4-6.4-12.8-12.8-12.8h-22.4c-6.4 0-12.8 6.4-12.8 12.8v198.4c0 6.4 6.4 12.8 12.8 12.8zm96 0h22.4c6.4 0 12.8-6.4 12.8-12.8V204.8c0-6.4-6.4-12.8-12.8-12.8h-22.4c-6.4 0-12.8 6.4-12.8 12.8v134.4c0 6.4 6.4 12.8 12.8 12.8zM496 400H48V80c0-8.84-7.16-16-16-16H16C7.16 64 0 71.16 0 80v336c0 17.67 14.33 32 32 32h464c8.84 0 16-7.16 16-16v-16c0-8.84-7.16-16-16-16zm-387.2-48h22.4c6.4 0 12.8-6.4 12.8-12.8v-70.4c0-6.4-6.4-12.8-12.8-12.8h-22.4c-6.4 0-12.8 6.4-12.8 12.8v70.4c0 6.4 6.4 12.8 12.8 12.8z\" class=\"\"><\/path><\/svg><\/i> <img loading=\"lazy\" decoding=\"async\" width=\"16\" height=\"16\" alt=\"Loading\" src=\"https:\/\/temucotelevision.cl\/web\/wp-content\/plugins\/page-views-count\/ajax-loader-2x.gif\" border=0 \/><\/p>\n<div class=\"pvc_clear\"><\/div>\n<p style=\"text-align: justify;\">Autoridades de turismo anuncian nuevas rutas a\u00e9reas interregionales, desde Antofagasta hacia Temuco -sin detenci\u00f3n en Santiago-, las que debutar\u00e1n en enero del pr\u00f3ximo a\u00f1o.<\/p>\n<p style=\"text-align: justify;\">Era uno de los acontecimientos que muchos esperaban y hoy se transforma en una excelente noticia, ya que a partir de enero 2020 estar\u00e1n operativas nuevas rutas a\u00e9reas entre regiones sin tener que pasar por Santiago, dicha medida va en directo beneficio del turismo interno. Las conexiones interregionales ser\u00e1n desde Antofagasta hacia Puerto Montt y Temuco.<\/p>\n<p style=\"text-align: justify;\">Dicha medida ve en beneficio de la conectividad y reducir\u00e1 los tiempos de viaje y tasa de embarque entre dos destinos de Temuco y Antofagasta; accediendo a destinos tur\u00edsticos como Puc\u00f3n o San pedro de Atacama, potenciando el turismo interno.<\/p>\n<p style=\"text-align: justify;\">El tr\u00e1fico a\u00e9reo en Chile creci\u00f3 un 12,7% durante julio de este a\u00f1o en relaci\u00f3n con el mismo mes de 2018, seg\u00fan datos de la Direcci\u00f3n General de la Aeron\u00e1utica Civil (DGAC).<\/p>\n<p style=\"text-align: justify;\">En el Aeropuerto Andr\u00e9s Sabella se estima que este 2019 transiten alrededor de 2,2 millones de personas, cifra que se mantendr\u00eda increment\u00e1ndose con el paso de los a\u00f1os.<\/p>\n<p style=\"text-align: justify;\">\u201cHoy Antofagasta posee m\u00e1s de 5 mil camas disponibles en hoteler\u00eda, una oferta de m\u00e1s de 400 operadores tur\u00edsticos y buena gastronom\u00eda que mezcla productos de mar con altiplano en una fusi\u00f3n \u00fanica. En las experiencias a vivir est\u00e1 el turismo astron\u00f3mico accediendo a centros astron\u00f3micos como Paranal\u201d destac\u00f3 la Directora Regional de Sernatur en Antofagasta, Irina Salgado.<\/p>\n<p style=\"text-align: justify;\">\u201cEstamos muy contentos con esta medida, pensando que en el Aeropuerto Araucan\u00eda se estima que este 2019 circulen alrededor de 1 mill\u00f3n de personas, cifra que seg\u00fan la tendencia es que vaya en aumento; nosotros en La Araucan\u00eda contamos con m\u00e1s de 18.000 camas y m\u00e1s de 170 operadores tur\u00edsticos para sorprender a quienes vengan a nuestra regi\u00f3n llena de bondades como la naturaleza, la cultura mapuche, una amplia variedad de parques nacionales, reservas naturales, volcanes, lagos, r\u00edos y centros termales y actividades de turismo aventura.<\/p>\n<p style=\"text-align: justify;\">Finalmente es sumamente importante poder tener v\u00eda directa con la regi\u00f3n de Antofagasta porque proyecta a la Araucan\u00eda con un mercado nacional donde podremos poner en valor nuestra oferta y geograf\u00eda\u201d.<\/p>\n<p style=\"text-align: justify;\">Seg\u00fan Estuardo Ort\u00edz, gerente general de JetSmart la primera aerol\u00ednea que realizar\u00e1 estos nuevos servicios &#8211; interregionales declar\u00f3 \u201cfijar un nuevo centro de operaciones en Antofagasta permitir\u00e1 mayor disponibilidad de empleos para la zona\u201d. Las mejoras al terminal a\u00e9reo antofagastino estiman una inversi\u00f3n cercana a los once mil millones de pesos al a\u00f1o 2024.<\/p>\n<p style=\"text-align: justify;\">Durante julio, dos millones 318 mil personas viajaron en avi\u00f3n, tanto en vuelos nacionales como internacionales, registro que representa un aumento de 12,7 por ciento en relaci\u00f3n con el mismo mes del a\u00f1o pasado.<\/p>\n","protected":false},"excerpt":{"rendered":"<div class=\"pvc_clear\"><\/div>\n<p id=\"pvc_stats_5605\" class=\"pvc_stats total_only  \" data-element-id=\"5605\" style=\"\"><i class=\"pvc-stats-icon large\" aria-hidden=\"true\"><svg aria-hidden=\"true\" focusable=\"false\" data-prefix=\"far\" data-icon=\"chart-bar\" role=\"img\" xmlns=\"http:\/\/www.w3.org\/2000\/svg\" viewBox=\"0 0 512 512\" class=\"svg-inline--fa fa-chart-bar fa-w-16 fa-2x\"><path fill=\"currentColor\" d=\"M396.8 352h22.4c6.4 0 12.8-6.4 12.8-12.8V108.8c0-6.4-6.4-12.8-12.8-12.8h-22.4c-6.4 0-12.8 6.4-12.8 12.8v230.4c0 6.4 6.4 12.8 12.8 12.8zm-192 0h22.4c6.4 0 12.8-6.4 12.8-12.8V140.8c0-6.4-6.4-12.8-12.8-12.8h-22.4c-6.4 0-12.8 6.4-12.8 12.8v198.4c0 6.4 6.4 12.8 12.8 12.8zm96 0h22.4c6.4 0 12.8-6.4 12.8-12.8V204.8c0-6.4-6.4-12.8-12.8-12.8h-22.4c-6.4 0-12.8 6.4-12.8 12.8v134.4c0 6.4 6.4 12.8 12.8 12.8zM496 400H48V80c0-8.84-7.16-16-16-16H16C7.16 64 0 71.16 0 80v336c0 17.67 14.33 32 32 32h464c8.84 0 16-7.16 16-16v-16c0-8.84-7.16-16-16-16zm-387.2-48h22.4c6.4 0 12.8-6.4 12.8-12.8v-70.4c0-6.4-6.4-12.8-12.8-12.8h-22.4c-6.4 0-12.8 6.4-12.8 12.8v70.4c0 6.4 6.4 12.8 12.8 12.8z\" class=\"\"><\/path><\/svg><\/i> <img loading=\"lazy\" decoding=\"async\" width=\"16\" height=\"16\" alt=\"Loading\" src=\"https:\/\/temucotelevision.cl\/web\/wp-content\/plugins\/page-views-count\/ajax-loader-2x.gif\" border=0 \/><\/p>\n<div class=\"pvc_clear\"><\/div>\n<p>Autoridades de turismo anuncian nuevas rutas a\u00e9reas interregionales, desde Antofagasta hacia Temuco -sin detenci\u00f3n en Santiago-, las que debutar\u00e1n en<\/p>\n","protected":false},"author":1,"featured_media":5606,"comment_status":"open","ping_status":"open","sticky":false,"template":"","format":"standard","meta":{"colormag_page_container_layout":"default_layout","colormag_page_sidebar_layout":"default_layout","footnotes":""},"categories":[101],"tags":[695,94,144],"class_list":["post-5605","post","type-post","status-publish","format-standard","has-post-thumbnail","hentry","category-actualidad","tag-ruta","tag-turismo","tag-vuelos"],"a3_pvc":{"activated":true,"total_views":27,"today_views":0},"_links":{"self":[{"href":"https:\/\/temucotelevision.cl\/web\/wp-json\/wp\/v2\/posts\/5605","targetHints":{"allow":["GET"]}}],"collection":[{"href":"https:\/\/temucotelevision.cl\/web\/wp-json\/wp\/v2\/posts"}],"about":[{"href":"https:\/\/temucotelevision.cl\/web\/wp-json\/wp\/v2\/types\/post"}],"author":[{"embeddable":true,"href":"https:\/\/temucotelevision.cl\/web\/wp-json\/wp\/v2\/users\/1"}],"replies":[{"embeddable":true,"href":"https:\/\/temucotelevision.cl\/web\/wp-json\/wp\/v2\/comments?post=5605"}],"version-history":[{"count":1,"href":"https:\/\/temucotelevision.cl\/web\/wp-json\/wp\/v2\/posts\/5605\/revisions"}],"predecessor-version":[{"id":5607,"href":"https:\/\/temucotelevision.cl\/web\/wp-json\/wp\/v2\/posts\/5605\/revisions\/5607"}],"wp:featuredmedia":[{"embeddable":true,"href":"https:\/\/temucotelevision.cl\/web\/wp-json\/wp\/v2\/media\/5606"}],"wp:attachment":[{"href":"https:\/\/temucotelevision.cl\/web\/wp-json\/wp\/v2\/media?parent=5605"}],"wp:term":[{"taxonomy":"category","embeddable":true,"href":"https:\/\/temucotelevision.cl\/web\/wp-json\/wp\/v2\/categories?post=5605"},{"taxonomy":"post_tag","embeddable":true,"href":"https:\/\/temucotelevision.cl\/web\/wp-json\/wp\/v2\/tags?post=5605"}],"curies":[{"name":"wp","href":"https:\/\/api.w.org\/{rel}","templated":true}]}}