{"id":55709,"date":"2025-03-31T10:32:37","date_gmt":"2025-03-31T13:32:37","guid":{"rendered":"https:\/\/temucotelevision.cl\/web\/?p=55709"},"modified":"2025-03-31T10:32:38","modified_gmt":"2025-03-31T13:32:38","slug":"como-aprovechar-las-redes-sociales-a-la-hora-de-buscar-trabajo","status":"publish","type":"post","link":"https:\/\/temucotelevision.cl\/web\/2025\/03\/31\/como-aprovechar-las-redes-sociales-a-la-hora-de-buscar-trabajo\/","title":{"rendered":"\u00bfC\u00f3mo aprovechar las redes sociales a la hora de buscar trabajo?"},"content":{"rendered":"<div class=\"pvc_clear\"><\/div><p id=\"pvc_stats_55709\" class=\"pvc_stats total_only  \" data-element-id=\"55709\" style=\"\"><i class=\"pvc-stats-icon large\" aria-hidden=\"true\"><svg aria-hidden=\"true\" focusable=\"false\" data-prefix=\"far\" data-icon=\"chart-bar\" role=\"img\" xmlns=\"http:\/\/www.w3.org\/2000\/svg\" viewBox=\"0 0 512 512\" class=\"svg-inline--fa fa-chart-bar fa-w-16 fa-2x\"><path fill=\"currentColor\" d=\"M396.8 352h22.4c6.4 0 12.8-6.4 12.8-12.8V108.8c0-6.4-6.4-12.8-12.8-12.8h-22.4c-6.4 0-12.8 6.4-12.8 12.8v230.4c0 6.4 6.4 12.8 12.8 12.8zm-192 0h22.4c6.4 0 12.8-6.4 12.8-12.8V140.8c0-6.4-6.4-12.8-12.8-12.8h-22.4c-6.4 0-12.8 6.4-12.8 12.8v198.4c0 6.4 6.4 12.8 12.8 12.8zm96 0h22.4c6.4 0 12.8-6.4 12.8-12.8V204.8c0-6.4-6.4-12.8-12.8-12.8h-22.4c-6.4 0-12.8 6.4-12.8 12.8v134.4c0 6.4 6.4 12.8 12.8 12.8zM496 400H48V80c0-8.84-7.16-16-16-16H16C7.16 64 0 71.16 0 80v336c0 17.67 14.33 32 32 32h464c8.84 0 16-7.16 16-16v-16c0-8.84-7.16-16-16-16zm-387.2-48h22.4c6.4 0 12.8-6.4 12.8-12.8v-70.4c0-6.4-6.4-12.8-12.8-12.8h-22.4c-6.4 0-12.8 6.4-12.8 12.8v70.4c0 6.4 6.4 12.8 12.8 12.8z\" class=\"\"><\/path><\/svg><\/i> <img loading=\"lazy\" decoding=\"async\" width=\"16\" height=\"16\" alt=\"Loading\" src=\"https:\/\/temucotelevision.cl\/web\/wp-content\/plugins\/page-views-count\/ajax-loader-2x.gif\" border=0 \/><\/p><div class=\"pvc_clear\"><\/div>\n<p>No es un recurso nuevo, pero se usa poco. Las empresas y reclutadores las usan cada vez m\u00e1s, pero los profesionales a\u00fan tienen tarea pendiente. Especialista en selecci\u00f3n de talentos comenta sobre qu\u00e9 hacer para destacar en el mundo digital y ser un candidato fuerte.<\/p>\n\n\n\n<p><a><\/a><strong>Santiago, 25 de marzo de 2025 \u2013&nbsp;<\/strong>Informaci\u00f3n, entretenci\u00f3n, comunicaci\u00f3n. Las redes sociales han cambiado diversas \u00e1reas de la vida cotidiana y cuesta mucho imaginar c\u00f3mo ser\u00eda la vida sin ellas. Incluso el \u00e1mbito laboral se ha sumado a esta revoluci\u00f3n y hoy es posible conseguir trabajo gracias a ellas. Sin embargo, pese a las empresas de selecci\u00f3n de talento las usan con frecuencia, todav\u00eda hay muchos profesionales que desconocen su potencial para mostrar su valor. \u00bfQu\u00e9 hacer entonces para aprovecharlas al m\u00e1ximo?<\/p>\n\n\n\n<p>En diversos estudios, los chilenos figuran entre los que m\u00e1s tiempo le dedican a las redes sociales. Interactuar con amigos, conocer nuevas personas y lugares, informarse sobre las \u00faltimas noticias y tendencias de todo tipo figuran entre los contenidos m\u00e1s buscados y vistos, pero a la hora de usarlas con fines profesionales, la cosa cambia.&nbsp;<\/p>\n\n\n\n<p>\u201cEn materia de mostrar su valor como profesionales, hay un largo camino por recorrer en el uso de las redes sociales\u201d, dijo No\u00e9mie Toureille,&nbsp;responsable del \u00e1rea Reclutamiento Permanente de Robert Half Chile.<\/p>\n\n\n\n<p>La ejecutiva hizo un repaso de los aspectos que consideran los reclutadores y las empresas a la hora de buscar talentos a trav\u00e9s de las redes sociales y aprovech\u00f3 tambi\u00e9n de entregar recomendaciones que los trabajadores deben tener en cuenta para destacar y volverse m\u00e1s atractivos cuando se trata de conseguir un nuevo trabajo.<\/p>\n\n\n\n<p>Adem\u00e1s de los m\u00e9todos tradicionales, las redes sociales permiten buscar talento en cualquier lugar del mundo.&nbsp;Cifras recientes revelaron que&nbsp;el mercado laboral internacional se interesa cada vez m\u00e1s por los profesionales chilenos, debido a su perfil profesional, conocimientos y nivel especializaci\u00f3n, entre otros factores. Y durante un proceso de b\u00fasqueda y selecci\u00f3n de profesionales, \u201clas redes sociales, permiten acceder de manera r\u00e1pida a los perfiles de candidatos y obtener informaci\u00f3n sobre su experiencia laboral, habilidades, recomendaciones, conexiones profesionales y logros. Esto abre posibilidades de exposici\u00f3n y visualizaci\u00f3n que van mucho m\u00e1s all\u00e1 de un curr\u00edculum est\u00e1tico\u201d, dijo la ejecutiva.<\/p>\n\n\n\n<p><strong>El uso profesional de las redes sociales<\/strong><\/p>\n\n\n\n<p>Las redes sociales, espec\u00edficamente LinkedIn, son un aspecto que los trabajadores deben tener muy en cuenta. Entre las recomendaciones, se debe tener presente que es fundamental reunir la mayor cantidad de informaci\u00f3n relevante sobre la carrera y perfil profesional, incluyendo los logros alcanzados. \u201cLas empresas suelen revisar&nbsp;el tiempo pasado en cada empresa, experiencia laboral, dominio del ingl\u00e9s u otros idiomas, uso de herramientas tecnol\u00f3gicas asociadas a los cargos de inter\u00e9s, experiencias voluntarias, diplomados y cursos realizados\u201d, destac\u00f3.<\/p>\n\n\n\n<p>Otro aspecto destacado por la ejecutiva es que las redes sociales no solo permiten a los reclutadores conocer la experiencia profesional de los postulantes, sino tambi\u00e9n su personalidad, valores y estilo de vida. As\u00ed, se observan tambi\u00e9n su presencia digital en t\u00e9rminos del comportamiento en l\u00ednea de la persona, sus interacciones, habilidad para establecer relaciones profesionales. Lo importante es que el profesional sea capaz de proyectar un curriculum y una imagen coherente y, a su vez, que esto se correlacione con los valores de la empresa que est\u00e1 buscando un profesional,\u201d agreg\u00f3 Toureille.<\/p>\n\n\n\n<p>Aunque existe la tentaci\u00f3n a discriminar potenciales candidatos por sus posturas personales ante temas como la pol\u00edtica, religi\u00f3n, sexualidad, por mencionar algunos, Toureille record\u00f3 que \u201cla clave es abstenerse de estos asuntos y limitarse a las capacidades t\u00e9cnico profesionales y la evaluaci\u00f3n orientada a definir qu\u00e9 tan alineada podr\u00eda estar una persona con la cultura y valores de la empresa que est\u00e1 buscando un nuevo talento\u201d.<\/p>\n\n\n\n<p><strong>Sobre Robert Half<\/strong><\/p>\n\n\n\n<p>Es la primera y mayor empresa de reclutamiento especializado del mundo. Fundada en 1948, la empresa opera en Chile seleccionando profesionales permanentes y para proyectos especializados en las \u00e1reas de finanzas, contabilidad, mercado financiero, seguros, ingenier\u00eda, tecnolog\u00eda, jur\u00eddica, recursos humanos, marketing y ventas y cargos de alta gerencia.<\/p>\n\n\n\n<p>Con presencia global y actuaci\u00f3n en Norte Am\u00e9rica, Europa, Asia, Sudam\u00e9rica y Ocean\u00eda, Robert Half aparece en listas de empresa m\u00e1s admiradas del mundo. La compa\u00f1\u00eda tambi\u00e9n es reconocida por su compromiso de promover la igualdad y proporcionar una cultura que apoya la diversidad.<\/p>\n\n\n\n<p>Este mensaje contiene informaciones confidenciales y privilegiadas. Caso no seas el destinatario deseado, no podr\u00e1s difundir, distribuir, reproducir o utilizar de cualquier otro modo este mensaje o sus anexos. Caso hayas recibido este mensaje por error, por favor informa al remitente inmediatamente, envi\u00e1ndole una respuesta a este mensaje y elim\u00ednalo de tu computador. Gracias por tu colaboraci\u00f3n.<\/p>\n\n\n\n<p><\/p>\n","protected":false},"excerpt":{"rendered":"<div class=\"pvc_clear\"><\/div>\n<p id=\"pvc_stats_55709\" class=\"pvc_stats total_only  \" data-element-id=\"55709\" style=\"\"><i class=\"pvc-stats-icon large\" aria-hidden=\"true\"><svg aria-hidden=\"true\" focusable=\"false\" data-prefix=\"far\" data-icon=\"chart-bar\" role=\"img\" xmlns=\"http:\/\/www.w3.org\/2000\/svg\" viewBox=\"0 0 512 512\" class=\"svg-inline--fa fa-chart-bar fa-w-16 fa-2x\"><path fill=\"currentColor\" d=\"M396.8 352h22.4c6.4 0 12.8-6.4 12.8-12.8V108.8c0-6.4-6.4-12.8-12.8-12.8h-22.4c-6.4 0-12.8 6.4-12.8 12.8v230.4c0 6.4 6.4 12.8 12.8 12.8zm-192 0h22.4c6.4 0 12.8-6.4 12.8-12.8V140.8c0-6.4-6.4-12.8-12.8-12.8h-22.4c-6.4 0-12.8 6.4-12.8 12.8v198.4c0 6.4 6.4 12.8 12.8 12.8zm96 0h22.4c6.4 0 12.8-6.4 12.8-12.8V204.8c0-6.4-6.4-12.8-12.8-12.8h-22.4c-6.4 0-12.8 6.4-12.8 12.8v134.4c0 6.4 6.4 12.8 12.8 12.8zM496 400H48V80c0-8.84-7.16-16-16-16H16C7.16 64 0 71.16 0 80v336c0 17.67 14.33 32 32 32h464c8.84 0 16-7.16 16-16v-16c0-8.84-7.16-16-16-16zm-387.2-48h22.4c6.4 0 12.8-6.4 12.8-12.8v-70.4c0-6.4-6.4-12.8-12.8-12.8h-22.4c-6.4 0-12.8 6.4-12.8 12.8v70.4c0 6.4 6.4 12.8 12.8 12.8z\" class=\"\"><\/path><\/svg><\/i> <img loading=\"lazy\" decoding=\"async\" width=\"16\" height=\"16\" alt=\"Loading\" src=\"https:\/\/temucotelevision.cl\/web\/wp-content\/plugins\/page-views-count\/ajax-loader-2x.gif\" border=0 \/><\/p>\n<div class=\"pvc_clear\"><\/div>\n<p>No es un recurso nuevo, pero se usa poco. Las empresas y reclutadores las usan cada vez m\u00e1s, pero los<\/p>\n","protected":false},"author":1,"featured_media":55710,"comment_status":"open","ping_status":"open","sticky":false,"template":"","format":"standard","meta":{"colormag_page_container_layout":"default_layout","colormag_page_sidebar_layout":"default_layout","footnotes":""},"categories":[6973],"tags":[1466],"class_list":["post-55709","post","type-post","status-publish","format-standard","has-post-thumbnail","hentry","category-tecnologia","tag-redes"],"a3_pvc":{"activated":true,"total_views":1147,"today_views":0},"_links":{"self":[{"href":"https:\/\/temucotelevision.cl\/web\/wp-json\/wp\/v2\/posts\/55709","targetHints":{"allow":["GET"]}}],"collection":[{"href":"https:\/\/temucotelevision.cl\/web\/wp-json\/wp\/v2\/posts"}],"about":[{"href":"https:\/\/temucotelevision.cl\/web\/wp-json\/wp\/v2\/types\/post"}],"author":[{"embeddable":true,"href":"https:\/\/temucotelevision.cl\/web\/wp-json\/wp\/v2\/users\/1"}],"replies":[{"embeddable":true,"href":"https:\/\/temucotelevision.cl\/web\/wp-json\/wp\/v2\/comments?post=55709"}],"version-history":[{"count":1,"href":"https:\/\/temucotelevision.cl\/web\/wp-json\/wp\/v2\/posts\/55709\/revisions"}],"predecessor-version":[{"id":55711,"href":"https:\/\/temucotelevision.cl\/web\/wp-json\/wp\/v2\/posts\/55709\/revisions\/55711"}],"wp:featuredmedia":[{"embeddable":true,"href":"https:\/\/temucotelevision.cl\/web\/wp-json\/wp\/v2\/media\/55710"}],"wp:attachment":[{"href":"https:\/\/temucotelevision.cl\/web\/wp-json\/wp\/v2\/media?parent=55709"}],"wp:term":[{"taxonomy":"category","embeddable":true,"href":"https:\/\/temucotelevision.cl\/web\/wp-json\/wp\/v2\/categories?post=55709"},{"taxonomy":"post_tag","embeddable":true,"href":"https:\/\/temucotelevision.cl\/web\/wp-json\/wp\/v2\/tags?post=55709"}],"curies":[{"name":"wp","href":"https:\/\/api.w.org\/{rel}","templated":true}]}}