{"id":55706,"date":"2025-03-31T10:26:59","date_gmt":"2025-03-31T13:26:59","guid":{"rendered":"https:\/\/temucotelevision.cl\/web\/?p=55706"},"modified":"2025-03-31T10:27:03","modified_gmt":"2025-03-31T13:27:03","slug":"diputado-schubert-critica-a-senador-kast-y-la-crisis-en-chile-vamos-que-reconozca-que-perdio-y-siga-trabajando-por-los-chilenos","status":"publish","type":"post","link":"https:\/\/temucotelevision.cl\/web\/2025\/03\/31\/diputado-schubert-critica-a-senador-kast-y-la-crisis-en-chile-vamos-que-reconozca-que-perdio-y-siga-trabajando-por-los-chilenos\/","title":{"rendered":"Diputado Schubert critica a senador Kast y la crisis en Chile Vamos: \u201cQue reconozca que perdi\u00f3 y siga trabajando por los chilenos\u201d"},"content":{"rendered":"<div class=\"pvc_clear\"><\/div><p id=\"pvc_stats_55706\" class=\"pvc_stats total_only  \" data-element-id=\"55706\" style=\"\"><i class=\"pvc-stats-icon large\" aria-hidden=\"true\"><svg aria-hidden=\"true\" focusable=\"false\" data-prefix=\"far\" data-icon=\"chart-bar\" role=\"img\" xmlns=\"http:\/\/www.w3.org\/2000\/svg\" viewBox=\"0 0 512 512\" class=\"svg-inline--fa fa-chart-bar fa-w-16 fa-2x\"><path fill=\"currentColor\" d=\"M396.8 352h22.4c6.4 0 12.8-6.4 12.8-12.8V108.8c0-6.4-6.4-12.8-12.8-12.8h-22.4c-6.4 0-12.8 6.4-12.8 12.8v230.4c0 6.4 6.4 12.8 12.8 12.8zm-192 0h22.4c6.4 0 12.8-6.4 12.8-12.8V140.8c0-6.4-6.4-12.8-12.8-12.8h-22.4c-6.4 0-12.8 6.4-12.8 12.8v198.4c0 6.4 6.4 12.8 12.8 12.8zm96 0h22.4c6.4 0 12.8-6.4 12.8-12.8V204.8c0-6.4-6.4-12.8-12.8-12.8h-22.4c-6.4 0-12.8 6.4-12.8 12.8v134.4c0 6.4 6.4 12.8 12.8 12.8zM496 400H48V80c0-8.84-7.16-16-16-16H16C7.16 64 0 71.16 0 80v336c0 17.67 14.33 32 32 32h464c8.84 0 16-7.16 16-16v-16c0-8.84-7.16-16-16-16zm-387.2-48h22.4c6.4 0 12.8-6.4 12.8-12.8v-70.4c0-6.4-6.4-12.8-12.8-12.8h-22.4c-6.4 0-12.8 6.4-12.8 12.8v70.4c0 6.4 6.4 12.8 12.8 12.8z\" class=\"\"><\/path><\/svg><\/i> <img loading=\"lazy\" decoding=\"async\" width=\"16\" height=\"16\" alt=\"Loading\" src=\"https:\/\/temucotelevision.cl\/web\/wp-content\/plugins\/page-views-count\/ajax-loader-2x.gif\" border=0 \/><\/p><div class=\"pvc_clear\"><\/div>\n<p>\uf0fc El diputado republicano acusa una crisis interna en Chile Vamos, critica las declaraciones de Felipe Kast y defiende la labor de la senadora Aravena en el Senado.<\/p>\n\n\n\n<p>En medio de la controversia por la elecci\u00f3n de la nueva presidencia del Senado, el diputado Stephan Schubert arremeti\u00f3 contra el senador Felipe Kast, se\u00f1alando que Chile Vamos ha ofrecido un \u201ctriste espect\u00e1culo\u201d y evidenciado fracturas internas en Chile Vamos.<\/p>\n\n\n\n<p>\u201cLa elecci\u00f3n dej\u00f3 en claro que hay un problema profundo dentro de Chile Vamos\u201d, afirm\u00f3 Schubert, quien adem\u00e1s, rechaz\u00f3 las acusaciones de Felipe Kast contra el Partido Republicano, expresando de paso que su papel en la votaci\u00f3n fue m\u00ednimo. \u201cEl senador Kast ahora culpa extra\u00f1amente al Partido Republicano, cuando en realidad ellos no lograron llegar a un acuerdo interno. El Partido Republicano representa solo un voto, y \u00e9l perdi\u00f3 por mucho m\u00e1s de un voto\u201d, enfatiz\u00f3.<\/p>\n\n\n\n<p>Schubert tambi\u00e9n defendi\u00f3 a la senadora Carmen Aravena, quien ha sido cuestionada en el marco de esta pol\u00e9mica. \u201cEspero m\u00e1s caballerosidad de parte del senador para con una mujer que ha hecho un excelente trabajo en el Senado. Eso es lo realmente importante\u201d, sostuvo.<\/p>\n\n\n\n<p>Finalmente, el legislador inst\u00f3 a Felipe Kast a aceptar el resultado de la elecci\u00f3n y enfocarse en las prioridades del pa\u00eds. \u201cEspero, de parte del senador Kast, una conducta de caballero como \u00e9l es, que reconozca que perdi\u00f3, que d\u00e9 vuelta la p\u00e1gina y que siga trabajando por los chilenos\u201d, sentenci\u00f3.<\/p>\n","protected":false},"excerpt":{"rendered":"<div class=\"pvc_clear\"><\/div>\n<p id=\"pvc_stats_55706\" class=\"pvc_stats total_only  \" data-element-id=\"55706\" style=\"\"><i class=\"pvc-stats-icon large\" aria-hidden=\"true\"><svg aria-hidden=\"true\" focusable=\"false\" data-prefix=\"far\" data-icon=\"chart-bar\" role=\"img\" xmlns=\"http:\/\/www.w3.org\/2000\/svg\" viewBox=\"0 0 512 512\" class=\"svg-inline--fa fa-chart-bar fa-w-16 fa-2x\"><path fill=\"currentColor\" d=\"M396.8 352h22.4c6.4 0 12.8-6.4 12.8-12.8V108.8c0-6.4-6.4-12.8-12.8-12.8h-22.4c-6.4 0-12.8 6.4-12.8 12.8v230.4c0 6.4 6.4 12.8 12.8 12.8zm-192 0h22.4c6.4 0 12.8-6.4 12.8-12.8V140.8c0-6.4-6.4-12.8-12.8-12.8h-22.4c-6.4 0-12.8 6.4-12.8 12.8v198.4c0 6.4 6.4 12.8 12.8 12.8zm96 0h22.4c6.4 0 12.8-6.4 12.8-12.8V204.8c0-6.4-6.4-12.8-12.8-12.8h-22.4c-6.4 0-12.8 6.4-12.8 12.8v134.4c0 6.4 6.4 12.8 12.8 12.8zM496 400H48V80c0-8.84-7.16-16-16-16H16C7.16 64 0 71.16 0 80v336c0 17.67 14.33 32 32 32h464c8.84 0 16-7.16 16-16v-16c0-8.84-7.16-16-16-16zm-387.2-48h22.4c6.4 0 12.8-6.4 12.8-12.8v-70.4c0-6.4-6.4-12.8-12.8-12.8h-22.4c-6.4 0-12.8 6.4-12.8 12.8v70.4c0 6.4 6.4 12.8 12.8 12.8z\" class=\"\"><\/path><\/svg><\/i> <img loading=\"lazy\" decoding=\"async\" width=\"16\" height=\"16\" alt=\"Loading\" src=\"https:\/\/temucotelevision.cl\/web\/wp-content\/plugins\/page-views-count\/ajax-loader-2x.gif\" border=0 \/><\/p>\n<div class=\"pvc_clear\"><\/div>\n<p>\uf0fc El diputado republicano acusa una crisis interna en Chile Vamos, critica las declaraciones de Felipe Kast y defiende la<\/p>\n","protected":false},"author":1,"featured_media":55707,"comment_status":"open","ping_status":"open","sticky":false,"template":"","format":"standard","meta":{"colormag_page_container_layout":"default_layout","colormag_page_sidebar_layout":"default_layout","footnotes":""},"categories":[84],"tags":[154],"class_list":["post-55706","post","type-post","status-publish","format-standard","has-post-thumbnail","hentry","category-politica","tag-diputado"],"a3_pvc":{"activated":true,"total_views":1075,"today_views":0},"_links":{"self":[{"href":"https:\/\/temucotelevision.cl\/web\/wp-json\/wp\/v2\/posts\/55706","targetHints":{"allow":["GET"]}}],"collection":[{"href":"https:\/\/temucotelevision.cl\/web\/wp-json\/wp\/v2\/posts"}],"about":[{"href":"https:\/\/temucotelevision.cl\/web\/wp-json\/wp\/v2\/types\/post"}],"author":[{"embeddable":true,"href":"https:\/\/temucotelevision.cl\/web\/wp-json\/wp\/v2\/users\/1"}],"replies":[{"embeddable":true,"href":"https:\/\/temucotelevision.cl\/web\/wp-json\/wp\/v2\/comments?post=55706"}],"version-history":[{"count":1,"href":"https:\/\/temucotelevision.cl\/web\/wp-json\/wp\/v2\/posts\/55706\/revisions"}],"predecessor-version":[{"id":55708,"href":"https:\/\/temucotelevision.cl\/web\/wp-json\/wp\/v2\/posts\/55706\/revisions\/55708"}],"wp:featuredmedia":[{"embeddable":true,"href":"https:\/\/temucotelevision.cl\/web\/wp-json\/wp\/v2\/media\/55707"}],"wp:attachment":[{"href":"https:\/\/temucotelevision.cl\/web\/wp-json\/wp\/v2\/media?parent=55706"}],"wp:term":[{"taxonomy":"category","embeddable":true,"href":"https:\/\/temucotelevision.cl\/web\/wp-json\/wp\/v2\/categories?post=55706"},{"taxonomy":"post_tag","embeddable":true,"href":"https:\/\/temucotelevision.cl\/web\/wp-json\/wp\/v2\/tags?post=55706"}],"curies":[{"name":"wp","href":"https:\/\/api.w.org\/{rel}","templated":true}]}}