{"id":55703,"date":"2025-03-30T15:56:41","date_gmt":"2025-03-30T18:56:41","guid":{"rendered":"https:\/\/temucotelevision.cl\/web\/?p=55703"},"modified":"2025-03-30T15:56:42","modified_gmt":"2025-03-30T18:56:42","slug":"partido-socialista-renueva-su-mesa-regional-en-la-araucania-con-enfoque-unitario","status":"publish","type":"post","link":"https:\/\/temucotelevision.cl\/web\/2025\/03\/30\/partido-socialista-renueva-su-mesa-regional-en-la-araucania-con-enfoque-unitario\/","title":{"rendered":"Partido Socialista renueva su mesa regional en La Araucan\u00eda con enfoque unitario"},"content":{"rendered":"<div class=\"pvc_clear\"><\/div><p id=\"pvc_stats_55703\" class=\"pvc_stats total_only  \" data-element-id=\"55703\" style=\"\"><i class=\"pvc-stats-icon large\" aria-hidden=\"true\"><svg aria-hidden=\"true\" focusable=\"false\" data-prefix=\"far\" data-icon=\"chart-bar\" role=\"img\" xmlns=\"http:\/\/www.w3.org\/2000\/svg\" viewBox=\"0 0 512 512\" class=\"svg-inline--fa fa-chart-bar fa-w-16 fa-2x\"><path fill=\"currentColor\" d=\"M396.8 352h22.4c6.4 0 12.8-6.4 12.8-12.8V108.8c0-6.4-6.4-12.8-12.8-12.8h-22.4c-6.4 0-12.8 6.4-12.8 12.8v230.4c0 6.4 6.4 12.8 12.8 12.8zm-192 0h22.4c6.4 0 12.8-6.4 12.8-12.8V140.8c0-6.4-6.4-12.8-12.8-12.8h-22.4c-6.4 0-12.8 6.4-12.8 12.8v198.4c0 6.4 6.4 12.8 12.8 12.8zm96 0h22.4c6.4 0 12.8-6.4 12.8-12.8V204.8c0-6.4-6.4-12.8-12.8-12.8h-22.4c-6.4 0-12.8 6.4-12.8 12.8v134.4c0 6.4 6.4 12.8 12.8 12.8zM496 400H48V80c0-8.84-7.16-16-16-16H16C7.16 64 0 71.16 0 80v336c0 17.67 14.33 32 32 32h464c8.84 0 16-7.16 16-16v-16c0-8.84-7.16-16-16-16zm-387.2-48h22.4c6.4 0 12.8-6.4 12.8-12.8v-70.4c0-6.4-6.4-12.8-12.8-12.8h-22.4c-6.4 0-12.8 6.4-12.8 12.8v70.4c0 6.4 6.4 12.8 12.8 12.8z\" class=\"\"><\/path><\/svg><\/i> <img loading=\"lazy\" decoding=\"async\" width=\"16\" height=\"16\" alt=\"Loading\" src=\"https:\/\/temucotelevision.cl\/web\/wp-content\/plugins\/page-views-count\/ajax-loader-2x.gif\" border=0 \/><\/p><div class=\"pvc_clear\"><\/div>\n<p>El socialismo es una fuerza trasformadora que tiene mucho que aportar para superar las inequidades territoriales e injusticias sociales que lamentablemente a\u00fan persisten en La Araucan\u00eda.<\/p>\n\n\n\n<p>Este s\u00e1bado 29 de Marzo el Partido Socialista conform\u00f3 su mesa regional sin rupturas de g\u00e9nero, edad o representaci\u00f3n de Malleco y Caut\u00edn. La presidencia ser\u00e1 conducida por Guido Venegas, hist\u00f3rico militante; en la Secretaria Pol\u00edtica la ex intendenta Nora Barrientos; la vicepresidenta de la Mujer a cargo de Carmen Laporte, y adem\u00e1s se integran Richard Quintana, Carla Garrido, Patricio Garrido, Guido Conejeros y la secretaria electoral a cargo de Mar\u00eda Ignacia Hermosilla.<\/p>\n\n\n\n<p>Venimos a fortalecer la democracia, a defender los derechos adquiridos tras a\u00f1os de lucha, en los gobiernos donde hemos sido parte y en especial en ambos liderados por nuestra querida Presidenta M. Bachelet. Miramos el futuro con optimismo, creyendo firmemente en la Unidad de Prop\u00f3sitos y en la convicci\u00f3n de la Sabidur\u00eda del Pueblo Chileno que construye su propia historia, teniendo la solidaridad al centro de sus convicciones y con la certeza de que el individualismo, la mercantilizaci\u00f3n de la vida y el negacionismo nunca ser\u00e1n el camino para construir verdaderamente un espacio donde vivir en plenitud. La ruralidad de nuestra regi\u00f3n y su campesinado, las demandas del pueblo Mapuche, el envejecimiento poblacional y las amplias y diversas expresiones de la juventud, ser\u00e1n parte de nuestros desaf\u00edos de cara a las organizaciones sociales.<\/p>\n\n\n\n<p>Comprometidos con el Gobierno del Presidente Boric, pero por sobre todo con los hombres y mujeres sencillos de nuestra querida regi\u00f3n, impulsaremos la construcci\u00f3n de una amplia mayor\u00eda que se haga cargo de las necesidades que tenemos el deber moral de canalizar durante los pr\u00f3ximos a\u00f1os.<\/p>\n","protected":false},"excerpt":{"rendered":"<div class=\"pvc_clear\"><\/div>\n<p id=\"pvc_stats_55703\" class=\"pvc_stats total_only  \" data-element-id=\"55703\" style=\"\"><i class=\"pvc-stats-icon large\" aria-hidden=\"true\"><svg aria-hidden=\"true\" focusable=\"false\" data-prefix=\"far\" data-icon=\"chart-bar\" role=\"img\" xmlns=\"http:\/\/www.w3.org\/2000\/svg\" viewBox=\"0 0 512 512\" class=\"svg-inline--fa fa-chart-bar fa-w-16 fa-2x\"><path fill=\"currentColor\" d=\"M396.8 352h22.4c6.4 0 12.8-6.4 12.8-12.8V108.8c0-6.4-6.4-12.8-12.8-12.8h-22.4c-6.4 0-12.8 6.4-12.8 12.8v230.4c0 6.4 6.4 12.8 12.8 12.8zm-192 0h22.4c6.4 0 12.8-6.4 12.8-12.8V140.8c0-6.4-6.4-12.8-12.8-12.8h-22.4c-6.4 0-12.8 6.4-12.8 12.8v198.4c0 6.4 6.4 12.8 12.8 12.8zm96 0h22.4c6.4 0 12.8-6.4 12.8-12.8V204.8c0-6.4-6.4-12.8-12.8-12.8h-22.4c-6.4 0-12.8 6.4-12.8 12.8v134.4c0 6.4 6.4 12.8 12.8 12.8zM496 400H48V80c0-8.84-7.16-16-16-16H16C7.16 64 0 71.16 0 80v336c0 17.67 14.33 32 32 32h464c8.84 0 16-7.16 16-16v-16c0-8.84-7.16-16-16-16zm-387.2-48h22.4c6.4 0 12.8-6.4 12.8-12.8v-70.4c0-6.4-6.4-12.8-12.8-12.8h-22.4c-6.4 0-12.8 6.4-12.8 12.8v70.4c0 6.4 6.4 12.8 12.8 12.8z\" class=\"\"><\/path><\/svg><\/i> <img loading=\"lazy\" decoding=\"async\" width=\"16\" height=\"16\" alt=\"Loading\" src=\"https:\/\/temucotelevision.cl\/web\/wp-content\/plugins\/page-views-count\/ajax-loader-2x.gif\" border=0 \/><\/p>\n<div class=\"pvc_clear\"><\/div>\n<p>El socialismo es una fuerza trasformadora que tiene mucho que aportar para superar las inequidades territoriales e injusticias sociales que<\/p>\n","protected":false},"author":1,"featured_media":55704,"comment_status":"open","ping_status":"open","sticky":false,"template":"","format":"standard","meta":{"colormag_page_container_layout":"default_layout","colormag_page_sidebar_layout":"default_layout","footnotes":""},"categories":[84],"tags":[1724],"class_list":["post-55703","post","type-post","status-publish","format-standard","has-post-thumbnail","hentry","category-politica","tag-partido"],"a3_pvc":{"activated":true,"total_views":1015,"today_views":1},"_links":{"self":[{"href":"https:\/\/temucotelevision.cl\/web\/wp-json\/wp\/v2\/posts\/55703","targetHints":{"allow":["GET"]}}],"collection":[{"href":"https:\/\/temucotelevision.cl\/web\/wp-json\/wp\/v2\/posts"}],"about":[{"href":"https:\/\/temucotelevision.cl\/web\/wp-json\/wp\/v2\/types\/post"}],"author":[{"embeddable":true,"href":"https:\/\/temucotelevision.cl\/web\/wp-json\/wp\/v2\/users\/1"}],"replies":[{"embeddable":true,"href":"https:\/\/temucotelevision.cl\/web\/wp-json\/wp\/v2\/comments?post=55703"}],"version-history":[{"count":1,"href":"https:\/\/temucotelevision.cl\/web\/wp-json\/wp\/v2\/posts\/55703\/revisions"}],"predecessor-version":[{"id":55705,"href":"https:\/\/temucotelevision.cl\/web\/wp-json\/wp\/v2\/posts\/55703\/revisions\/55705"}],"wp:featuredmedia":[{"embeddable":true,"href":"https:\/\/temucotelevision.cl\/web\/wp-json\/wp\/v2\/media\/55704"}],"wp:attachment":[{"href":"https:\/\/temucotelevision.cl\/web\/wp-json\/wp\/v2\/media?parent=55703"}],"wp:term":[{"taxonomy":"category","embeddable":true,"href":"https:\/\/temucotelevision.cl\/web\/wp-json\/wp\/v2\/categories?post=55703"},{"taxonomy":"post_tag","embeddable":true,"href":"https:\/\/temucotelevision.cl\/web\/wp-json\/wp\/v2\/tags?post=55703"}],"curies":[{"name":"wp","href":"https:\/\/api.w.org\/{rel}","templated":true}]}}