{"id":55700,"date":"2025-03-30T15:53:38","date_gmt":"2025-03-30T18:53:38","guid":{"rendered":"https:\/\/temucotelevision.cl\/web\/?p=55700"},"modified":"2025-03-30T15:53:39","modified_gmt":"2025-03-30T18:53:39","slug":"exito-total-de-cats-el-musical-en-el-teatro-municipal-de-temuco","status":"publish","type":"post","link":"https:\/\/temucotelevision.cl\/web\/2025\/03\/30\/exito-total-de-cats-el-musical-en-el-teatro-municipal-de-temuco\/","title":{"rendered":"\u00c9xito total de &#8220;Cats, el Musical&#8221; en el Teatro Municipal de Temuco"},"content":{"rendered":"<div class=\"pvc_clear\"><\/div><p id=\"pvc_stats_55700\" class=\"pvc_stats total_only  \" data-element-id=\"55700\" style=\"\"><i class=\"pvc-stats-icon large\" aria-hidden=\"true\"><svg aria-hidden=\"true\" focusable=\"false\" data-prefix=\"far\" data-icon=\"chart-bar\" role=\"img\" xmlns=\"http:\/\/www.w3.org\/2000\/svg\" viewBox=\"0 0 512 512\" class=\"svg-inline--fa fa-chart-bar fa-w-16 fa-2x\"><path fill=\"currentColor\" d=\"M396.8 352h22.4c6.4 0 12.8-6.4 12.8-12.8V108.8c0-6.4-6.4-12.8-12.8-12.8h-22.4c-6.4 0-12.8 6.4-12.8 12.8v230.4c0 6.4 6.4 12.8 12.8 12.8zm-192 0h22.4c6.4 0 12.8-6.4 12.8-12.8V140.8c0-6.4-6.4-12.8-12.8-12.8h-22.4c-6.4 0-12.8 6.4-12.8 12.8v198.4c0 6.4 6.4 12.8 12.8 12.8zm96 0h22.4c6.4 0 12.8-6.4 12.8-12.8V204.8c0-6.4-6.4-12.8-12.8-12.8h-22.4c-6.4 0-12.8 6.4-12.8 12.8v134.4c0 6.4 6.4 12.8 12.8 12.8zM496 400H48V80c0-8.84-7.16-16-16-16H16C7.16 64 0 71.16 0 80v336c0 17.67 14.33 32 32 32h464c8.84 0 16-7.16 16-16v-16c0-8.84-7.16-16-16-16zm-387.2-48h22.4c6.4 0 12.8-6.4 12.8-12.8v-70.4c0-6.4-6.4-12.8-12.8-12.8h-22.4c-6.4 0-12.8 6.4-12.8 12.8v70.4c0 6.4 6.4 12.8 12.8 12.8z\" class=\"\"><\/path><\/svg><\/i> <img loading=\"lazy\" decoding=\"async\" width=\"16\" height=\"16\" alt=\"Loading\" src=\"https:\/\/temucotelevision.cl\/web\/wp-content\/plugins\/page-views-count\/ajax-loader-2x.gif\" border=0 \/><\/p><div class=\"pvc_clear\"><\/div>\n<p>\u00b7&nbsp;&nbsp;&nbsp;&nbsp;&nbsp;&nbsp;&nbsp;&nbsp;&nbsp;&nbsp;<em>Por primera vez en Chile, un teatro regional incorpora un musical de talla mundial a su temporada oficial, marcando un hito en la gesti\u00f3n cultural.<\/em><\/p>\n\n\n\n<p>Temuco vivi\u00f3 una noche inolvidable con la exitosa presentaci\u00f3n de \u201cCats, el Musical\u201d en el Teatro Municipal &#8220;Camilo Salvo&#8221;. M\u00e1s de mil personas asistieron a este espect\u00e1culo de fama mundial, disfrutando de una puesta en escena de alto nivel que maravill\u00f3 a familias, ni\u00f1os y amantes del teatro musical.<\/p>\n\n\n\n<p>Con m\u00e1s de 30 personas en escena, entre actores, bailarines, m\u00fasicos y equipo t\u00e9cnico, la producci\u00f3n destacada por su vestuario y maquillaje original, un elenco de primer nivel y una orquesta en vivo que brind\u00f3 una experiencia inigualable. Entre los momentos m\u00e1s aplaudidos de la noche estuvo la interpretaci\u00f3n de &#8220;Memory&#8221; a cargo de la reconocida cantante nacional Carolina Soto, quien emocion\u00f3 al p\u00fablico con su poderosa voz.&nbsp;<em>&#8220;Creo que es muy importante traer cultura a las ciudades, y la Corporaci\u00f3n Cultural hizo un gran esfuerzo para que la gente pudiera disfrutar de este musical a un precio m\u00e1s accesible&#8221;,<\/em>&nbsp;expres\u00f3 la artista.<\/p>\n\n\n\n<p>La llegada de&nbsp;Cats&nbsp;a Temuco fue posible gracias a una gesti\u00f3n in\u00e9dita de la Corporaci\u00f3n Cultural de Temuco, permitiendo que el espect\u00e1culo se presente con tarifas accesibles para el p\u00fablico local.&nbsp;<em>&#8220;Esta es la primera vez que un musical de esta magnitud es adquirido directamente por una regi\u00f3n. Normalmente, son las productoras las que llegan a los teatros, los arriendan y trabajan de forma independiente. Pero en este caso, la Corporaci\u00f3n Cultural de Temuco hizo un tremendo esfuerzo por traer un musical de la envergadura de&nbsp;Cats, marcando un hito en la historia del teatro regional y estableciendo un modelo de c\u00f3mo se deben hacer las cosas para fortalecer la cultura&#8221;,<\/em>destac\u00f3 Luis Fierro, productor del espect\u00e1culo.<\/p>\n\n\n\n<p>\u00a1Bajo la direcci\u00f3n art\u00edstica de Eduardo Yedro, reconocido por su trabajo en Mamma Mia! y Billy Elliot, y la direcci\u00f3n orquestal de Javier Herrera,&nbsp;Cats&nbsp;cautiv\u00f3 con su energ\u00eda, coreograf\u00edas precisas y una interpretaci\u00f3n impecable del cl\u00e1sico de Andrew Lloyd Webber. La producci\u00f3n, en colaboraci\u00f3n con The Really Useful Group de Londres y Luis Fierro Producciones, asegur\u00f3 un espect\u00e1culo fiel a su versi\u00f3n original.<\/p>\n\n\n\n<p>El compromiso con la excelencia se refleja en cada detalle de la presentaci\u00f3n, desde las interpretaciones vocales hasta la impresionante escenograf\u00eda. La adaptaci\u00f3n al espa\u00f1ol permiti\u00f3 que el p\u00fablico se sumergiera en la magia del musical, consolidando a&nbsp;Cats&nbsp;como un hito cultural en Temuco.<\/p>\n\n\n\n<p>La ovaci\u00f3n final fue un reflejo del entusiasmo del p\u00fablico, que se despidi\u00f3 con la certeza de haber sido testigo de un evento teatral sin precedentes en la regi\u00f3n.&nbsp;<em>&#8220;Estamos muy orgullosos de haber tra\u00eddo este tremendo espect\u00e1culo. Hicimos todos los esfuerzos para contar con un musical de nivel internacional en nuestro teatro, y en conjunto con el Municipio de Temuco, trabajamos para facilitar el acceso de la comunidad con entradas accesibles para que nadie quede fuera. Con este evento marcamos el hito de lanzamiento de la temporada 2025 del TMT&#8221;,<\/em>afirm\u00f3 Carolina Castillo, Directora del Teatro Municipal de Temuco y Gerente de la Corporaci\u00f3n Cultural.<\/p>\n\n\n\n<p>Con este evento, el Teatro Municipal de Temuco reafirm\u00f3 su compromiso con la difusi\u00f3n de espect\u00e1culos de calidad internacional, abriendo su temporada 2025 con un montaje que qued\u00f3 en la memoria de todos los asistentes.<\/p>\n","protected":false},"excerpt":{"rendered":"<div class=\"pvc_clear\"><\/div>\n<p id=\"pvc_stats_55700\" class=\"pvc_stats total_only  \" data-element-id=\"55700\" style=\"\"><i class=\"pvc-stats-icon large\" aria-hidden=\"true\"><svg aria-hidden=\"true\" focusable=\"false\" data-prefix=\"far\" data-icon=\"chart-bar\" role=\"img\" xmlns=\"http:\/\/www.w3.org\/2000\/svg\" viewBox=\"0 0 512 512\" class=\"svg-inline--fa fa-chart-bar fa-w-16 fa-2x\"><path fill=\"currentColor\" d=\"M396.8 352h22.4c6.4 0 12.8-6.4 12.8-12.8V108.8c0-6.4-6.4-12.8-12.8-12.8h-22.4c-6.4 0-12.8 6.4-12.8 12.8v230.4c0 6.4 6.4 12.8 12.8 12.8zm-192 0h22.4c6.4 0 12.8-6.4 12.8-12.8V140.8c0-6.4-6.4-12.8-12.8-12.8h-22.4c-6.4 0-12.8 6.4-12.8 12.8v198.4c0 6.4 6.4 12.8 12.8 12.8zm96 0h22.4c6.4 0 12.8-6.4 12.8-12.8V204.8c0-6.4-6.4-12.8-12.8-12.8h-22.4c-6.4 0-12.8 6.4-12.8 12.8v134.4c0 6.4 6.4 12.8 12.8 12.8zM496 400H48V80c0-8.84-7.16-16-16-16H16C7.16 64 0 71.16 0 80v336c0 17.67 14.33 32 32 32h464c8.84 0 16-7.16 16-16v-16c0-8.84-7.16-16-16-16zm-387.2-48h22.4c6.4 0 12.8-6.4 12.8-12.8v-70.4c0-6.4-6.4-12.8-12.8-12.8h-22.4c-6.4 0-12.8 6.4-12.8 12.8v70.4c0 6.4 6.4 12.8 12.8 12.8z\" class=\"\"><\/path><\/svg><\/i> <img loading=\"lazy\" decoding=\"async\" width=\"16\" height=\"16\" alt=\"Loading\" src=\"https:\/\/temucotelevision.cl\/web\/wp-content\/plugins\/page-views-count\/ajax-loader-2x.gif\" border=0 \/><\/p>\n<div class=\"pvc_clear\"><\/div>\n<p>\u00b7&nbsp;&nbsp;&nbsp;&nbsp;&nbsp;&nbsp;&nbsp;&nbsp;&nbsp;&nbsp;Por primera vez en Chile, un teatro regional incorpora un musical de talla mundial a su temporada oficial, marcando un<\/p>\n","protected":false},"author":1,"featured_media":55701,"comment_status":"open","ping_status":"open","sticky":false,"template":"","format":"standard","meta":{"colormag_page_container_layout":"default_layout","colormag_page_sidebar_layout":"default_layout","footnotes":""},"categories":[86],"tags":[7127],"class_list":["post-55700","post","type-post","status-publish","format-standard","has-post-thumbnail","hentry","category-panoramas","tag-cats"],"a3_pvc":{"activated":true,"total_views":4304,"today_views":0},"_links":{"self":[{"href":"https:\/\/temucotelevision.cl\/web\/wp-json\/wp\/v2\/posts\/55700","targetHints":{"allow":["GET"]}}],"collection":[{"href":"https:\/\/temucotelevision.cl\/web\/wp-json\/wp\/v2\/posts"}],"about":[{"href":"https:\/\/temucotelevision.cl\/web\/wp-json\/wp\/v2\/types\/post"}],"author":[{"embeddable":true,"href":"https:\/\/temucotelevision.cl\/web\/wp-json\/wp\/v2\/users\/1"}],"replies":[{"embeddable":true,"href":"https:\/\/temucotelevision.cl\/web\/wp-json\/wp\/v2\/comments?post=55700"}],"version-history":[{"count":1,"href":"https:\/\/temucotelevision.cl\/web\/wp-json\/wp\/v2\/posts\/55700\/revisions"}],"predecessor-version":[{"id":55702,"href":"https:\/\/temucotelevision.cl\/web\/wp-json\/wp\/v2\/posts\/55700\/revisions\/55702"}],"wp:featuredmedia":[{"embeddable":true,"href":"https:\/\/temucotelevision.cl\/web\/wp-json\/wp\/v2\/media\/55701"}],"wp:attachment":[{"href":"https:\/\/temucotelevision.cl\/web\/wp-json\/wp\/v2\/media?parent=55700"}],"wp:term":[{"taxonomy":"category","embeddable":true,"href":"https:\/\/temucotelevision.cl\/web\/wp-json\/wp\/v2\/categories?post=55700"},{"taxonomy":"post_tag","embeddable":true,"href":"https:\/\/temucotelevision.cl\/web\/wp-json\/wp\/v2\/tags?post=55700"}],"curies":[{"name":"wp","href":"https:\/\/api.w.org\/{rel}","templated":true}]}}