{"id":55695,"date":"2025-03-30T15:48:53","date_gmt":"2025-03-30T18:48:53","guid":{"rendered":"https:\/\/temucotelevision.cl\/web\/?p=55695"},"modified":"2025-03-30T15:48:53","modified_gmt":"2025-03-30T18:48:53","slug":"telecomunicaciones-y-ti-grupo-globalsat-presente-en-feria-tecnologica-organizada-por-el-ejercito-de-chile","status":"publish","type":"post","link":"https:\/\/temucotelevision.cl\/web\/2025\/03\/30\/telecomunicaciones-y-ti-grupo-globalsat-presente-en-feria-tecnologica-organizada-por-el-ejercito-de-chile\/","title":{"rendered":"Telecomunicaciones y TI: Grupo Globalsat presente en feria tecnol\u00f3gica organizada por el Ej\u00e9rcito de Chile"},"content":{"rendered":"<div class=\"pvc_clear\"><\/div><p id=\"pvc_stats_55695\" class=\"pvc_stats total_only  \" data-element-id=\"55695\" style=\"\"><i class=\"pvc-stats-icon large\" aria-hidden=\"true\"><svg aria-hidden=\"true\" focusable=\"false\" data-prefix=\"far\" data-icon=\"chart-bar\" role=\"img\" xmlns=\"http:\/\/www.w3.org\/2000\/svg\" viewBox=\"0 0 512 512\" class=\"svg-inline--fa fa-chart-bar fa-w-16 fa-2x\"><path fill=\"currentColor\" d=\"M396.8 352h22.4c6.4 0 12.8-6.4 12.8-12.8V108.8c0-6.4-6.4-12.8-12.8-12.8h-22.4c-6.4 0-12.8 6.4-12.8 12.8v230.4c0 6.4 6.4 12.8 12.8 12.8zm-192 0h22.4c6.4 0 12.8-6.4 12.8-12.8V140.8c0-6.4-6.4-12.8-12.8-12.8h-22.4c-6.4 0-12.8 6.4-12.8 12.8v198.4c0 6.4 6.4 12.8 12.8 12.8zm96 0h22.4c6.4 0 12.8-6.4 12.8-12.8V204.8c0-6.4-6.4-12.8-12.8-12.8h-22.4c-6.4 0-12.8 6.4-12.8 12.8v134.4c0 6.4 6.4 12.8 12.8 12.8zM496 400H48V80c0-8.84-7.16-16-16-16H16C7.16 64 0 71.16 0 80v336c0 17.67 14.33 32 32 32h464c8.84 0 16-7.16 16-16v-16c0-8.84-7.16-16-16-16zm-387.2-48h22.4c6.4 0 12.8-6.4 12.8-12.8v-70.4c0-6.4-6.4-12.8-12.8-12.8h-22.4c-6.4 0-12.8 6.4-12.8 12.8v70.4c0 6.4 6.4 12.8 12.8 12.8z\" class=\"\"><\/path><\/svg><\/i> <img loading=\"lazy\" decoding=\"async\" width=\"16\" height=\"16\" alt=\"Loading\" src=\"https:\/\/temucotelevision.cl\/web\/wp-content\/plugins\/page-views-count\/ajax-loader-2x.gif\" border=0 \/><\/p><div class=\"pvc_clear\"><\/div>\n<p>Con el prop\u00f3sito de dar a conocer las \u00faltimas tendencias y novedades de la industria satelital,\u00a0<a href=\"http:\/\/www.globalsat.com\/\" target=\"_blank\" rel=\"noreferrer noopener\"><strong>Globalsat Group<\/strong><\/a>\u00a0particip\u00f3 con un stand en la segunda edici\u00f3n de la Feria Tecnol\u00f3gica organizada por el Ej\u00e9rcito de Chile, cuyo foco se centr\u00f3 en las Telecomunicaciones y Tecnolog\u00edas de la Informaci\u00f3n.<\/p>\n\n\n\n<p>El evento se realiz\u00f3 los d\u00edas 19 y 20 de este mes en dependencias de la Divisi\u00f3n de Telecomunicaciones de la instituci\u00f3n castrense, ya ella asistieron las m\u00e1ximas autoridades del sector Defensa (Ej\u00e9rcito, Armada y Fuerza A\u00e9rea de Chile) junto con las fuerzas policiales (Carabineros y Polic\u00eda de Investigaciones) en su importante rol de vigilancia fronteriza y protecci\u00f3n de infraestructura cr\u00edtica.<\/p>\n\n\n\n<p>Tambi\u00e9n lo hicieron representantes de algunos organismos gubernamentales como el Servicio Nacional de Prevenci\u00f3n y Respuesta ante Desastres (SENAPRED) y de varias empresas privadas.<\/p>\n\n\n\n<p>\u201cComo l\u00edderes en soluciones y servicios de comunicaci\u00f3n satelital en Las Am\u00e9ricas, tuvimos la oportunidad de dar a conocer a los asistentes los \u00faltimos avances e innovaciones de la Industria Mundial de Telecomunicaciones\u201d, destac\u00f3 Oscar Moreira, country manager para Chile de&nbsp;<a href=\"http:\/\/www.globalsat.com\/\" target=\"_blank\" rel=\"noreferrer noopener\"><strong>Globalsat Group<\/strong><\/a>&nbsp;.<\/p>\n\n\n\n<p>El ejecutivo manifest\u00f3 que durante esos d\u00edas se exhibieron en el stand las soluciones que son tendencia en esta nueva era de la tecnolog\u00eda satelital y que est\u00e1n relacionadas con la conectividad multi \u00f3rbita; redes satelitales que se integran a la conectividad celular, wearables, soluciones IoT para sistemas m\u00f3viles y fijos; conectividad para NB-IoT; conectividad h\u00edbrida &#8211; sat\u00e9lite \/ LTE \/ 5G; y todas las soluciones de voz, datos y Push To Talk ampliamente aceptadas y adoptadas por los usuarios finales en Chile, a la hora de tener soluciones confiables con continuidad operativa para mitigar el impacto de crisis o emergencias con conectividad alternativa.<\/p>\n\n\n\n<p><strong>Lectura de fotograf\u00eda:<\/strong>&nbsp;Parte del equipo de Globalsat Chile durante una de las jornadas del evento tecnol\u00f3gico.&nbsp;&nbsp;<\/p>\n\n\n\n<p><strong>Acerca de Globalsat Group LLC:<\/strong><strong><\/strong><\/p>\n\n\n\n<p>Globalsat Group es l\u00edder en servicios m\u00f3viles v\u00eda sat\u00e9lite (MSS) y otros servicios satelitales, proporcionando voz especializada, datos, M2M\/IoT, software y hardware en toda Am\u00e9rica desde 1999. La organizaci\u00f3n multinacional ofrece soluciones de telecomunicaciones v\u00eda sat\u00e9lite para millas de clientes, a trav\u00e9s de una estructura organizativa flexible, impulsada por una amplia y espec\u00edfica experiencia en M\u00faltiples mercados verticales como energ\u00eda, gobierno, defensa, medios de comunicaci\u00f3n, miner\u00eda, banca, agricultura, ONG y turismo.<\/p>\n\n\n\n<p>La mayor\u00eda de los clientes utilizan estos servicios en aplicaciones cr\u00edticas donde la vida o la infraestructura est\u00e1n en juego, bajo condiciones extremas o circunstancias excepcionales cuando o donde otras formas de conectividad no pueden operar de manera confiable o en absoluto.<\/p>\n\n\n\n<p>Globalsat Group se compromete a aprovechar la tecnolog\u00eda satelital para abordar desaf\u00edos sociales y ambientales, y promover el desarrollo sostenible, como lo demuestra su reciente premio MSUA Satellite Mobility Innovation Award en la categor\u00eda de Medio Ambiente, Social, Gobernanza (ESG) e Innovaci\u00f3n de Impacto.<\/p>\n","protected":false},"excerpt":{"rendered":"<div class=\"pvc_clear\"><\/div>\n<p id=\"pvc_stats_55695\" class=\"pvc_stats total_only  \" data-element-id=\"55695\" style=\"\"><i class=\"pvc-stats-icon large\" aria-hidden=\"true\"><svg aria-hidden=\"true\" focusable=\"false\" data-prefix=\"far\" data-icon=\"chart-bar\" role=\"img\" xmlns=\"http:\/\/www.w3.org\/2000\/svg\" viewBox=\"0 0 512 512\" class=\"svg-inline--fa fa-chart-bar fa-w-16 fa-2x\"><path fill=\"currentColor\" d=\"M396.8 352h22.4c6.4 0 12.8-6.4 12.8-12.8V108.8c0-6.4-6.4-12.8-12.8-12.8h-22.4c-6.4 0-12.8 6.4-12.8 12.8v230.4c0 6.4 6.4 12.8 12.8 12.8zm-192 0h22.4c6.4 0 12.8-6.4 12.8-12.8V140.8c0-6.4-6.4-12.8-12.8-12.8h-22.4c-6.4 0-12.8 6.4-12.8 12.8v198.4c0 6.4 6.4 12.8 12.8 12.8zm96 0h22.4c6.4 0 12.8-6.4 12.8-12.8V204.8c0-6.4-6.4-12.8-12.8-12.8h-22.4c-6.4 0-12.8 6.4-12.8 12.8v134.4c0 6.4 6.4 12.8 12.8 12.8zM496 400H48V80c0-8.84-7.16-16-16-16H16C7.16 64 0 71.16 0 80v336c0 17.67 14.33 32 32 32h464c8.84 0 16-7.16 16-16v-16c0-8.84-7.16-16-16-16zm-387.2-48h22.4c6.4 0 12.8-6.4 12.8-12.8v-70.4c0-6.4-6.4-12.8-12.8-12.8h-22.4c-6.4 0-12.8 6.4-12.8 12.8v70.4c0 6.4 6.4 12.8 12.8 12.8z\" class=\"\"><\/path><\/svg><\/i> <img loading=\"lazy\" decoding=\"async\" width=\"16\" height=\"16\" alt=\"Loading\" src=\"https:\/\/temucotelevision.cl\/web\/wp-content\/plugins\/page-views-count\/ajax-loader-2x.gif\" border=0 \/><\/p>\n<div class=\"pvc_clear\"><\/div>\n<p>Con el prop\u00f3sito de dar a conocer las \u00faltimas tendencias y novedades de la industria satelital,\u00a0Globalsat Group\u00a0particip\u00f3 con un stand<\/p>\n","protected":false},"author":1,"featured_media":55696,"comment_status":"open","ping_status":"open","sticky":false,"template":"","format":"standard","meta":{"colormag_page_container_layout":"default_layout","colormag_page_sidebar_layout":"default_layout","footnotes":""},"categories":[6973],"tags":[718],"class_list":["post-55695","post","type-post","status-publish","format-standard","has-post-thumbnail","hentry","category-tecnologia","tag-ejercito"],"a3_pvc":{"activated":true,"total_views":1670,"today_views":0},"_links":{"self":[{"href":"https:\/\/temucotelevision.cl\/web\/wp-json\/wp\/v2\/posts\/55695","targetHints":{"allow":["GET"]}}],"collection":[{"href":"https:\/\/temucotelevision.cl\/web\/wp-json\/wp\/v2\/posts"}],"about":[{"href":"https:\/\/temucotelevision.cl\/web\/wp-json\/wp\/v2\/types\/post"}],"author":[{"embeddable":true,"href":"https:\/\/temucotelevision.cl\/web\/wp-json\/wp\/v2\/users\/1"}],"replies":[{"embeddable":true,"href":"https:\/\/temucotelevision.cl\/web\/wp-json\/wp\/v2\/comments?post=55695"}],"version-history":[{"count":1,"href":"https:\/\/temucotelevision.cl\/web\/wp-json\/wp\/v2\/posts\/55695\/revisions"}],"predecessor-version":[{"id":55697,"href":"https:\/\/temucotelevision.cl\/web\/wp-json\/wp\/v2\/posts\/55695\/revisions\/55697"}],"wp:featuredmedia":[{"embeddable":true,"href":"https:\/\/temucotelevision.cl\/web\/wp-json\/wp\/v2\/media\/55696"}],"wp:attachment":[{"href":"https:\/\/temucotelevision.cl\/web\/wp-json\/wp\/v2\/media?parent=55695"}],"wp:term":[{"taxonomy":"category","embeddable":true,"href":"https:\/\/temucotelevision.cl\/web\/wp-json\/wp\/v2\/categories?post=55695"},{"taxonomy":"post_tag","embeddable":true,"href":"https:\/\/temucotelevision.cl\/web\/wp-json\/wp\/v2\/tags?post=55695"}],"curies":[{"name":"wp","href":"https:\/\/api.w.org\/{rel}","templated":true}]}}