{"id":55692,"date":"2025-03-30T15:44:19","date_gmt":"2025-03-30T18:44:19","guid":{"rendered":"https:\/\/temucotelevision.cl\/web\/?p=55692"},"modified":"2025-03-30T15:44:20","modified_gmt":"2025-03-30T18:44:20","slug":"padre-las-casas-tendra-su-primer-plan-regulador-como-comuna","status":"publish","type":"post","link":"https:\/\/temucotelevision.cl\/web\/2025\/03\/30\/padre-las-casas-tendra-su-primer-plan-regulador-como-comuna\/","title":{"rendered":"Padre Las Casas tendr\u00e1 su primer Plan Regulador\u00a0como comuna"},"content":{"rendered":"<div class=\"pvc_clear\"><\/div><p id=\"pvc_stats_55692\" class=\"pvc_stats total_only  \" data-element-id=\"55692\" style=\"\"><i class=\"pvc-stats-icon large\" aria-hidden=\"true\"><svg aria-hidden=\"true\" focusable=\"false\" data-prefix=\"far\" data-icon=\"chart-bar\" role=\"img\" xmlns=\"http:\/\/www.w3.org\/2000\/svg\" viewBox=\"0 0 512 512\" class=\"svg-inline--fa fa-chart-bar fa-w-16 fa-2x\"><path fill=\"currentColor\" d=\"M396.8 352h22.4c6.4 0 12.8-6.4 12.8-12.8V108.8c0-6.4-6.4-12.8-12.8-12.8h-22.4c-6.4 0-12.8 6.4-12.8 12.8v230.4c0 6.4 6.4 12.8 12.8 12.8zm-192 0h22.4c6.4 0 12.8-6.4 12.8-12.8V140.8c0-6.4-6.4-12.8-12.8-12.8h-22.4c-6.4 0-12.8 6.4-12.8 12.8v198.4c0 6.4 6.4 12.8 12.8 12.8zm96 0h22.4c6.4 0 12.8-6.4 12.8-12.8V204.8c0-6.4-6.4-12.8-12.8-12.8h-22.4c-6.4 0-12.8 6.4-12.8 12.8v134.4c0 6.4 6.4 12.8 12.8 12.8zM496 400H48V80c0-8.84-7.16-16-16-16H16C7.16 64 0 71.16 0 80v336c0 17.67 14.33 32 32 32h464c8.84 0 16-7.16 16-16v-16c0-8.84-7.16-16-16-16zm-387.2-48h22.4c6.4 0 12.8-6.4 12.8-12.8v-70.4c0-6.4-6.4-12.8-12.8-12.8h-22.4c-6.4 0-12.8 6.4-12.8 12.8v70.4c0 6.4 6.4 12.8 12.8 12.8z\" class=\"\"><\/path><\/svg><\/i> <img loading=\"lazy\" decoding=\"async\" width=\"16\" height=\"16\" alt=\"Loading\" src=\"https:\/\/temucotelevision.cl\/web\/wp-content\/plugins\/page-views-count\/ajax-loader-2x.gif\" border=0 \/><\/p><div class=\"pvc_clear\"><\/div>\n<p>Actualmente, la comuna de Padre las Casas posee un Plan Regulador del a\u00f1o 1984. A lo cual el MINVU Araucan\u00eda ha otorgado a la comuna, a trav\u00e9s de su programa Instrumentos de Planificaci\u00f3n Territorial una cantidad de 280 millones de pesos para la actualizaci\u00f3n de este importante instrumento de planificaci\u00f3n territorial. As\u00ed lo dio a conocer el Seremi de Vivienda y Urbanismo, Patricio Escobar Salazar al Alcalde Mario Gonz\u00e1lez Rebolledo en una reuni\u00f3n con algunos dirigentes de la comuna.&nbsp;<\/p>\n\n\n\n<p>Cabe se\u00f1alar que el valor de esta actualizaci\u00f3n, configuran un monto total de 400 millones de pesos para su ejecuci\u00f3n, haci\u00e9ndose necesario un co-financiamiento entre ambas instituciones, para lo cual el municipio tambi\u00e9n ha hecho un aporte de 120 millones. En las pr\u00f3ximas semanas comenzar\u00e1n a elaborarse los t\u00e9rminos t\u00e9cnicos de referencia para su licitaci\u00f3n, la cual se espera se adjudique durante el segundo semestre del a\u00f1o en curso.<\/p>\n\n\n\n<p>Referido a este tema, el seremi Patricio Escobar se\u00f1al\u00f3 que \u201clo que estamos haciendo hoy d\u00eda, tiene que ver con la planificaci\u00f3n territorial que le hac\u00eda mucha falta a la comuna. Recordemos que tiene un plan regulador comunal vigente del a\u00f1o 84, y en esos a\u00f1os Padre Las Casas era s\u00f3lo un barrio de la ciudad de Temuco, y nosotros con este estudio lo que queremos hacer es fortalecer, y definir l\u00edneas claras\u201d. Adem\u00e1s agreg\u00f3 \u201cque si a esto le sumamos que Temuco tambi\u00e9n ha iniciado un trabajo paralelo con su Plan Regulador; y nosotros tambi\u00e9n estamos desarrollando el Estudio del Borde R\u00edo Caut\u00edn Temuco, Padre Las Casas y Vilc\u00fan lograremos tener a largo plazo, una visi\u00f3n territorial y urbana de toda la zona metropolitana de la regi\u00f3n, con una visi\u00f3n comunal de cada una de las ciudades y su desarrollo acorde a las caracter\u00edsticas culturales, productivas, territoriales y ambientales de cada una de ellas\u201d. precis\u00f3.<\/p>\n\n\n\n<p>Han sido meses de arduo trabajo, coordinado entre MINVU y municipio as\u00ed como tambi\u00e9n el cumplimiento de la palabra empe\u00f1ada por el Alcalde Gonz\u00e1lez y su Honorable Concejo Municipal, en lo que ser\u00e1 la complementariedad del fondo que permitir\u00e1 el desarrollo del estudio conducente: Modificaci\u00f3n Plan Regulador Comunal de Padre Las Casas.<\/p>\n\n\n\n<p>Este estudio sentar\u00e1 las bases de lo que ser\u00e1 o no posible en materia de construcciones y ordenamiento territorial para la comuna en un futuro. Cabe se\u00f1alar, que el plazo de elaboraci\u00f3n hasta la aprobaci\u00f3n por parte del Concejo Municipal, es aproximadamente de 6 a\u00f1os (entendiendo de que existen etapas de an\u00e1lisis, talleres de participaci\u00f3n y aprobaci\u00f3n por parte de la ciudadan\u00eda).<\/p>\n\n\n\n<p>\u201cComo no estar alegres y agradecidos de la r\u00e1pida respuesta de nuestro seremi y nuestro Gobierno. As\u00ed se hacen las cosas cuando las autoridades piensan en el bienestar de todos y&nbsp;<\/p>\n\n\n\n<p>no de unos pocos. Hoy ya podemos decir que contaremos con los fondos necesarios para financiar este instrumento de planificaci\u00f3n, que permitir\u00e1 asegurar a nuestra administraci\u00f3n y las venideras, las herramientas b\u00e1sicas para evitar desbordes en esta materia y planificar un mejor territorio, ordenado y respetuoso\u201d. Puntualiz\u00f3 el al Alcalde Mario Gonz\u00e1lez.&nbsp;<\/p>\n\n\n\n<p>Finalmente, cabe destacar que muy pronto se comienza a trabajar en su licitaci\u00f3n, y tendr\u00e1 su momento culmine cuando se adjudique el se\u00f1alado estudio, el que de manera preliminar est\u00e1 pensado para fines de este a\u00f1o.<\/p>\n","protected":false},"excerpt":{"rendered":"<div class=\"pvc_clear\"><\/div>\n<p id=\"pvc_stats_55692\" class=\"pvc_stats total_only  \" data-element-id=\"55692\" style=\"\"><i class=\"pvc-stats-icon large\" aria-hidden=\"true\"><svg aria-hidden=\"true\" focusable=\"false\" data-prefix=\"far\" data-icon=\"chart-bar\" role=\"img\" xmlns=\"http:\/\/www.w3.org\/2000\/svg\" viewBox=\"0 0 512 512\" class=\"svg-inline--fa fa-chart-bar fa-w-16 fa-2x\"><path fill=\"currentColor\" d=\"M396.8 352h22.4c6.4 0 12.8-6.4 12.8-12.8V108.8c0-6.4-6.4-12.8-12.8-12.8h-22.4c-6.4 0-12.8 6.4-12.8 12.8v230.4c0 6.4 6.4 12.8 12.8 12.8zm-192 0h22.4c6.4 0 12.8-6.4 12.8-12.8V140.8c0-6.4-6.4-12.8-12.8-12.8h-22.4c-6.4 0-12.8 6.4-12.8 12.8v198.4c0 6.4 6.4 12.8 12.8 12.8zm96 0h22.4c6.4 0 12.8-6.4 12.8-12.8V204.8c0-6.4-6.4-12.8-12.8-12.8h-22.4c-6.4 0-12.8 6.4-12.8 12.8v134.4c0 6.4 6.4 12.8 12.8 12.8zM496 400H48V80c0-8.84-7.16-16-16-16H16C7.16 64 0 71.16 0 80v336c0 17.67 14.33 32 32 32h464c8.84 0 16-7.16 16-16v-16c0-8.84-7.16-16-16-16zm-387.2-48h22.4c6.4 0 12.8-6.4 12.8-12.8v-70.4c0-6.4-6.4-12.8-12.8-12.8h-22.4c-6.4 0-12.8 6.4-12.8 12.8v70.4c0 6.4 6.4 12.8 12.8 12.8z\" class=\"\"><\/path><\/svg><\/i> <img loading=\"lazy\" decoding=\"async\" width=\"16\" height=\"16\" alt=\"Loading\" src=\"https:\/\/temucotelevision.cl\/web\/wp-content\/plugins\/page-views-count\/ajax-loader-2x.gif\" border=0 \/><\/p>\n<div class=\"pvc_clear\"><\/div>\n<p>Actualmente, la comuna de Padre las Casas posee un Plan Regulador del a\u00f1o 1984. A lo cual el MINVU Araucan\u00eda<\/p>\n","protected":false},"author":1,"featured_media":55693,"comment_status":"open","ping_status":"open","sticky":false,"template":"","format":"standard","meta":{"colormag_page_container_layout":"default_layout","colormag_page_sidebar_layout":"default_layout","footnotes":""},"categories":[15],"tags":[205],"class_list":["post-55692","post","type-post","status-publish","format-standard","has-post-thumbnail","hentry","category-la-araucania","tag-plan"],"a3_pvc":{"activated":true,"total_views":1559,"today_views":0},"_links":{"self":[{"href":"https:\/\/temucotelevision.cl\/web\/wp-json\/wp\/v2\/posts\/55692","targetHints":{"allow":["GET"]}}],"collection":[{"href":"https:\/\/temucotelevision.cl\/web\/wp-json\/wp\/v2\/posts"}],"about":[{"href":"https:\/\/temucotelevision.cl\/web\/wp-json\/wp\/v2\/types\/post"}],"author":[{"embeddable":true,"href":"https:\/\/temucotelevision.cl\/web\/wp-json\/wp\/v2\/users\/1"}],"replies":[{"embeddable":true,"href":"https:\/\/temucotelevision.cl\/web\/wp-json\/wp\/v2\/comments?post=55692"}],"version-history":[{"count":1,"href":"https:\/\/temucotelevision.cl\/web\/wp-json\/wp\/v2\/posts\/55692\/revisions"}],"predecessor-version":[{"id":55694,"href":"https:\/\/temucotelevision.cl\/web\/wp-json\/wp\/v2\/posts\/55692\/revisions\/55694"}],"wp:featuredmedia":[{"embeddable":true,"href":"https:\/\/temucotelevision.cl\/web\/wp-json\/wp\/v2\/media\/55693"}],"wp:attachment":[{"href":"https:\/\/temucotelevision.cl\/web\/wp-json\/wp\/v2\/media?parent=55692"}],"wp:term":[{"taxonomy":"category","embeddable":true,"href":"https:\/\/temucotelevision.cl\/web\/wp-json\/wp\/v2\/categories?post=55692"},{"taxonomy":"post_tag","embeddable":true,"href":"https:\/\/temucotelevision.cl\/web\/wp-json\/wp\/v2\/tags?post=55692"}],"curies":[{"name":"wp","href":"https:\/\/api.w.org\/{rel}","templated":true}]}}