{"id":55688,"date":"2025-03-30T15:41:13","date_gmt":"2025-03-30T18:41:13","guid":{"rendered":"https:\/\/temucotelevision.cl\/web\/?p=55688"},"modified":"2025-03-30T15:43:02","modified_gmt":"2025-03-30T18:43:02","slug":"diputado-leal-y-cretton-solicitan-mantener-operativa-pista-en-victoria","status":"publish","type":"post","link":"https:\/\/temucotelevision.cl\/web\/2025\/03\/30\/diputado-leal-y-cretton-solicitan-mantener-operativa-pista-en-victoria\/","title":{"rendered":"Diputado Leal y Cretton solicitan mantener operativa pista en Victoria"},"content":{"rendered":"<div class=\"pvc_clear\"><\/div><p id=\"pvc_stats_55688\" class=\"pvc_stats total_only  \" data-element-id=\"55688\" style=\"\"><i class=\"pvc-stats-icon large\" aria-hidden=\"true\"><svg aria-hidden=\"true\" focusable=\"false\" data-prefix=\"far\" data-icon=\"chart-bar\" role=\"img\" xmlns=\"http:\/\/www.w3.org\/2000\/svg\" viewBox=\"0 0 512 512\" class=\"svg-inline--fa fa-chart-bar fa-w-16 fa-2x\"><path fill=\"currentColor\" d=\"M396.8 352h22.4c6.4 0 12.8-6.4 12.8-12.8V108.8c0-6.4-6.4-12.8-12.8-12.8h-22.4c-6.4 0-12.8 6.4-12.8 12.8v230.4c0 6.4 6.4 12.8 12.8 12.8zm-192 0h22.4c6.4 0 12.8-6.4 12.8-12.8V140.8c0-6.4-6.4-12.8-12.8-12.8h-22.4c-6.4 0-12.8 6.4-12.8 12.8v198.4c0 6.4 6.4 12.8 12.8 12.8zm96 0h22.4c6.4 0 12.8-6.4 12.8-12.8V204.8c0-6.4-6.4-12.8-12.8-12.8h-22.4c-6.4 0-12.8 6.4-12.8 12.8v134.4c0 6.4 6.4 12.8 12.8 12.8zM496 400H48V80c0-8.84-7.16-16-16-16H16C7.16 64 0 71.16 0 80v336c0 17.67 14.33 32 32 32h464c8.84 0 16-7.16 16-16v-16c0-8.84-7.16-16-16-16zm-387.2-48h22.4c6.4 0 12.8-6.4 12.8-12.8v-70.4c0-6.4-6.4-12.8-12.8-12.8h-22.4c-6.4 0-12.8 6.4-12.8 12.8v70.4c0 6.4 6.4 12.8 12.8 12.8z\" class=\"\"><\/path><\/svg><\/i> <img loading=\"lazy\" decoding=\"async\" width=\"16\" height=\"16\" alt=\"Loading\" src=\"https:\/\/temucotelevision.cl\/web\/wp-content\/plugins\/page-views-count\/ajax-loader-2x.gif\" border=0 \/><\/p><div class=\"pvc_clear\"><\/div>\n<p><em>El objetivo es mantener operativa la pista de forma paralela a las obras, ya que la \u00e9poca de incendios forestales a\u00fan no finaliza y este aeroparque permite a los aviones aterrizar y abastecerse de agua para combatir los siniestros en la provincia de Malleco.<\/em><\/p>\n\n\n\n<p>Hasta el aer\u00f3dromo ubicado en la comuna de Victoria lleg\u00f3 el diputado Herny Leal acompa\u00f1ado del ex constituyente Eduardo Cretton, primero para ver en terreno los avances en los trabajos de ampliaci\u00f3n del recinto aeron\u00e1utico, pero tambi\u00e9n, para solicitar a la ministra de Obras P\u00fablicas, J\u00e9ssica L\u00f3pez, no cerrar la pista de aterrizaje mientras existan riesgos de nuevos incendios forestales en la provincia de Malleco.<\/p>\n\n\n\n<p>El diputado Leal en su visita a la comuna de Victoria afirm\u00f3 que es importante el mejoramiento integral del recinto, pero debido a la emergencia por los incendios forestales esta pista se hace fundamental para que las aeronaves puedan operar combatiendo el fuego y en ese sentido, se hace de suma urgencia mantenerlo operativo durante todo el mes de abril.<\/p>\n\n\n\n<p>Al respecto el diputado Leal, dijo que, \u201cVictoria es el epicentro de muchas comunas que confluyen ac\u00e1 en temporada de verano donde hay incendios. Se requiere tener un aer\u00f3dromo en condiciones, con una pista que re\u00fana las condiciones t\u00e9cnicas para que pueda aterrizar las naves ac\u00e1 y poder combatir los incendios. Por eso nos alegra que hoy d\u00eda tengamos una obra en plena ejecuci\u00f3n que va a mejorar el est\u00e1ndar de esta pista, pero tambi\u00e9n queremos hacer una petici\u00f3n y ya ofici\u00e9 a la se\u00f1ora ministra de Obras P\u00fablicas y a la Direcci\u00f3n Nacional de Aeropuerto, para que se tomen las medidas para que durante algunas semanas m\u00e1s se mantenga operativa la pista existente, porque lo que no nos puede ocurrir es que en algunas semanas m\u00e1s hay un incendio y ac\u00e1 no pueden aterrizar aviones para combatir los incendios. Eso no puede ocurrir. Por eso tenemos que tomar las medidas oportunamente y en ese sentido oficie a la ministra y la directora del Aeropuerto, para que prorrogue el tiempo de operaci\u00f3n de la pista mientras se trabaja en paralelo\u201d<\/p>\n\n\n\n<p>Por su parte el ex constituyente Cretton, dijo que, \u201ces una gran noticia para todo Malleco que se est\u00e9 ampliando el aer\u00f3dromo de Victoria. Esto nos va a permitir enfrentar de mejor forma la temporada de incendios. Pero ojal\u00e1 que no se cierre la pista hasta que termine esta temporada, ya que el peligro de nuevos incendios forestales est\u00e1 aun latente, por lo que queremos asegurarnos de que, por lo menos, se mantenga operativa durante el mes de abril\u201d<\/p>\n","protected":false},"excerpt":{"rendered":"<div class=\"pvc_clear\"><\/div>\n<p id=\"pvc_stats_55688\" class=\"pvc_stats total_only  \" data-element-id=\"55688\" style=\"\"><i class=\"pvc-stats-icon large\" aria-hidden=\"true\"><svg aria-hidden=\"true\" focusable=\"false\" data-prefix=\"far\" data-icon=\"chart-bar\" role=\"img\" xmlns=\"http:\/\/www.w3.org\/2000\/svg\" viewBox=\"0 0 512 512\" class=\"svg-inline--fa fa-chart-bar fa-w-16 fa-2x\"><path fill=\"currentColor\" d=\"M396.8 352h22.4c6.4 0 12.8-6.4 12.8-12.8V108.8c0-6.4-6.4-12.8-12.8-12.8h-22.4c-6.4 0-12.8 6.4-12.8 12.8v230.4c0 6.4 6.4 12.8 12.8 12.8zm-192 0h22.4c6.4 0 12.8-6.4 12.8-12.8V140.8c0-6.4-6.4-12.8-12.8-12.8h-22.4c-6.4 0-12.8 6.4-12.8 12.8v198.4c0 6.4 6.4 12.8 12.8 12.8zm96 0h22.4c6.4 0 12.8-6.4 12.8-12.8V204.8c0-6.4-6.4-12.8-12.8-12.8h-22.4c-6.4 0-12.8 6.4-12.8 12.8v134.4c0 6.4 6.4 12.8 12.8 12.8zM496 400H48V80c0-8.84-7.16-16-16-16H16C7.16 64 0 71.16 0 80v336c0 17.67 14.33 32 32 32h464c8.84 0 16-7.16 16-16v-16c0-8.84-7.16-16-16-16zm-387.2-48h22.4c6.4 0 12.8-6.4 12.8-12.8v-70.4c0-6.4-6.4-12.8-12.8-12.8h-22.4c-6.4 0-12.8 6.4-12.8 12.8v70.4c0 6.4 6.4 12.8 12.8 12.8z\" class=\"\"><\/path><\/svg><\/i> <img loading=\"lazy\" decoding=\"async\" width=\"16\" height=\"16\" alt=\"Loading\" src=\"https:\/\/temucotelevision.cl\/web\/wp-content\/plugins\/page-views-count\/ajax-loader-2x.gif\" border=0 \/><\/p>\n<div class=\"pvc_clear\"><\/div>\n<p>El objetivo es mantener operativa la pista de forma paralela a las obras, ya que la \u00e9poca de incendios forestales<\/p>\n","protected":false},"author":1,"featured_media":55689,"comment_status":"open","ping_status":"open","sticky":false,"template":"","format":"standard","meta":{"colormag_page_container_layout":"default_layout","colormag_page_sidebar_layout":"default_layout","footnotes":""},"categories":[84],"tags":[154],"class_list":["post-55688","post","type-post","status-publish","format-standard","has-post-thumbnail","hentry","category-politica","tag-diputado"],"a3_pvc":{"activated":true,"total_views":941,"today_views":0},"_links":{"self":[{"href":"https:\/\/temucotelevision.cl\/web\/wp-json\/wp\/v2\/posts\/55688","targetHints":{"allow":["GET"]}}],"collection":[{"href":"https:\/\/temucotelevision.cl\/web\/wp-json\/wp\/v2\/posts"}],"about":[{"href":"https:\/\/temucotelevision.cl\/web\/wp-json\/wp\/v2\/types\/post"}],"author":[{"embeddable":true,"href":"https:\/\/temucotelevision.cl\/web\/wp-json\/wp\/v2\/users\/1"}],"replies":[{"embeddable":true,"href":"https:\/\/temucotelevision.cl\/web\/wp-json\/wp\/v2\/comments?post=55688"}],"version-history":[{"count":1,"href":"https:\/\/temucotelevision.cl\/web\/wp-json\/wp\/v2\/posts\/55688\/revisions"}],"predecessor-version":[{"id":55690,"href":"https:\/\/temucotelevision.cl\/web\/wp-json\/wp\/v2\/posts\/55688\/revisions\/55690"}],"wp:featuredmedia":[{"embeddable":true,"href":"https:\/\/temucotelevision.cl\/web\/wp-json\/wp\/v2\/media\/55689"}],"wp:attachment":[{"href":"https:\/\/temucotelevision.cl\/web\/wp-json\/wp\/v2\/media?parent=55688"}],"wp:term":[{"taxonomy":"category","embeddable":true,"href":"https:\/\/temucotelevision.cl\/web\/wp-json\/wp\/v2\/categories?post=55688"},{"taxonomy":"post_tag","embeddable":true,"href":"https:\/\/temucotelevision.cl\/web\/wp-json\/wp\/v2\/tags?post=55688"}],"curies":[{"name":"wp","href":"https:\/\/api.w.org\/{rel}","templated":true}]}}