{"id":55685,"date":"2025-03-29T20:12:31","date_gmt":"2025-03-29T23:12:31","guid":{"rendered":"https:\/\/temucotelevision.cl\/web\/?p=55685"},"modified":"2025-03-30T15:36:42","modified_gmt":"2025-03-30T18:36:42","slug":"desde-argentina-maru-gandolfo-una-actriz-que-se-pasea-entre-lo-clasico-y-la-revolucion-digital","status":"publish","type":"post","link":"https:\/\/temucotelevision.cl\/web\/2025\/03\/29\/desde-argentina-maru-gandolfo-una-actriz-que-se-pasea-entre-lo-clasico-y-la-revolucion-digital\/","title":{"rendered":"Desde Argentina Maru Gandolfo: Una actriz que se pasea entre lo cl\u00e1sico y la revoluci\u00f3n digital"},"content":{"rendered":"<div class=\"pvc_clear\"><\/div><p id=\"pvc_stats_55685\" class=\"pvc_stats total_only  \" data-element-id=\"55685\" style=\"\"><i class=\"pvc-stats-icon large\" aria-hidden=\"true\"><svg aria-hidden=\"true\" focusable=\"false\" data-prefix=\"far\" data-icon=\"chart-bar\" role=\"img\" xmlns=\"http:\/\/www.w3.org\/2000\/svg\" viewBox=\"0 0 512 512\" class=\"svg-inline--fa fa-chart-bar fa-w-16 fa-2x\"><path fill=\"currentColor\" d=\"M396.8 352h22.4c6.4 0 12.8-6.4 12.8-12.8V108.8c0-6.4-6.4-12.8-12.8-12.8h-22.4c-6.4 0-12.8 6.4-12.8 12.8v230.4c0 6.4 6.4 12.8 12.8 12.8zm-192 0h22.4c6.4 0 12.8-6.4 12.8-12.8V140.8c0-6.4-6.4-12.8-12.8-12.8h-22.4c-6.4 0-12.8 6.4-12.8 12.8v198.4c0 6.4 6.4 12.8 12.8 12.8zm96 0h22.4c6.4 0 12.8-6.4 12.8-12.8V204.8c0-6.4-6.4-12.8-12.8-12.8h-22.4c-6.4 0-12.8 6.4-12.8 12.8v134.4c0 6.4 6.4 12.8 12.8 12.8zM496 400H48V80c0-8.84-7.16-16-16-16H16C7.16 64 0 71.16 0 80v336c0 17.67 14.33 32 32 32h464c8.84 0 16-7.16 16-16v-16c0-8.84-7.16-16-16-16zm-387.2-48h22.4c6.4 0 12.8-6.4 12.8-12.8v-70.4c0-6.4-6.4-12.8-12.8-12.8h-22.4c-6.4 0-12.8 6.4-12.8 12.8v70.4c0 6.4 6.4 12.8 12.8 12.8z\" class=\"\"><\/path><\/svg><\/i> <img loading=\"lazy\" decoding=\"async\" width=\"16\" height=\"16\" alt=\"Loading\" src=\"https:\/\/temucotelevision.cl\/web\/wp-content\/plugins\/page-views-count\/ajax-loader-2x.gif\" border=0 \/><\/p><div class=\"pvc_clear\"><\/div>\n<p class=\"has-medium-font-size\"><strong>Maru Gandolfo es actriz, comunicadora social, deportista y otrora empresaria. Viene de familia de artistas pero su carrera comenz\u00f3 con un sue\u00f1o. Literal.<\/strong><\/p>\n\n\n\n<p>Durante la pandemia so\u00f1\u00f3 que su hijo lamentaba, mirando su tumba, que ella hab\u00eda muerto sin haber cumplido su objetivo de ser actriz y fue ah\u00ed, como en una epifan\u00eda, que Maru vendi\u00f3 su empresa y fue tras eso que siempre estuvo palpitando en su pecho.&nbsp;<\/p>\n\n\n\n<p>Preparada durante muchos a\u00f1os pero ejerciendo otras actividades, Maru puso as\u00ed el pie en el escenario, en el set y delante de un tel\u00e9fono para que nada quede librado al azar.&nbsp;<\/p>\n\n\n\n<p>Uniendo lo cl\u00e1sico y lo revolucionario, el libro y la IA, Maru hace cine, teatro, y se catapulta a lo nuevo con el mundo de las&nbsp;<a href=\"https:\/\/www.instagram.com\/rosamarchita.tv\/?hl=es\">diginovelas,<\/a>&nbsp;el boom de las redes que est\u00e1 sumando cada vez m\u00e1s seguidores y que en Argentina la tiene como pionera.&nbsp;<\/p>\n\n\n\n<p><strong>\u00bfQu\u00e9 son las<\/strong><a href=\"https:\/\/www.instagram.com\/reel\/C9_Sjfix4m6\/?hl=es\"><strong>&nbsp;diginovelas?<\/strong><\/a><strong>&nbsp;Son microficciones de un minuto donde las historias acaparan la atenci\u00f3n del p\u00fablico por lo din\u00e1mico e inmediato, una nueva forma art\u00edstica que va de la mano con las tendencias globales de consumo.&nbsp;<\/strong><\/p>\n\n\n\n<p>Sin dejar de lado el valor de una pel\u00edcula, una obra de teatro o una serie de tv, pero entendiendo cuales son los requisitos actuales para crecer en la industria, Maru hace uso de sus capacidades para llevar adelante una carrera que la empuje a estar un paso m\u00e1s adelante, creando puentes donde el arte y la revoluci\u00f3n digital vayan de la mano.&nbsp;<\/p>\n\n\n\n<p><strong>Maru Gandolfo, una actriz que va un paso adelante en un mundo donde las expresio<\/strong><strong>nes art\u00edsticas buscan acompa\u00f1ar el auge de lo digital (y no morir en el intento).<\/strong><\/p>\n\n\n\n<p><strong>RR.SS&nbsp;<\/strong><a href=\"https:\/\/www.instagram.com\/gandolfomaru\/?hl=es-la\">INSTAGRAM&nbsp;<\/a><a href=\"https:\/\/www.tiktok.com\/@marugandolfo1\">TIK TOK&nbsp;<\/a><a href=\"https:\/\/www.youtube.com\/channel\/UClmp7x6NYu3WvW8ee3mbNWw\">YOUTUBE<\/a><\/p>\n\n\n\n<p><a href=\"https:\/\/drive.google.com\/file\/d\/16k85ZKDgGucURD1NXTCMCUBdvDpUj8yy\/view?usp=drivesdk\">PR\u00d3XIMA OBRA EN CARTEL: PARA ANORMALES (DE FEDERICO Y VERONESE) SALAS CORTAZAR EN PASEO LA PLAZA. 4 DE ABRIL<\/a><\/p>\n\n\n\n<p><\/p>\n","protected":false},"excerpt":{"rendered":"<div class=\"pvc_clear\"><\/div>\n<p id=\"pvc_stats_55685\" class=\"pvc_stats total_only  \" data-element-id=\"55685\" style=\"\"><i class=\"pvc-stats-icon large\" aria-hidden=\"true\"><svg aria-hidden=\"true\" focusable=\"false\" data-prefix=\"far\" data-icon=\"chart-bar\" role=\"img\" xmlns=\"http:\/\/www.w3.org\/2000\/svg\" viewBox=\"0 0 512 512\" class=\"svg-inline--fa fa-chart-bar fa-w-16 fa-2x\"><path fill=\"currentColor\" d=\"M396.8 352h22.4c6.4 0 12.8-6.4 12.8-12.8V108.8c0-6.4-6.4-12.8-12.8-12.8h-22.4c-6.4 0-12.8 6.4-12.8 12.8v230.4c0 6.4 6.4 12.8 12.8 12.8zm-192 0h22.4c6.4 0 12.8-6.4 12.8-12.8V140.8c0-6.4-6.4-12.8-12.8-12.8h-22.4c-6.4 0-12.8 6.4-12.8 12.8v198.4c0 6.4 6.4 12.8 12.8 12.8zm96 0h22.4c6.4 0 12.8-6.4 12.8-12.8V204.8c0-6.4-6.4-12.8-12.8-12.8h-22.4c-6.4 0-12.8 6.4-12.8 12.8v134.4c0 6.4 6.4 12.8 12.8 12.8zM496 400H48V80c0-8.84-7.16-16-16-16H16C7.16 64 0 71.16 0 80v336c0 17.67 14.33 32 32 32h464c8.84 0 16-7.16 16-16v-16c0-8.84-7.16-16-16-16zm-387.2-48h22.4c6.4 0 12.8-6.4 12.8-12.8v-70.4c0-6.4-6.4-12.8-12.8-12.8h-22.4c-6.4 0-12.8 6.4-12.8 12.8v70.4c0 6.4 6.4 12.8 12.8 12.8z\" class=\"\"><\/path><\/svg><\/i> <img loading=\"lazy\" decoding=\"async\" width=\"16\" height=\"16\" alt=\"Loading\" src=\"https:\/\/temucotelevision.cl\/web\/wp-content\/plugins\/page-views-count\/ajax-loader-2x.gif\" border=0 \/><\/p>\n<div class=\"pvc_clear\"><\/div>\n<p>Maru Gandolfo es actriz, comunicadora social, deportista y otrora empresaria. Viene de familia de artistas pero su carrera comenz\u00f3 con<\/p>\n","protected":false},"author":143,"featured_media":55686,"comment_status":"open","ping_status":"open","sticky":false,"template":"","format":"standard","meta":{"colormag_page_container_layout":"default_layout","colormag_page_sidebar_layout":"default_layout","footnotes":""},"categories":[101,86],"tags":[],"class_list":["post-55685","post","type-post","status-publish","format-standard","has-post-thumbnail","hentry","category-actualidad","category-panoramas"],"a3_pvc":{"activated":true,"total_views":930,"today_views":0},"_links":{"self":[{"href":"https:\/\/temucotelevision.cl\/web\/wp-json\/wp\/v2\/posts\/55685","targetHints":{"allow":["GET"]}}],"collection":[{"href":"https:\/\/temucotelevision.cl\/web\/wp-json\/wp\/v2\/posts"}],"about":[{"href":"https:\/\/temucotelevision.cl\/web\/wp-json\/wp\/v2\/types\/post"}],"author":[{"embeddable":true,"href":"https:\/\/temucotelevision.cl\/web\/wp-json\/wp\/v2\/users\/143"}],"replies":[{"embeddable":true,"href":"https:\/\/temucotelevision.cl\/web\/wp-json\/wp\/v2\/comments?post=55685"}],"version-history":[{"count":1,"href":"https:\/\/temucotelevision.cl\/web\/wp-json\/wp\/v2\/posts\/55685\/revisions"}],"predecessor-version":[{"id":55687,"href":"https:\/\/temucotelevision.cl\/web\/wp-json\/wp\/v2\/posts\/55685\/revisions\/55687"}],"wp:featuredmedia":[{"embeddable":true,"href":"https:\/\/temucotelevision.cl\/web\/wp-json\/wp\/v2\/media\/55686"}],"wp:attachment":[{"href":"https:\/\/temucotelevision.cl\/web\/wp-json\/wp\/v2\/media?parent=55685"}],"wp:term":[{"taxonomy":"category","embeddable":true,"href":"https:\/\/temucotelevision.cl\/web\/wp-json\/wp\/v2\/categories?post=55685"},{"taxonomy":"post_tag","embeddable":true,"href":"https:\/\/temucotelevision.cl\/web\/wp-json\/wp\/v2\/tags?post=55685"}],"curies":[{"name":"wp","href":"https:\/\/api.w.org\/{rel}","templated":true}]}}