{"id":55678,"date":"2025-03-29T15:44:28","date_gmt":"2025-03-29T18:44:28","guid":{"rendered":"https:\/\/temucotelevision.cl\/web\/?p=55678"},"modified":"2025-03-29T15:44:30","modified_gmt":"2025-03-29T18:44:30","slug":"dia-mundial-del-backup-la-importancia-de-respaldar-tus-datos-del-celular-ante-el-alza-de-robos-y-ataques-ciberneticos","status":"publish","type":"post","link":"https:\/\/temucotelevision.cl\/web\/2025\/03\/29\/dia-mundial-del-backup-la-importancia-de-respaldar-tus-datos-del-celular-ante-el-alza-de-robos-y-ataques-ciberneticos\/","title":{"rendered":"D\u00eda Mundial del Backup: La importancia de respaldar tus datos del celular ante el alza de robos y ataques cibern\u00e9ticos"},"content":{"rendered":"<div class=\"pvc_clear\"><\/div><p id=\"pvc_stats_55678\" class=\"pvc_stats total_only  \" data-element-id=\"55678\" style=\"\"><i class=\"pvc-stats-icon large\" aria-hidden=\"true\"><svg aria-hidden=\"true\" focusable=\"false\" data-prefix=\"far\" data-icon=\"chart-bar\" role=\"img\" xmlns=\"http:\/\/www.w3.org\/2000\/svg\" viewBox=\"0 0 512 512\" class=\"svg-inline--fa fa-chart-bar fa-w-16 fa-2x\"><path fill=\"currentColor\" d=\"M396.8 352h22.4c6.4 0 12.8-6.4 12.8-12.8V108.8c0-6.4-6.4-12.8-12.8-12.8h-22.4c-6.4 0-12.8 6.4-12.8 12.8v230.4c0 6.4 6.4 12.8 12.8 12.8zm-192 0h22.4c6.4 0 12.8-6.4 12.8-12.8V140.8c0-6.4-6.4-12.8-12.8-12.8h-22.4c-6.4 0-12.8 6.4-12.8 12.8v198.4c0 6.4 6.4 12.8 12.8 12.8zm96 0h22.4c6.4 0 12.8-6.4 12.8-12.8V204.8c0-6.4-6.4-12.8-12.8-12.8h-22.4c-6.4 0-12.8 6.4-12.8 12.8v134.4c0 6.4 6.4 12.8 12.8 12.8zM496 400H48V80c0-8.84-7.16-16-16-16H16C7.16 64 0 71.16 0 80v336c0 17.67 14.33 32 32 32h464c8.84 0 16-7.16 16-16v-16c0-8.84-7.16-16-16-16zm-387.2-48h22.4c6.4 0 12.8-6.4 12.8-12.8v-70.4c0-6.4-6.4-12.8-12.8-12.8h-22.4c-6.4 0-12.8 6.4-12.8 12.8v70.4c0 6.4 6.4 12.8 12.8 12.8z\" class=\"\"><\/path><\/svg><\/i> <img loading=\"lazy\" decoding=\"async\" width=\"16\" height=\"16\" alt=\"Loading\" src=\"https:\/\/temucotelevision.cl\/web\/wp-content\/plugins\/page-views-count\/ajax-loader-2x.gif\" border=0 \/><\/p><div class=\"pvc_clear\"><\/div>\n<p><em>El<\/em>&nbsp;<em>pr\u00f3ximo<\/em>&nbsp;<em>31 de marzo se conmemora<\/em>&nbsp;<em>este d\u00eda que busca concientizar sobre una tarea que podr\u00eda considerarse tediosa, pero que amerita de<\/em>&nbsp;<em>nuestro tiempo<\/em>&nbsp;<em>para evitar riesgos que puedan impactar negativamente en nuestra seguridad digital, seg\u00fan Eset.<\/em><\/p>\n\n\n\n<p><strong>Santiago,<\/strong>&nbsp;<strong>28<\/strong>&nbsp;<strong>de marzo de 2025.-<\/strong>&nbsp;El pr\u00f3ximo lunes 31 de ma&nbsp;rzo se conmemora una fecha importante a nivel digital: es el D\u00eda Mundial del Backup, una pr\u00e1ctica que nos permite respaldar datos e informaci\u00f3n en caso de que estos se borren de nuestros dispositivos o seamos v\u00edctimas de infecci\u00f3n con malware o ransomware.<\/p>\n\n\n\n<p>Hacer copias de seguridad o tener el respaldo de los datos&nbsp;aportan mayor confianza en los usuarios,&nbsp;incluso cuando ocurren imprevistos ajenos a la&nbsp;ciberseguridad&nbsp;, como los robos o hurtos, una problem\u00e1tica que a\u00f1os tras a\u00f1os&nbsp;afecta a Chile de forma considerable.<\/p>\n\n\n\n<p>A&nbsp;l a\u00f1o&nbsp;en Chile,&nbsp;m\u00e1s de 500 mil celulares son robados, provocando el bloqueo y robo de informaci\u00f3n privada, lo cual puede traer consecuencias muy negativas para la privacidad de las v\u00edctimas.<\/p>\n\n\n\n<p>En ese sentido,&nbsp;respaldar la informaci\u00f3n o hacer copias de seguridad de&nbsp;los&nbsp;celulares parece algo impostergable, aunque para muchos noes&nbsp;algo tan prioritario. Seg\u00fan una encuesta realizada por&nbsp;ESET en 2022&nbsp;(en lo posible por favor tener datos m\u00e1s actualizados),&nbsp;el 50% de los usuarios respondieron que no realizan una copia de seguridad de su informaci\u00f3n debido a que no saben c\u00f3mo hacerlo.<\/p>\n\n\n\n<p>La desinformaci\u00f3n o desconocimiento puede dejarnos en muy mal pie en caso de sufrir un ataque o el robo de nuestro dispositivo. El mismo estudio arroj\u00f3 que el 67% de las personas&nbsp;encuestadas&nbsp;dijo que perdi\u00f3 toda la informaci\u00f3n de sus tel\u00e9fonos m\u00f3viles, pero que gracias al respaldo de los datos, pudo recuperarla.<\/p>\n\n\n\n<p>Adem\u00e1s, m\u00e1s del 55% de los encuestados manifest\u00f3 que realiza copias como medida preventiva ante cualquier problema de seguridad, el 59% dijo que realiza copias de seguridad en caso de que se da\u00f1e alg\u00fan dispositivo y el 26% por temor a sufrir un ataque.<\/p>\n\n\n\n<p><strong>La democratizaci\u00f3n del ransomware<\/strong><\/p>\n\n\n\n<p>En lo que respeta a compa\u00f1\u00edas y empresas, el backup es un verdadero escudo ante los constantes ataques de Ransomware, una de las amenazas cibern\u00e9ticas que m\u00e1s problemas ha generado a las grandes organizaciones.<\/p>\n\n\n\n<p>Pero no solo se ven afectados grandes marcas, sino tambi\u00e9n personas comunes y corrientes: la encuesta de ESET indic\u00f3 que el 43% de los&nbsp;consultados&nbsp;afirm\u00f3 que el ransomware es la amenaza inform\u00e1tica que genera mayor preocupaci\u00f3n.<\/p>\n\n\n\n<p>&#8220;Hace algunos a\u00f1os el ransomware apuntaba a las grandes empresas, pero hoy esto no es as\u00ed. Tambi\u00e9n existen familias de ransomware que busca perjudic&nbsp;ar y extorsionar a usuarios naturales de manera masiva y que se distribuyen, por ejemplo, a trav\u00e9s de cracks de software, como los videjuegos y pel\u00edculas&#8221;, comenta Camilo Guti\u00e9rrez Amaya, Jefe del Laboratorio de Seguridad Inform\u00e1tica de ESET Latinoam\u00e9rica.<\/p>\n\n\n\n<p>En la l\u00ednea de estar atento y&nbsp;generar&nbsp;conciencia en el D\u00eda Mundial del Backup, desde el equipo de investigaci\u00f3n de ESET comparten las siguientes recomendaciones para hacer copias de seguridad:<\/p>\n\n\n\n<p>\u00b7 Disponer de una unidad extra para almacenar los archivos que sean diferentes a la que contiene los archivos originales. Puede ser un disco externo o en una plataforma de almacenamiento en la nube.<\/p>\n\n\n\n<p>\u00b7 Seleccione los archivos que se quieren respaldar y guarde&nbsp;los en carpetas de forma ordenada. No se recomienda hacer una copia de seguridad de toda la informaci\u00f3n, ya que se estar\u00e1 ocupando espacio de almacenamiento que se puede necesitar en un futuro. Adem\u00e1s, el proceso de clasificaci\u00f3n de la informaci\u00f3n se vuelve m\u00e1s engorroso.<\/p>\n\n\n\n<p>\u00b7 Corroborar que la copia de seguridad funciona y que las copias est\u00e1n accesibles. De esta manera se podr\u00e1 corregir cualquier fallo a tiempo.<\/p>\n\n\n\n<p>\u00b7 Establece una periodicidad. En caso de almacenar tus copias de seguridad en la nube esto es m\u00e1s sencillo ya que la mayor\u00eda realiza este proceso de forma autom\u00e1tica.<\/p>\n\n\n\n<p>\u00b7 Proteger el lugar donde se ha almacenado la copia de seguridad. Si es una unidad extra\u00edble, recuerde que son sensibles al calor ya los golpes, por lo que hay que analizar el lugar donde se guardan estas unidades. Recordar tambi\u00e9n que&nbsp;las unidades extra\u00edbles tienen una vida \u00fatil. En el caso de utilizar un servicio en la nube procurar utilizar una contrase\u00f1a fuerte y \u00fanica y activar la autenticaci\u00f3n en dos pasos. No olvidar tampoco configurar la privacidad y seguridad en estos servicios.<\/p>\n\n\n\n<p>Para saber m\u00e1s sobre seguridad inform\u00e1tica visite el portal de noticias de ESET:&nbsp;<a href=\"https:\/\/www.welivesecurity.com\/es\/estafas-enganos\/clonacion-voz-inteligencia-artificial-ia\/\" target=\"_blank\" rel=\"noreferrer noopener\"><u>https:\/\/www.welivesecurity.com\/es\/estafas-enganos\/clonacion-voz-inteligencia-artificial-ia\/<\/u><\/a><\/p>\n\n\n\n<p>Por otro lado, ESET invita a conocer&nbsp;<a href=\"https:\/\/www.eset.com\/latam\/podcast\/\" target=\"_blank\" rel=\"noreferrer noopener\"><u><strong>Conexi\u00f3n Segura<\/strong><\/u><\/a>&nbsp;, su podcast para saber qu\u00e9 est\u00e1 ocurriendo en el mundo de la seguridad inform\u00e1tica. Para escucharlo ingresa a:&nbsp;<a href=\"https:\/\/open.spotify.com\/show\/0Q32tisjNy7eCYwUNHphcw\" target=\"_blank\" rel=\"noreferrer noopener\"><u>https:\/\/open.spotify.com\/show\/0Q32tisjNy7eCYwUNHphcw<\/u><\/a><\/p>\n\n\n\n<p><strong>Vis\u00edtanos en:<\/strong>&nbsp;<\/p>\n\n\n\n<p>&nbsp;&nbsp;<img alt=\"imagen.png\" width=\"18\" height=\"11\">&nbsp;<a href=\"https:\/\/twitter.com\/ESETLA\" target=\"_blank\" rel=\"noreferrer noopener\"><u>@ESETLA<\/u><\/a>&nbsp;&nbsp;&nbsp;&nbsp;<img alt=\"imagen.png\" width=\"16\" height=\"14\">&nbsp;<a href=\"https:\/\/www.linkedin.com\/company\/eset-latinoamerica\/\" target=\"_blank\" rel=\"noreferrer noopener\"><u>\/compay\/eset-latinoamerica<\/u><\/a>&nbsp;&nbsp;<img alt=\"imagen.png\" width=\"19\" height=\"19\">&nbsp;<a href=\"https:\/\/www.instagram.com\/esetla\/\" target=\"_blank\" rel=\"noreferrer noopener\"><u>\/esetla<\/u><\/a>&nbsp;&nbsp;&nbsp;<img alt=\"imagen.png\" width=\"21\" height=\"19\">&nbsp;<a href=\"https:\/\/www.facebook.com\/ESETLA\" target=\"_blank\" rel=\"noreferrer noopener\"><u>\/ESETLA<\/u><\/a>&nbsp;&nbsp;&nbsp;&nbsp;&nbsp;<img alt=\"imagen.png\" width=\"20\" height=\"15\">&nbsp;<a href=\"https:\/\/www.youtube.com\/@esetla\" target=\"_blank\" rel=\"noreferrer noopener\"><u>\/@esetla<\/u><\/a><\/p>\n\n\n\n<p><strong>Acerca de ESET<\/strong><\/p>\n\n\n\n<p><em>ESET\u00ae proporciona seguridad digital de vanguardia para prevenir ataques antes de que ocurran. Al combinar el poder de la IA y la experiencia humana, ESET\u00ae se anticipa a las ciberamenazas conocidas y emergentes, asegurando empresas, infraestructuras<\/em>&nbsp;<em>cr\u00edticas e individuos. Ya sea protecci\u00f3n de endpoints, nube o dispositivos m\u00f3viles, sus soluciones y servicios nativos de IA y basados en la nube son altamente efectivos y f\u00e1ciles de usar. La tecnolog\u00eda de ESET incluye detecci\u00f3n y respuesta s\u00f3lidas, cifrada de<\/em>&nbsp;<em>ultraseguro y autenticaci\u00f3n multifactor. Con defensa en tiempo real las 24 horas, los 7 d\u00edas de la semana y un s\u00f3lido soporte local, mantiene a los usuarios seguros y a las empresas funcionando sin interrupciones. Un panorama digital en constante evoluci\u00f3n<\/em>&nbsp;<em>exige un enfoque progresivo de la seguridad: ESET\u00ae est\u00e1 comprometido con una investigaci\u00f3n de clase mundial y una potente inteligencia sobre amenazas, respaldada por centros de I+D y una s\u00f3lida red global de socios. Para obtener m\u00e1s informaci\u00f3n, visite<\/em><a href=\"https:\/\/www.eset.com\/latam\" target=\"_blank\" rel=\"noreferrer noopener\"><u><em>https:\/\/www.eset.com\/latam<\/em><\/u><\/a>&nbsp;<em>o s\u00edganos en<\/em>&nbsp;<a href=\"https:\/\/www.linkedin.com\/company\/eset-latinoamerica\" target=\"_blank\" rel=\"noreferrer noopener\"><u><em>LinkedIn<\/em><\/u><\/a>&nbsp;<em>,<\/em>&nbsp;<a href=\"https:\/\/www.facebook.com\/ESETLA\" target=\"_blank\" rel=\"noreferrer noopener\"><u><em>Facebook<\/em><\/u><\/a>&nbsp;<em>y<\/em>&nbsp;<a href=\"https:\/\/twitter.com\/ESETLA\" target=\"_blank\" rel=\"noreferrer noopener\"><u><em>Twitter<\/em><\/u><\/a>&nbsp;<em>.<\/em><\/p>\n","protected":false},"excerpt":{"rendered":"<div class=\"pvc_clear\"><\/div>\n<p id=\"pvc_stats_55678\" class=\"pvc_stats total_only  \" data-element-id=\"55678\" style=\"\"><i class=\"pvc-stats-icon large\" aria-hidden=\"true\"><svg aria-hidden=\"true\" focusable=\"false\" data-prefix=\"far\" data-icon=\"chart-bar\" role=\"img\" xmlns=\"http:\/\/www.w3.org\/2000\/svg\" viewBox=\"0 0 512 512\" class=\"svg-inline--fa fa-chart-bar fa-w-16 fa-2x\"><path fill=\"currentColor\" d=\"M396.8 352h22.4c6.4 0 12.8-6.4 12.8-12.8V108.8c0-6.4-6.4-12.8-12.8-12.8h-22.4c-6.4 0-12.8 6.4-12.8 12.8v230.4c0 6.4 6.4 12.8 12.8 12.8zm-192 0h22.4c6.4 0 12.8-6.4 12.8-12.8V140.8c0-6.4-6.4-12.8-12.8-12.8h-22.4c-6.4 0-12.8 6.4-12.8 12.8v198.4c0 6.4 6.4 12.8 12.8 12.8zm96 0h22.4c6.4 0 12.8-6.4 12.8-12.8V204.8c0-6.4-6.4-12.8-12.8-12.8h-22.4c-6.4 0-12.8 6.4-12.8 12.8v134.4c0 6.4 6.4 12.8 12.8 12.8zM496 400H48V80c0-8.84-7.16-16-16-16H16C7.16 64 0 71.16 0 80v336c0 17.67 14.33 32 32 32h464c8.84 0 16-7.16 16-16v-16c0-8.84-7.16-16-16-16zm-387.2-48h22.4c6.4 0 12.8-6.4 12.8-12.8v-70.4c0-6.4-6.4-12.8-12.8-12.8h-22.4c-6.4 0-12.8 6.4-12.8 12.8v70.4c0 6.4 6.4 12.8 12.8 12.8z\" class=\"\"><\/path><\/svg><\/i> <img loading=\"lazy\" decoding=\"async\" width=\"16\" height=\"16\" alt=\"Loading\" src=\"https:\/\/temucotelevision.cl\/web\/wp-content\/plugins\/page-views-count\/ajax-loader-2x.gif\" border=0 \/><\/p>\n<div class=\"pvc_clear\"><\/div>\n<p>El&nbsp;pr\u00f3ximo&nbsp;31 de marzo se conmemora&nbsp;este d\u00eda que busca concientizar sobre una tarea que podr\u00eda considerarse tediosa, pero que amerita de&nbsp;nuestro<\/p>\n","protected":false},"author":1,"featured_media":55679,"comment_status":"open","ping_status":"open","sticky":false,"template":"","format":"standard","meta":{"colormag_page_container_layout":"default_layout","colormag_page_sidebar_layout":"default_layout","footnotes":""},"categories":[6973],"tags":[5554],"class_list":["post-55678","post","type-post","status-publish","format-standard","has-post-thumbnail","hentry","category-tecnologia","tag-respaldo"],"a3_pvc":{"activated":true,"total_views":3239,"today_views":0},"_links":{"self":[{"href":"https:\/\/temucotelevision.cl\/web\/wp-json\/wp\/v2\/posts\/55678","targetHints":{"allow":["GET"]}}],"collection":[{"href":"https:\/\/temucotelevision.cl\/web\/wp-json\/wp\/v2\/posts"}],"about":[{"href":"https:\/\/temucotelevision.cl\/web\/wp-json\/wp\/v2\/types\/post"}],"author":[{"embeddable":true,"href":"https:\/\/temucotelevision.cl\/web\/wp-json\/wp\/v2\/users\/1"}],"replies":[{"embeddable":true,"href":"https:\/\/temucotelevision.cl\/web\/wp-json\/wp\/v2\/comments?post=55678"}],"version-history":[{"count":1,"href":"https:\/\/temucotelevision.cl\/web\/wp-json\/wp\/v2\/posts\/55678\/revisions"}],"predecessor-version":[{"id":55680,"href":"https:\/\/temucotelevision.cl\/web\/wp-json\/wp\/v2\/posts\/55678\/revisions\/55680"}],"wp:featuredmedia":[{"embeddable":true,"href":"https:\/\/temucotelevision.cl\/web\/wp-json\/wp\/v2\/media\/55679"}],"wp:attachment":[{"href":"https:\/\/temucotelevision.cl\/web\/wp-json\/wp\/v2\/media?parent=55678"}],"wp:term":[{"taxonomy":"category","embeddable":true,"href":"https:\/\/temucotelevision.cl\/web\/wp-json\/wp\/v2\/categories?post=55678"},{"taxonomy":"post_tag","embeddable":true,"href":"https:\/\/temucotelevision.cl\/web\/wp-json\/wp\/v2\/tags?post=55678"}],"curies":[{"name":"wp","href":"https:\/\/api.w.org\/{rel}","templated":true}]}}