{"id":55671,"date":"2025-03-29T15:34:51","date_gmt":"2025-03-29T18:34:51","guid":{"rendered":"https:\/\/temucotelevision.cl\/web\/?p=55671"},"modified":"2025-03-29T15:57:44","modified_gmt":"2025-03-29T18:57:44","slug":"casi-150-alumnas-y-alumnos-de-ercilla-accederan-a-una-escuela-modular-mientras-esperan-su-casa-definitiva","status":"publish","type":"post","link":"https:\/\/temucotelevision.cl\/web\/2025\/03\/29\/casi-150-alumnas-y-alumnos-de-ercilla-accederan-a-una-escuela-modular-mientras-esperan-su-casa-definitiva\/","title":{"rendered":"Casi 150 alumnos de Ercilla acceder\u00e1n a una escuela modular, mientras esperan su casa definitiva"},"content":{"rendered":"<div class=\"pvc_clear\"><\/div><p id=\"pvc_stats_55671\" class=\"pvc_stats total_only  \" data-element-id=\"55671\" style=\"\"><i class=\"pvc-stats-icon large\" aria-hidden=\"true\"><svg aria-hidden=\"true\" focusable=\"false\" data-prefix=\"far\" data-icon=\"chart-bar\" role=\"img\" xmlns=\"http:\/\/www.w3.org\/2000\/svg\" viewBox=\"0 0 512 512\" class=\"svg-inline--fa fa-chart-bar fa-w-16 fa-2x\"><path fill=\"currentColor\" d=\"M396.8 352h22.4c6.4 0 12.8-6.4 12.8-12.8V108.8c0-6.4-6.4-12.8-12.8-12.8h-22.4c-6.4 0-12.8 6.4-12.8 12.8v230.4c0 6.4 6.4 12.8 12.8 12.8zm-192 0h22.4c6.4 0 12.8-6.4 12.8-12.8V140.8c0-6.4-6.4-12.8-12.8-12.8h-22.4c-6.4 0-12.8 6.4-12.8 12.8v198.4c0 6.4 6.4 12.8 12.8 12.8zm96 0h22.4c6.4 0 12.8-6.4 12.8-12.8V204.8c0-6.4-6.4-12.8-12.8-12.8h-22.4c-6.4 0-12.8 6.4-12.8 12.8v134.4c0 6.4 6.4 12.8 12.8 12.8zM496 400H48V80c0-8.84-7.16-16-16-16H16C7.16 64 0 71.16 0 80v336c0 17.67 14.33 32 32 32h464c8.84 0 16-7.16 16-16v-16c0-8.84-7.16-16-16-16zm-387.2-48h22.4c6.4 0 12.8-6.4 12.8-12.8v-70.4c0-6.4-6.4-12.8-12.8-12.8h-22.4c-6.4 0-12.8 6.4-12.8 12.8v70.4c0 6.4 6.4 12.8 12.8 12.8z\" class=\"\"><\/path><\/svg><\/i> <img loading=\"lazy\" decoding=\"async\" width=\"16\" height=\"16\" alt=\"Loading\" src=\"https:\/\/temucotelevision.cl\/web\/wp-content\/plugins\/page-views-count\/ajax-loader-2x.gif\" border=0 \/><\/p><div class=\"pvc_clear\"><\/div>\n<ul class=\"wp-block-list\">\n<li><em>Un 50% de avance presenta la instalaci\u00f3n de 38 m\u00f3dulos provisorios para la comunidad educativa de la Escuela B\u00e1sica Salvador Allende Gossens de Pailahueque, lo que ofrecer\u00e1 mejores condiciones a estudiantes y docentes. \u201cGracias a la gesti\u00f3n municipal, junto a CMPC, podremos seguir adelante con nuestro proyecto y brindar la educaci\u00f3n de calidad que nuestros ni\u00f1os merecen\u201d, valor\u00f3 su directora, Denisse Navarro.<\/em><\/li>\n<\/ul>\n\n\n\n<p>Con el objetivo de continuar de la mejor manera el a\u00f1o acad\u00e9mico de la comunidad escolar de la Escuela B\u00e1sica Salvador Allende Gossens, es que una alianza entre CMPC, la Municipalidad de Ercilla y Desaf\u00edo Levantemos Chile permite la instalaci\u00f3n de 38 m\u00f3dulos provisorios. Estos podr\u00e1n albergar alrededor de 150 estudiantes y docentes en la localidad de Pailahueque, quienes actualmente se encuentran en un espacio correspondiente a una sede de vecinal de la comuna mientras se desarrolla su proyecto definitivo de infraestructura.<\/p>\n\n\n\n<p>Desde la direcci\u00f3n del establecimiento expresaron su agradecimiento por este apoyo, que ayudar\u00e1 al normal desarrollo de las clases. \u201cEste ha sido un proceso bastante complejo para nosotros como comunidad educativa, y al contar con este espacio provisorio, gracias a la gesti\u00f3n municipal, junto a CMPC, podremos seguir adelante con nuestro proyecto y brindar la educaci\u00f3n de calidad que nuestros ni\u00f1os merecen\u201d, valor\u00f3 Denisse Navarro, directora de la escuela. \u201cAgradecemos a CMPC por confiar en nosotros y por invertir en la educaci\u00f3n de ni\u00f1as y ni\u00f1os de Pailahueque y alrededores\u201d, agreg\u00f3.<\/p>\n\n\n\n<p><strong>50% de avance para tener \u00f3ptimas condiciones<\/strong><\/p>\n\n\n\n<p>Las estructuras que se instalan son met\u00e1licas y est\u00e1n predise\u00f1adas para conformar una unidad educativa, y se espera que sean utilizadas por dos a\u00f1os. El establecimiento contar\u00e1 as\u00ed con 10 aulas, adem\u00e1s de espacios para comedor, ba\u00f1os, patio y administraci\u00f3n.<\/p>\n\n\n\n<p>El traslado y la instalaci\u00f3n de los m\u00f3dulos ya alcanza un 50% de avance y responde a la necesidad de brindar condiciones \u00f3ptimas para la ense\u00f1anza, garantizando que las y los alumnos puedan continuar con su formaci\u00f3n en un entorno seguro y adecuado.<\/p>\n\n\n\n<p>\u201cEsta instalaci\u00f3n de m\u00f3dulos para la escuela de Pailahueque es s\u00faper significativa para nuestra compa\u00f1\u00eda, ya que aportamos para una tem\u00e1tica s\u00faper sensible y de primera necesidad para la localidad, como lo es la educaci\u00f3n b\u00e1sica de ni\u00f1as y ni\u00f1os.<\/p>\n\n\n\n<p>Los m\u00f3dulos estar\u00e1n operativos a partir de mayo de este a\u00f1o, beneficiando directamente a sus casi 150 estudiantes. Al respecto, Carlos Poveda, director de Obras de la Municipalidad de Ercilla, destac\u00f3 el avance del proyecto y el trabajo colaborativo entre el municipio y la empresa privada: \u201cEsto viene a dar, efectivamente, una soluci\u00f3n a la situaci\u00f3n que viven los alumnos de la escuela Salvador Allende de Pailahueque, quienes podr\u00e1n estar en estos m\u00f3dulos por dos a\u00f1os, mientras se construye el establecimiento definitivo\u201d.<\/p>\n\n\n\n<figure class=\"wp-block-image size-large\"><img loading=\"lazy\" decoding=\"async\" width=\"1000\" height=\"667\" src=\"https:\/\/temucotelevision.cl\/web\/wp-content\/uploads\/2025\/03\/modulos-2-1000x667.jpeg\" alt=\"\" class=\"wp-image-55673\" srcset=\"https:\/\/temucotelevision.cl\/web\/wp-content\/uploads\/2025\/03\/modulos-2-1000x667.jpeg 1000w, https:\/\/temucotelevision.cl\/web\/wp-content\/uploads\/2025\/03\/modulos-2-768x512.jpeg 768w, https:\/\/temucotelevision.cl\/web\/wp-content\/uploads\/2025\/03\/modulos-2-1536x1024.jpeg 1536w, https:\/\/temucotelevision.cl\/web\/wp-content\/uploads\/2025\/03\/modulos-2-2048x1366.jpeg 2048w\" sizes=\"auto, (max-width: 1000px) 100vw, 1000px\" \/><\/figure>\n","protected":false},"excerpt":{"rendered":"<div class=\"pvc_clear\"><\/div>\n<p id=\"pvc_stats_55671\" class=\"pvc_stats total_only  \" data-element-id=\"55671\" style=\"\"><i class=\"pvc-stats-icon large\" aria-hidden=\"true\"><svg aria-hidden=\"true\" focusable=\"false\" data-prefix=\"far\" data-icon=\"chart-bar\" role=\"img\" xmlns=\"http:\/\/www.w3.org\/2000\/svg\" viewBox=\"0 0 512 512\" class=\"svg-inline--fa fa-chart-bar fa-w-16 fa-2x\"><path fill=\"currentColor\" d=\"M396.8 352h22.4c6.4 0 12.8-6.4 12.8-12.8V108.8c0-6.4-6.4-12.8-12.8-12.8h-22.4c-6.4 0-12.8 6.4-12.8 12.8v230.4c0 6.4 6.4 12.8 12.8 12.8zm-192 0h22.4c6.4 0 12.8-6.4 12.8-12.8V140.8c0-6.4-6.4-12.8-12.8-12.8h-22.4c-6.4 0-12.8 6.4-12.8 12.8v198.4c0 6.4 6.4 12.8 12.8 12.8zm96 0h22.4c6.4 0 12.8-6.4 12.8-12.8V204.8c0-6.4-6.4-12.8-12.8-12.8h-22.4c-6.4 0-12.8 6.4-12.8 12.8v134.4c0 6.4 6.4 12.8 12.8 12.8zM496 400H48V80c0-8.84-7.16-16-16-16H16C7.16 64 0 71.16 0 80v336c0 17.67 14.33 32 32 32h464c8.84 0 16-7.16 16-16v-16c0-8.84-7.16-16-16-16zm-387.2-48h22.4c6.4 0 12.8-6.4 12.8-12.8v-70.4c0-6.4-6.4-12.8-12.8-12.8h-22.4c-6.4 0-12.8 6.4-12.8 12.8v70.4c0 6.4 6.4 12.8 12.8 12.8z\" class=\"\"><\/path><\/svg><\/i> <img loading=\"lazy\" decoding=\"async\" width=\"16\" height=\"16\" alt=\"Loading\" src=\"https:\/\/temucotelevision.cl\/web\/wp-content\/plugins\/page-views-count\/ajax-loader-2x.gif\" border=0 \/><\/p>\n<div class=\"pvc_clear\"><\/div>\n<p>Con el objetivo de continuar de la mejor manera el a\u00f1o acad\u00e9mico de la comunidad escolar de la Escuela B\u00e1sica<\/p>\n","protected":false},"author":1,"featured_media":55672,"comment_status":"open","ping_status":"open","sticky":false,"template":"","format":"standard","meta":{"colormag_page_container_layout":"default_layout","colormag_page_sidebar_layout":"default_layout","footnotes":""},"categories":[14],"tags":[],"class_list":["post-55671","post","type-post","status-publish","format-standard","has-post-thumbnail","hentry","category-temuco"],"a3_pvc":{"activated":true,"total_views":6159,"today_views":0},"_links":{"self":[{"href":"https:\/\/temucotelevision.cl\/web\/wp-json\/wp\/v2\/posts\/55671","targetHints":{"allow":["GET"]}}],"collection":[{"href":"https:\/\/temucotelevision.cl\/web\/wp-json\/wp\/v2\/posts"}],"about":[{"href":"https:\/\/temucotelevision.cl\/web\/wp-json\/wp\/v2\/types\/post"}],"author":[{"embeddable":true,"href":"https:\/\/temucotelevision.cl\/web\/wp-json\/wp\/v2\/users\/1"}],"replies":[{"embeddable":true,"href":"https:\/\/temucotelevision.cl\/web\/wp-json\/wp\/v2\/comments?post=55671"}],"version-history":[{"count":2,"href":"https:\/\/temucotelevision.cl\/web\/wp-json\/wp\/v2\/posts\/55671\/revisions"}],"predecessor-version":[{"id":55683,"href":"https:\/\/temucotelevision.cl\/web\/wp-json\/wp\/v2\/posts\/55671\/revisions\/55683"}],"wp:featuredmedia":[{"embeddable":true,"href":"https:\/\/temucotelevision.cl\/web\/wp-json\/wp\/v2\/media\/55672"}],"wp:attachment":[{"href":"https:\/\/temucotelevision.cl\/web\/wp-json\/wp\/v2\/media?parent=55671"}],"wp:term":[{"taxonomy":"category","embeddable":true,"href":"https:\/\/temucotelevision.cl\/web\/wp-json\/wp\/v2\/categories?post=55671"},{"taxonomy":"post_tag","embeddable":true,"href":"https:\/\/temucotelevision.cl\/web\/wp-json\/wp\/v2\/tags?post=55671"}],"curies":[{"name":"wp","href":"https:\/\/api.w.org\/{rel}","templated":true}]}}