{"id":55524,"date":"2025-03-18T09:57:14","date_gmt":"2025-03-18T12:57:14","guid":{"rendered":"https:\/\/temucotelevision.cl\/web\/?p=55524"},"modified":"2025-03-18T09:57:15","modified_gmt":"2025-03-18T12:57:15","slug":"diputada-joanna-perez-advierte-que-utilizara-todas-las-herramientas-para-encontrar-responsabilidades-por-muertes-de-electrodependientes","status":"publish","type":"post","link":"https:\/\/temucotelevision.cl\/web\/2025\/03\/18\/diputada-joanna-perez-advierte-que-utilizara-todas-las-herramientas-para-encontrar-responsabilidades-por-muertes-de-electrodependientes\/","title":{"rendered":"Diputada Joanna P\u00e9rez advierte que utilizar\u00e1 todas las herramientas para encontrar responsabilidades por muertes de electrodependientes"},"content":{"rendered":"<div class=\"pvc_clear\"><\/div><p id=\"pvc_stats_55524\" class=\"pvc_stats total_only  \" data-element-id=\"55524\" style=\"\"><i class=\"pvc-stats-icon large\" aria-hidden=\"true\"><svg aria-hidden=\"true\" focusable=\"false\" data-prefix=\"far\" data-icon=\"chart-bar\" role=\"img\" xmlns=\"http:\/\/www.w3.org\/2000\/svg\" viewBox=\"0 0 512 512\" class=\"svg-inline--fa fa-chart-bar fa-w-16 fa-2x\"><path fill=\"currentColor\" d=\"M396.8 352h22.4c6.4 0 12.8-6.4 12.8-12.8V108.8c0-6.4-6.4-12.8-12.8-12.8h-22.4c-6.4 0-12.8 6.4-12.8 12.8v230.4c0 6.4 6.4 12.8 12.8 12.8zm-192 0h22.4c6.4 0 12.8-6.4 12.8-12.8V140.8c0-6.4-6.4-12.8-12.8-12.8h-22.4c-6.4 0-12.8 6.4-12.8 12.8v198.4c0 6.4 6.4 12.8 12.8 12.8zm96 0h22.4c6.4 0 12.8-6.4 12.8-12.8V204.8c0-6.4-6.4-12.8-12.8-12.8h-22.4c-6.4 0-12.8 6.4-12.8 12.8v134.4c0 6.4 6.4 12.8 12.8 12.8zM496 400H48V80c0-8.84-7.16-16-16-16H16C7.16 64 0 71.16 0 80v336c0 17.67 14.33 32 32 32h464c8.84 0 16-7.16 16-16v-16c0-8.84-7.16-16-16-16zm-387.2-48h22.4c6.4 0 12.8-6.4 12.8-12.8v-70.4c0-6.4-6.4-12.8-12.8-12.8h-22.4c-6.4 0-12.8 6.4-12.8 12.8v70.4c0 6.4 6.4 12.8 12.8 12.8z\" class=\"\"><\/path><\/svg><\/i> <img loading=\"lazy\" decoding=\"async\" width=\"16\" height=\"16\" alt=\"Loading\" src=\"https:\/\/temucotelevision.cl\/web\/wp-content\/plugins\/page-views-count\/ajax-loader-2x.gif\" border=0 \/><\/p><div class=\"pvc_clear\"><\/div>\n<p><em>Lo anterior, producto de que la Superintendencia de Electricidad y Combustibles remiti\u00f3 un informe con antecedentes al Ministerio P\u00fablico para determinar si este mega corte influy\u00f3 en la muerte de seis personas electrodependientes.<\/em><\/p>\n\n\n\n<p>La diputada del partido Dem\u00f3cratas y firmante de un proyecto de ley para la protecci\u00f3n de los electrodependientes, Joanna P\u00e9rez, valor\u00f3 el informe entregado por la SEC al Ministerio P\u00fablico, pero fue enf\u00e1tica en que este hecho es grave y, por ello, busca investigar a fondo la situaci\u00f3n con su capacidad fiscalizadora. Adem\u00e1s, hizo un llamado al gobierno a utilizar todos los mecanismos disponibles para conocer la verdad y determinar si hubo responsabilidades en la muerte de seis personas electrodependientes debido a la falta de medidas de las empresas el\u00e9ctricas.<\/p>\n\n\n\n<p>\u201cHemos recibido informaci\u00f3n a trav\u00e9s de un informe elaborado por la Superintendencia de Electricidad y Combustibles (SEC), relacionado con las personas electrodependientes que perdieron la vida despu\u00e9s del apag\u00f3n, y esto ser\u00eda responsabilidad de la empresa Enel. Creemos que esto es tremendamente grave; Diputada Joanna P\u00e9rez.<\/p>\n\n\n\n<p>Asimismo, agreg\u00f3: \u201cAqu\u00ed ha faltado fiscalizaci\u00f3n. Creemos que las empresas deben ser responsables, y espero que la Fiscal\u00eda pueda los antecedentes necesarios para, por un lado, iniciar las acciones judiciales pertinentes, pero tambi\u00e9n para que el propio Estado cumpla su rol fiscalizador a trav\u00e9s de la SEC, porque las familias no pueden quedar solas\u201d.<\/p>\n\n\n\n<p>Finalmente, sentenci\u00f3: \u201cNosotros, desde la C\u00e1mara de Diputados y Diputadas, tambi\u00e9n haremos lo que nos corresponde en la Comisi\u00f3n Investigadora, para entregar apoyo a las familias de estas personas que perdieron la vida. Hay tres l\u00edneas de acci\u00f3n que se pueden abrir para asegurar que las empresas cumplan la ley, para que el gobierno ejecute las leyes adecuadas y, de una vez por todas, nos hagamos responsables de mejorar la calidad de vida de las personas y evitar m\u00e1s muertes lamentables\u201d.<\/p>\n","protected":false},"excerpt":{"rendered":"<div class=\"pvc_clear\"><\/div>\n<p id=\"pvc_stats_55524\" class=\"pvc_stats total_only  \" data-element-id=\"55524\" style=\"\"><i class=\"pvc-stats-icon large\" aria-hidden=\"true\"><svg aria-hidden=\"true\" focusable=\"false\" data-prefix=\"far\" data-icon=\"chart-bar\" role=\"img\" xmlns=\"http:\/\/www.w3.org\/2000\/svg\" viewBox=\"0 0 512 512\" class=\"svg-inline--fa fa-chart-bar fa-w-16 fa-2x\"><path fill=\"currentColor\" d=\"M396.8 352h22.4c6.4 0 12.8-6.4 12.8-12.8V108.8c0-6.4-6.4-12.8-12.8-12.8h-22.4c-6.4 0-12.8 6.4-12.8 12.8v230.4c0 6.4 6.4 12.8 12.8 12.8zm-192 0h22.4c6.4 0 12.8-6.4 12.8-12.8V140.8c0-6.4-6.4-12.8-12.8-12.8h-22.4c-6.4 0-12.8 6.4-12.8 12.8v198.4c0 6.4 6.4 12.8 12.8 12.8zm96 0h22.4c6.4 0 12.8-6.4 12.8-12.8V204.8c0-6.4-6.4-12.8-12.8-12.8h-22.4c-6.4 0-12.8 6.4-12.8 12.8v134.4c0 6.4 6.4 12.8 12.8 12.8zM496 400H48V80c0-8.84-7.16-16-16-16H16C7.16 64 0 71.16 0 80v336c0 17.67 14.33 32 32 32h464c8.84 0 16-7.16 16-16v-16c0-8.84-7.16-16-16-16zm-387.2-48h22.4c6.4 0 12.8-6.4 12.8-12.8v-70.4c0-6.4-6.4-12.8-12.8-12.8h-22.4c-6.4 0-12.8 6.4-12.8 12.8v70.4c0 6.4 6.4 12.8 12.8 12.8z\" class=\"\"><\/path><\/svg><\/i> <img loading=\"lazy\" decoding=\"async\" width=\"16\" height=\"16\" alt=\"Loading\" src=\"https:\/\/temucotelevision.cl\/web\/wp-content\/plugins\/page-views-count\/ajax-loader-2x.gif\" border=0 \/><\/p>\n<div class=\"pvc_clear\"><\/div>\n<p>Lo anterior, producto de que la Superintendencia de Electricidad y Combustibles remiti\u00f3 un informe con antecedentes al Ministerio P\u00fablico para<\/p>\n","protected":false},"author":1,"featured_media":55525,"comment_status":"open","ping_status":"open","sticky":false,"template":"","format":"standard","meta":{"colormag_page_container_layout":"default_layout","colormag_page_sidebar_layout":"default_layout","footnotes":""},"categories":[84],"tags":[788],"class_list":["post-55524","post","type-post","status-publish","format-standard","has-post-thumbnail","hentry","category-politica","tag-diputada"],"a3_pvc":{"activated":true,"total_views":2197,"today_views":0},"_links":{"self":[{"href":"https:\/\/temucotelevision.cl\/web\/wp-json\/wp\/v2\/posts\/55524","targetHints":{"allow":["GET"]}}],"collection":[{"href":"https:\/\/temucotelevision.cl\/web\/wp-json\/wp\/v2\/posts"}],"about":[{"href":"https:\/\/temucotelevision.cl\/web\/wp-json\/wp\/v2\/types\/post"}],"author":[{"embeddable":true,"href":"https:\/\/temucotelevision.cl\/web\/wp-json\/wp\/v2\/users\/1"}],"replies":[{"embeddable":true,"href":"https:\/\/temucotelevision.cl\/web\/wp-json\/wp\/v2\/comments?post=55524"}],"version-history":[{"count":1,"href":"https:\/\/temucotelevision.cl\/web\/wp-json\/wp\/v2\/posts\/55524\/revisions"}],"predecessor-version":[{"id":55526,"href":"https:\/\/temucotelevision.cl\/web\/wp-json\/wp\/v2\/posts\/55524\/revisions\/55526"}],"wp:featuredmedia":[{"embeddable":true,"href":"https:\/\/temucotelevision.cl\/web\/wp-json\/wp\/v2\/media\/55525"}],"wp:attachment":[{"href":"https:\/\/temucotelevision.cl\/web\/wp-json\/wp\/v2\/media?parent=55524"}],"wp:term":[{"taxonomy":"category","embeddable":true,"href":"https:\/\/temucotelevision.cl\/web\/wp-json\/wp\/v2\/categories?post=55524"},{"taxonomy":"post_tag","embeddable":true,"href":"https:\/\/temucotelevision.cl\/web\/wp-json\/wp\/v2\/tags?post=55524"}],"curies":[{"name":"wp","href":"https:\/\/api.w.org\/{rel}","templated":true}]}}