{"id":55520,"date":"2025-03-17T16:13:52","date_gmt":"2025-03-17T19:13:52","guid":{"rendered":"https:\/\/temucotelevision.cl\/web\/?p=55520"},"modified":"2025-03-17T16:13:52","modified_gmt":"2025-03-17T19:13:52","slug":"malleco-unido-e-imperial-unido-empataron-en-el-primer-duelo-de-la-copa-cmpc","status":"publish","type":"post","link":"https:\/\/temucotelevision.cl\/web\/2025\/03\/17\/malleco-unido-e-imperial-unido-empataron-en-el-primer-duelo-de-la-copa-cmpc\/","title":{"rendered":"Malleco Unido e Imperial Unido empataron en el primer duelo de la Copa CMPC"},"content":{"rendered":"<div class=\"pvc_clear\"><\/div><p id=\"pvc_stats_55520\" class=\"pvc_stats total_only  \" data-element-id=\"55520\" style=\"\"><i class=\"pvc-stats-icon large\" aria-hidden=\"true\"><svg aria-hidden=\"true\" focusable=\"false\" data-prefix=\"far\" data-icon=\"chart-bar\" role=\"img\" xmlns=\"http:\/\/www.w3.org\/2000\/svg\" viewBox=\"0 0 512 512\" class=\"svg-inline--fa fa-chart-bar fa-w-16 fa-2x\"><path fill=\"currentColor\" d=\"M396.8 352h22.4c6.4 0 12.8-6.4 12.8-12.8V108.8c0-6.4-6.4-12.8-12.8-12.8h-22.4c-6.4 0-12.8 6.4-12.8 12.8v230.4c0 6.4 6.4 12.8 12.8 12.8zm-192 0h22.4c6.4 0 12.8-6.4 12.8-12.8V140.8c0-6.4-6.4-12.8-12.8-12.8h-22.4c-6.4 0-12.8 6.4-12.8 12.8v198.4c0 6.4 6.4 12.8 12.8 12.8zm96 0h22.4c6.4 0 12.8-6.4 12.8-12.8V204.8c0-6.4-6.4-12.8-12.8-12.8h-22.4c-6.4 0-12.8 6.4-12.8 12.8v134.4c0 6.4 6.4 12.8 12.8 12.8zM496 400H48V80c0-8.84-7.16-16-16-16H16C7.16 64 0 71.16 0 80v336c0 17.67 14.33 32 32 32h464c8.84 0 16-7.16 16-16v-16c0-8.84-7.16-16-16-16zm-387.2-48h22.4c6.4 0 12.8-6.4 12.8-12.8v-70.4c0-6.4-6.4-12.8-12.8-12.8h-22.4c-6.4 0-12.8 6.4-12.8 12.8v70.4c0 6.4 6.4 12.8 12.8 12.8z\" class=\"\"><\/path><\/svg><\/i> <img loading=\"lazy\" decoding=\"async\" width=\"16\" height=\"16\" alt=\"Loading\" src=\"https:\/\/temucotelevision.cl\/web\/wp-content\/plugins\/page-views-count\/ajax-loader-2x.gif\" border=0 \/><\/p><div class=\"pvc_clear\"><\/div>\n<ul class=\"wp-block-list\">\n<li><em>Con motivo de los 105 a\u00f1os de la compa\u00f1\u00eda, se celebra un trofeo amistoso entre los dos clubes de La Araucan\u00eda, ambos apoyados por CMPC, y que este a\u00f1o competir\u00e1n en la Tercera A del f\u00fatbol chileno. La revancha ser\u00e1 este domingo a las 18 horas, en Angol.<\/em><\/li>\n<\/ul>\n\n\n\n<p>Un apretado duelo se vivi\u00f3 en Nueva Imperial, con la ida de la Copa CMPC entre Imperial Unido y Malleco Unido. El trofeo se disputa en el contexto de los 105 a\u00f1os de la compa\u00f1\u00eda, que apoya a ambos elencos de La Araucan\u00eda, y que este a\u00f1o competir\u00e1n en la Tercera A del f\u00fatbol chileno.<\/p>\n\n\n\n<p>En el Estadio Diego Portales, Basti\u00e1n Henr\u00edquez y Juan Villablanca anotaron para el local, mientras que para la visita se convirtieron en Lucas Benavides y Brayan Ortega. Con las graduadas llenas con hinchas de ambos equipos, se disput\u00f3 un partido re\u00f1ido, que servir\u00e1 de delantal para el torneo que inicia en abril.<\/p>\n\n\n\n<p>Cabe recordar, que Imperial Unido ascendi\u00f3 a la categor\u00eda luego de ser campe\u00f3n en Tercera B en 2023, mismo cetro que logr\u00f3 Malleco Unido en 2024, vali\u00e9ndole el anhelado ascenso.<\/p>\n\n\n\n<p>Desde CMPC, Gustavo Apablaza, subgerente de Relacionamiento Territorial de CMPC, coment\u00f3 que \u201cse conjuga todo para poder generar esta fiesta en torno al deporte, la vida sana. Invitamos a la familia, a los ni\u00f1os, a disfrutar de este evento deportivo que hemos querido desarrollar con clubes que estamos apoyando hace un tiempo\u201d.<\/p>\n\n\n\n<p>La revancha ser\u00e1 este domingo 23 de marzo, a las 18:00 horas en la capital de Malleco, en el Estadio Alberto Larraguibel. La llave est\u00e1 abierta, para ver qui\u00e9n levanta la copa.<\/p>\n\n\n\n<figure class=\"wp-block-image size-large\"><img loading=\"lazy\" decoding=\"async\" width=\"1000\" height=\"667\" src=\"https:\/\/temucotelevision.cl\/web\/wp-content\/uploads\/2025\/03\/IMG_8800-1000x667.jpg\" alt=\"\" class=\"wp-image-55522\" srcset=\"https:\/\/temucotelevision.cl\/web\/wp-content\/uploads\/2025\/03\/IMG_8800-1000x667.jpg 1000w, https:\/\/temucotelevision.cl\/web\/wp-content\/uploads\/2025\/03\/IMG_8800-768x512.jpg 768w, https:\/\/temucotelevision.cl\/web\/wp-content\/uploads\/2025\/03\/IMG_8800-1536x1024.jpg 1536w, https:\/\/temucotelevision.cl\/web\/wp-content\/uploads\/2025\/03\/IMG_8800.jpg 1920w\" sizes=\"auto, (max-width: 1000px) 100vw, 1000px\" \/><\/figure>\n","protected":false},"excerpt":{"rendered":"<div class=\"pvc_clear\"><\/div>\n<p id=\"pvc_stats_55520\" class=\"pvc_stats total_only  \" data-element-id=\"55520\" style=\"\"><i class=\"pvc-stats-icon large\" aria-hidden=\"true\"><svg aria-hidden=\"true\" focusable=\"false\" data-prefix=\"far\" data-icon=\"chart-bar\" role=\"img\" xmlns=\"http:\/\/www.w3.org\/2000\/svg\" viewBox=\"0 0 512 512\" class=\"svg-inline--fa fa-chart-bar fa-w-16 fa-2x\"><path fill=\"currentColor\" d=\"M396.8 352h22.4c6.4 0 12.8-6.4 12.8-12.8V108.8c0-6.4-6.4-12.8-12.8-12.8h-22.4c-6.4 0-12.8 6.4-12.8 12.8v230.4c0 6.4 6.4 12.8 12.8 12.8zm-192 0h22.4c6.4 0 12.8-6.4 12.8-12.8V140.8c0-6.4-6.4-12.8-12.8-12.8h-22.4c-6.4 0-12.8 6.4-12.8 12.8v198.4c0 6.4 6.4 12.8 12.8 12.8zm96 0h22.4c6.4 0 12.8-6.4 12.8-12.8V204.8c0-6.4-6.4-12.8-12.8-12.8h-22.4c-6.4 0-12.8 6.4-12.8 12.8v134.4c0 6.4 6.4 12.8 12.8 12.8zM496 400H48V80c0-8.84-7.16-16-16-16H16C7.16 64 0 71.16 0 80v336c0 17.67 14.33 32 32 32h464c8.84 0 16-7.16 16-16v-16c0-8.84-7.16-16-16-16zm-387.2-48h22.4c6.4 0 12.8-6.4 12.8-12.8v-70.4c0-6.4-6.4-12.8-12.8-12.8h-22.4c-6.4 0-12.8 6.4-12.8 12.8v70.4c0 6.4 6.4 12.8 12.8 12.8z\" class=\"\"><\/path><\/svg><\/i> <img loading=\"lazy\" decoding=\"async\" width=\"16\" height=\"16\" alt=\"Loading\" src=\"https:\/\/temucotelevision.cl\/web\/wp-content\/plugins\/page-views-count\/ajax-loader-2x.gif\" border=0 \/><\/p>\n<div class=\"pvc_clear\"><\/div>\n<p>Un apretado duelo se vivi\u00f3 en Nueva Imperial, con la ida de la Copa CMPC entre Imperial Unido y Malleco<\/p>\n","protected":false},"author":1,"featured_media":55521,"comment_status":"open","ping_status":"open","sticky":false,"template":"","format":"standard","meta":{"colormag_page_container_layout":"default_layout","colormag_page_sidebar_layout":"default_layout","footnotes":""},"categories":[101,86],"tags":[1962],"class_list":["post-55520","post","type-post","status-publish","format-standard","has-post-thumbnail","hentry","category-actualidad","category-panoramas","tag-futbol-2"],"a3_pvc":{"activated":true,"total_views":1086,"today_views":0},"_links":{"self":[{"href":"https:\/\/temucotelevision.cl\/web\/wp-json\/wp\/v2\/posts\/55520","targetHints":{"allow":["GET"]}}],"collection":[{"href":"https:\/\/temucotelevision.cl\/web\/wp-json\/wp\/v2\/posts"}],"about":[{"href":"https:\/\/temucotelevision.cl\/web\/wp-json\/wp\/v2\/types\/post"}],"author":[{"embeddable":true,"href":"https:\/\/temucotelevision.cl\/web\/wp-json\/wp\/v2\/users\/1"}],"replies":[{"embeddable":true,"href":"https:\/\/temucotelevision.cl\/web\/wp-json\/wp\/v2\/comments?post=55520"}],"version-history":[{"count":1,"href":"https:\/\/temucotelevision.cl\/web\/wp-json\/wp\/v2\/posts\/55520\/revisions"}],"predecessor-version":[{"id":55523,"href":"https:\/\/temucotelevision.cl\/web\/wp-json\/wp\/v2\/posts\/55520\/revisions\/55523"}],"wp:featuredmedia":[{"embeddable":true,"href":"https:\/\/temucotelevision.cl\/web\/wp-json\/wp\/v2\/media\/55521"}],"wp:attachment":[{"href":"https:\/\/temucotelevision.cl\/web\/wp-json\/wp\/v2\/media?parent=55520"}],"wp:term":[{"taxonomy":"category","embeddable":true,"href":"https:\/\/temucotelevision.cl\/web\/wp-json\/wp\/v2\/categories?post=55520"},{"taxonomy":"post_tag","embeddable":true,"href":"https:\/\/temucotelevision.cl\/web\/wp-json\/wp\/v2\/tags?post=55520"}],"curies":[{"name":"wp","href":"https:\/\/api.w.org\/{rel}","templated":true}]}}