{"id":55517,"date":"2025-03-17T16:06:20","date_gmt":"2025-03-17T19:06:20","guid":{"rendered":"https:\/\/temucotelevision.cl\/web\/?p=55517"},"modified":"2025-03-17T16:06:21","modified_gmt":"2025-03-17T19:06:21","slug":"la-orquesta-filarmonica-de-temuco-inicia-su-ciclo-de-conciertos-educacionales-2025-en-la-escuela-llaima","status":"publish","type":"post","link":"https:\/\/temucotelevision.cl\/web\/2025\/03\/17\/la-orquesta-filarmonica-de-temuco-inicia-su-ciclo-de-conciertos-educacionales-2025-en-la-escuela-llaima\/","title":{"rendered":"La Orquesta Filarm\u00f3nica de Temuco inicia su ciclo de Conciertos Educacionales 2025 en la Escuela Llaima"},"content":{"rendered":"<div class=\"pvc_clear\"><\/div><p id=\"pvc_stats_55517\" class=\"pvc_stats total_only  \" data-element-id=\"55517\" style=\"\"><i class=\"pvc-stats-icon large\" aria-hidden=\"true\"><svg aria-hidden=\"true\" focusable=\"false\" data-prefix=\"far\" data-icon=\"chart-bar\" role=\"img\" xmlns=\"http:\/\/www.w3.org\/2000\/svg\" viewBox=\"0 0 512 512\" class=\"svg-inline--fa fa-chart-bar fa-w-16 fa-2x\"><path fill=\"currentColor\" d=\"M396.8 352h22.4c6.4 0 12.8-6.4 12.8-12.8V108.8c0-6.4-6.4-12.8-12.8-12.8h-22.4c-6.4 0-12.8 6.4-12.8 12.8v230.4c0 6.4 6.4 12.8 12.8 12.8zm-192 0h22.4c6.4 0 12.8-6.4 12.8-12.8V140.8c0-6.4-6.4-12.8-12.8-12.8h-22.4c-6.4 0-12.8 6.4-12.8 12.8v198.4c0 6.4 6.4 12.8 12.8 12.8zm96 0h22.4c6.4 0 12.8-6.4 12.8-12.8V204.8c0-6.4-6.4-12.8-12.8-12.8h-22.4c-6.4 0-12.8 6.4-12.8 12.8v134.4c0 6.4 6.4 12.8 12.8 12.8zM496 400H48V80c0-8.84-7.16-16-16-16H16C7.16 64 0 71.16 0 80v336c0 17.67 14.33 32 32 32h464c8.84 0 16-7.16 16-16v-16c0-8.84-7.16-16-16-16zm-387.2-48h22.4c6.4 0 12.8-6.4 12.8-12.8v-70.4c0-6.4-6.4-12.8-12.8-12.8h-22.4c-6.4 0-12.8 6.4-12.8 12.8v70.4c0 6.4 6.4 12.8 12.8 12.8z\" class=\"\"><\/path><\/svg><\/i> <img loading=\"lazy\" decoding=\"async\" width=\"16\" height=\"16\" alt=\"Loading\" src=\"https:\/\/temucotelevision.cl\/web\/wp-content\/plugins\/page-views-count\/ajax-loader-2x.gif\" border=0 \/><\/p><div class=\"pvc_clear\"><\/div>\n<p>Con la presencia del alcalde de Temuco, Roberto Neira; el seremi de las Culturas, las Artes y el Patrimonio de La Araucan\u00eda, Eric Iturriaga; el jefe del Departamento de Educaci\u00f3n de la Seremi de Educaci\u00f3n Araucan\u00eda, Alex Hormaz\u00e1bal; la gerente y directora del Teatro Municipal de Temuco, Carolina Castillo; la coordinadora regional de Educaci\u00f3n Art\u00edstica del Departamento de Educaci\u00f3n SEREMI Araucan\u00eda, Nora Rozas de La Barra; el director de la Orquesta Filarm\u00f3nica de Temuco, David Ayma; y la directora de la Escuela Llaima, Ximena Aguayo, la Orquesta Filarm\u00f3nica de Temuco dio inicio a su ciclo de conciertos educacionales 2025 en la Escuela Llaima.<\/p>\n\n\n\n<p>La iniciativa impulsada por la Corporaci\u00f3n Cultural de Temuco y financiado por el Ministerio de las Culturas, las Artes y el Patrimonio, ha sido dise\u00f1ada para que los estudiantes puedan conocer de cerca el mundo orquestal. Durante la jornada inaugural, los estudiantes disfrutaron de un repertorio cuidadosamente seleccionado, que incluy\u00f3 la obertura&nbsp;<em>Aureliano in Palmira<\/em>&nbsp;de Rossini,&nbsp;<em>Die Hebriden, Op. 26<\/em>&nbsp;de Mendelssohn y el&nbsp;<em>Pasacalle<\/em>&nbsp;de la zarzuela&nbsp;<em>Agua, Azucarillos y Aguardiente<\/em>&nbsp;de Chueca, en un arreglo especial del director de la orquesta, David Ayma.<\/p>\n\n\n\n<p>El alcalde de Temuco, Roberto Neira, destac\u00f3 la importancia de esta iniciativa: \u201cNuestra hermosa orquesta filarm\u00f3nica de Temuco, una de las m\u00e1s importantes de Chile, y que sin duda llevarla a establecimientos educacionales tanto de Temuco como de la regi\u00f3n, nos permite sentirnos orgullosos. Ni\u00f1os y ni\u00f1as que quiz\u00e1s no pueden ir al teatro o desconocen el trabajo de este elenco estable ahora tienen la oportunidad de conocerlo. Estoy feliz de que podamos salir del teatro a hacer cultura en los establecimientos educativos\u201d.<\/p>\n\n\n\n<p>Este programa de conciertos se extender\u00e1 a diversos establecimientos de la regi\u00f3n, incluyendo escuelas, liceos y centros infantiles en Temuco, Vilc\u00fan, Padre Las Casas, Nueva Imperial, Victoria, entre otras comunas, hasta diciembre de 2025.&nbsp;<\/p>\n\n\n\n<p>El seremi de las Culturas, Eric Iturriaga,<em>&nbsp;<\/em>subray\u00f3 la relevancia de este apoyo: \u201cEsto es posible gracias a un convenio que firma el Ministerio de las Culturas con la Corporaci\u00f3n cultural, para el financiamiento de la orquesta filarm\u00f3nica de Temuco por un monto de 311 millones de pesos, d\u00e1ndole sostenibilidad a la calidad art\u00edstica dentro de teatro, pero tambi\u00e9n con una vinculaci\u00f3n con los territorios con estos conciertos educativos en Temuco pero tambi\u00e9n en otras comunas de la regi\u00f3n\u201d, sentenci\u00f3.<\/p>\n\n\n\n<p>El impacto positivo de la m\u00fasica en la educaci\u00f3n es ampliamente reconocido, ya que contribuye al desarrollo cognitivo, emocional y social de los estudiantes. Iniciativas como esta permiten que los ni\u00f1os y ni\u00f1as experimenten el poder transformador de la m\u00fasica, fomentando su creatividad, sensibilidad art\u00edstica y trabajo en equipo.<\/p>\n\n\n\n<p>David Ayma, director de la Orquesta Filarm\u00f3nica de Temuco, afirm\u00f3: \u201cPara nosotros es muy importante la comuni\u00f3n con nuestra comunidad. Nos sentimos parte de ella, y por eso nos debemos llevar la m\u00fasica docta a todos los rincones posibles. Participar con los estudiantes en sus entornos educativos o en el teatro nos permite mostrarles un tipo de m\u00fasica al que normalmente no tienen acceso y explicarles c\u00f3mo funciona una orquesta\u201d.<\/p>\n\n\n\n<p>El concierto en la Escuela Llaima fue solo el comienzo de esta experiencia transformadora. La jornada incluy\u00f3 una instancia participativa, donde un estudiante tuvo la oportunidad de subir al escenario y experimentar la direcci\u00f3n de la orquesta, brindando una experiencia \u00fanica que conect\u00f3 a\u00fan m\u00e1s a los ni\u00f1os y ni\u00f1as con la m\u00fasica desde una nueva perspectiva.<\/p>\n\n\n\n<p>Con este programa, la Orquesta Filarm\u00f3nica de Temuco reafirma su compromiso con la difusi\u00f3n cultural y la formaci\u00f3n musical en la regi\u00f3n, llevando la m\u00fasica a las aulas y generando nuevas audiencias para el arte orquestal.<\/p>\n","protected":false},"excerpt":{"rendered":"<div class=\"pvc_clear\"><\/div>\n<p id=\"pvc_stats_55517\" class=\"pvc_stats total_only  \" data-element-id=\"55517\" style=\"\"><i class=\"pvc-stats-icon large\" aria-hidden=\"true\"><svg aria-hidden=\"true\" focusable=\"false\" data-prefix=\"far\" data-icon=\"chart-bar\" role=\"img\" xmlns=\"http:\/\/www.w3.org\/2000\/svg\" viewBox=\"0 0 512 512\" class=\"svg-inline--fa fa-chart-bar fa-w-16 fa-2x\"><path fill=\"currentColor\" d=\"M396.8 352h22.4c6.4 0 12.8-6.4 12.8-12.8V108.8c0-6.4-6.4-12.8-12.8-12.8h-22.4c-6.4 0-12.8 6.4-12.8 12.8v230.4c0 6.4 6.4 12.8 12.8 12.8zm-192 0h22.4c6.4 0 12.8-6.4 12.8-12.8V140.8c0-6.4-6.4-12.8-12.8-12.8h-22.4c-6.4 0-12.8 6.4-12.8 12.8v198.4c0 6.4 6.4 12.8 12.8 12.8zm96 0h22.4c6.4 0 12.8-6.4 12.8-12.8V204.8c0-6.4-6.4-12.8-12.8-12.8h-22.4c-6.4 0-12.8 6.4-12.8 12.8v134.4c0 6.4 6.4 12.8 12.8 12.8zM496 400H48V80c0-8.84-7.16-16-16-16H16C7.16 64 0 71.16 0 80v336c0 17.67 14.33 32 32 32h464c8.84 0 16-7.16 16-16v-16c0-8.84-7.16-16-16-16zm-387.2-48h22.4c6.4 0 12.8-6.4 12.8-12.8v-70.4c0-6.4-6.4-12.8-12.8-12.8h-22.4c-6.4 0-12.8 6.4-12.8 12.8v70.4c0 6.4 6.4 12.8 12.8 12.8z\" class=\"\"><\/path><\/svg><\/i> <img loading=\"lazy\" decoding=\"async\" width=\"16\" height=\"16\" alt=\"Loading\" src=\"https:\/\/temucotelevision.cl\/web\/wp-content\/plugins\/page-views-count\/ajax-loader-2x.gif\" border=0 \/><\/p>\n<div class=\"pvc_clear\"><\/div>\n<p>Con la presencia del alcalde de Temuco, Roberto Neira; el seremi de las Culturas, las Artes y el Patrimonio de<\/p>\n","protected":false},"author":1,"featured_media":55518,"comment_status":"open","ping_status":"open","sticky":false,"template":"","format":"standard","meta":{"colormag_page_container_layout":"default_layout","colormag_page_sidebar_layout":"default_layout","footnotes":""},"categories":[86],"tags":[1299],"class_list":["post-55517","post","type-post","status-publish","format-standard","has-post-thumbnail","hentry","category-panoramas","tag-orquesta"],"a3_pvc":{"activated":true,"total_views":953,"today_views":0},"_links":{"self":[{"href":"https:\/\/temucotelevision.cl\/web\/wp-json\/wp\/v2\/posts\/55517","targetHints":{"allow":["GET"]}}],"collection":[{"href":"https:\/\/temucotelevision.cl\/web\/wp-json\/wp\/v2\/posts"}],"about":[{"href":"https:\/\/temucotelevision.cl\/web\/wp-json\/wp\/v2\/types\/post"}],"author":[{"embeddable":true,"href":"https:\/\/temucotelevision.cl\/web\/wp-json\/wp\/v2\/users\/1"}],"replies":[{"embeddable":true,"href":"https:\/\/temucotelevision.cl\/web\/wp-json\/wp\/v2\/comments?post=55517"}],"version-history":[{"count":1,"href":"https:\/\/temucotelevision.cl\/web\/wp-json\/wp\/v2\/posts\/55517\/revisions"}],"predecessor-version":[{"id":55519,"href":"https:\/\/temucotelevision.cl\/web\/wp-json\/wp\/v2\/posts\/55517\/revisions\/55519"}],"wp:featuredmedia":[{"embeddable":true,"href":"https:\/\/temucotelevision.cl\/web\/wp-json\/wp\/v2\/media\/55518"}],"wp:attachment":[{"href":"https:\/\/temucotelevision.cl\/web\/wp-json\/wp\/v2\/media?parent=55517"}],"wp:term":[{"taxonomy":"category","embeddable":true,"href":"https:\/\/temucotelevision.cl\/web\/wp-json\/wp\/v2\/categories?post=55517"},{"taxonomy":"post_tag","embeddable":true,"href":"https:\/\/temucotelevision.cl\/web\/wp-json\/wp\/v2\/tags?post=55517"}],"curies":[{"name":"wp","href":"https:\/\/api.w.org\/{rel}","templated":true}]}}