{"id":55515,"date":"2025-03-17T15:53:41","date_gmt":"2025-03-17T18:53:41","guid":{"rendered":"https:\/\/temucotelevision.cl\/web\/?p=55515"},"modified":"2025-03-17T15:53:42","modified_gmt":"2025-03-17T18:53:42","slug":"polemica-por-portico-de-seguridad-en-temuco-diputado-leal-pedira-explicaciones-al-ministro-cataldo","status":"publish","type":"post","link":"https:\/\/temucotelevision.cl\/web\/2025\/03\/17\/polemica-por-portico-de-seguridad-en-temuco-diputado-leal-pedira-explicaciones-al-ministro-cataldo\/","title":{"rendered":"Pol\u00e9mica por P\u00f3rtico de Seguridad en Temuco: Diputado Leal pedir\u00e1 explicaciones al Ministro Cataldo"},"content":{"rendered":"<div class=\"pvc_clear\"><\/div><p id=\"pvc_stats_55515\" class=\"pvc_stats total_only  \" data-element-id=\"55515\" style=\"\"><i class=\"pvc-stats-icon large\" aria-hidden=\"true\"><svg aria-hidden=\"true\" focusable=\"false\" data-prefix=\"far\" data-icon=\"chart-bar\" role=\"img\" xmlns=\"http:\/\/www.w3.org\/2000\/svg\" viewBox=\"0 0 512 512\" class=\"svg-inline--fa fa-chart-bar fa-w-16 fa-2x\"><path fill=\"currentColor\" d=\"M396.8 352h22.4c6.4 0 12.8-6.4 12.8-12.8V108.8c0-6.4-6.4-12.8-12.8-12.8h-22.4c-6.4 0-12.8 6.4-12.8 12.8v230.4c0 6.4 6.4 12.8 12.8 12.8zm-192 0h22.4c6.4 0 12.8-6.4 12.8-12.8V140.8c0-6.4-6.4-12.8-12.8-12.8h-22.4c-6.4 0-12.8 6.4-12.8 12.8v198.4c0 6.4 6.4 12.8 12.8 12.8zm96 0h22.4c6.4 0 12.8-6.4 12.8-12.8V204.8c0-6.4-6.4-12.8-12.8-12.8h-22.4c-6.4 0-12.8 6.4-12.8 12.8v134.4c0 6.4 6.4 12.8 12.8 12.8zM496 400H48V80c0-8.84-7.16-16-16-16H16C7.16 64 0 71.16 0 80v336c0 17.67 14.33 32 32 32h464c8.84 0 16-7.16 16-16v-16c0-8.84-7.16-16-16-16zm-387.2-48h22.4c6.4 0 12.8-6.4 12.8-12.8v-70.4c0-6.4-6.4-12.8-12.8-12.8h-22.4c-6.4 0-12.8 6.4-12.8 12.8v70.4c0 6.4 6.4 12.8 12.8 12.8z\" class=\"\"><\/path><\/svg><\/i> <img loading=\"lazy\" decoding=\"async\" width=\"16\" height=\"16\" alt=\"Loading\" src=\"https:\/\/temucotelevision.cl\/web\/wp-content\/plugins\/page-views-count\/ajax-loader-2x.gif\" border=0 \/><\/p><div class=\"pvc_clear\"><\/div>\n<p><em>El representante de La Araucan\u00eda pedir\u00e1 al Congreso, citar al ministro Cataldo a la Comisi\u00f3n de Seguridad de la C\u00e1mara de Diputados para que otorgue una explicaci\u00f3n por las declaraciones de la Supereduc, ya que, asegura, \u201cquieren sancionar al municipio por resguardar la vida y la integridad de los alumnos, profesores y de toda la comunidad educativa, es algo incompresible\u201d.<\/em><\/p>\n\n\n\n<p>Tras la instalaci\u00f3n del p\u00f3rtico detector de metales en el Instituto Superior de Comercio Tiburcio Saavedra Alarc\u00f3n de Temuco, el fiscal de la Superintendencia de Educaci\u00f3n, Miguel Z\u00e1rate, inform\u00f3 que se eval\u00faa una sanci\u00f3n al municipio de Temuco, ya que, seg\u00fan coment\u00f3, \u201cla medida no cuenta con autorizaci\u00f3n\u201d.<\/p>\n\n\n\n<p>Ante esta situaci\u00f3n, el diputado, Henry Leal, quien, anunci\u00f3 la presentaci\u00f3n de un proyecto de ley, que permita facultar a los alcaldes&nbsp;&nbsp;y sostenedores de instalar estos p\u00f3rticos de seguridad, solicitar\u00e1 al Congreso, citar al Ministro de Educaci\u00f3n, Nicol\u00e1s Cataldo, a la Comisi\u00f3n de Seguridad de la C\u00e1mara de Diputados para que entregue una explicaci\u00f3n respecto a esta posible sanci\u00f3n, ya que asegura, \u201c<em>este es el problema que tiene el Gobierno, que prefiere garantizar los derechos de los j\u00f3venes delincuentes que proteger la vida de los j\u00f3venes que van a estudiar\u201d.<\/em><\/p>\n\n\n\n<p>Al respecto el parlamentario gremialista, dijo que,&nbsp;<em>\u201clo que ha anunciado el se\u00f1or Superintendente de Educaci\u00f3n de La Araucan\u00eda es realmente vergonzoso e inaceptable. Funcionarios como estos no pueden estar en la administraci\u00f3n del Estado. Ac\u00e1 se quiere sancionar al municipio por resguardar la vida y la integridad de los alumnos, de los profesores y de toda la comunidad educativa, poniendo un p\u00f3rtico para evitar que entren armas de fuego o armas blancas, y esto es realmente ins\u00f3lito en un Gobierno nuestro, un funcionario como este durar\u00eda un minuto en su cargo. Este el problema que tiene el gobierno, que prefiere garantizar los derechos de los j\u00f3venes delincuentes que proteger la vida de los j\u00f3venes que van a estudiar. Esto es inaceptable, por eso pedir\u00e9 al congreso, citar al ministro de educaci\u00f3n, de qui\u00e9n depende este funcionario, porque esto no es tolerable\u201d<\/em><\/p>\n\n\n\n<p>El diputado Leal, adem\u00e1s, a\u00f1adi\u00f3 que, \u201c<em>ac\u00e1 lo que se est\u00e1 haciendo es resguardar la vida y la integridad de los alumnos poniendo p\u00f3rticos simplemente para evitar que entren pistolas, que entren rev\u00f3lveres, que entren armas blancas y que un se\u00f1or que se dice Superintendente de Educaci\u00f3n inicie sumarios porque alguien quiere resguardar la vida, la verdad que es incomprensible. Este se\u00f1or debe renunciar, debe irse de su cargo, por eso pedir\u00e9 que citemos al ministro de Educaci\u00f3n en la Comisi\u00f3n de Seguridad de la C\u00e1mara de Diputados, y yo espero que el delegado tambi\u00e9n, que se pronuncie si est\u00e1 de acuerdo con lo que est\u00e1 haciendo su superintendente o no, porque es un funcionario designado por este Gobierno y esperamos una explicaci\u00f3n al respecto\u201d.<\/em><\/p>\n","protected":false},"excerpt":{"rendered":"<div class=\"pvc_clear\"><\/div>\n<p id=\"pvc_stats_55515\" class=\"pvc_stats total_only  \" data-element-id=\"55515\" style=\"\"><i class=\"pvc-stats-icon large\" aria-hidden=\"true\"><svg aria-hidden=\"true\" focusable=\"false\" data-prefix=\"far\" data-icon=\"chart-bar\" role=\"img\" xmlns=\"http:\/\/www.w3.org\/2000\/svg\" viewBox=\"0 0 512 512\" class=\"svg-inline--fa fa-chart-bar fa-w-16 fa-2x\"><path fill=\"currentColor\" d=\"M396.8 352h22.4c6.4 0 12.8-6.4 12.8-12.8V108.8c0-6.4-6.4-12.8-12.8-12.8h-22.4c-6.4 0-12.8 6.4-12.8 12.8v230.4c0 6.4 6.4 12.8 12.8 12.8zm-192 0h22.4c6.4 0 12.8-6.4 12.8-12.8V140.8c0-6.4-6.4-12.8-12.8-12.8h-22.4c-6.4 0-12.8 6.4-12.8 12.8v198.4c0 6.4 6.4 12.8 12.8 12.8zm96 0h22.4c6.4 0 12.8-6.4 12.8-12.8V204.8c0-6.4-6.4-12.8-12.8-12.8h-22.4c-6.4 0-12.8 6.4-12.8 12.8v134.4c0 6.4 6.4 12.8 12.8 12.8zM496 400H48V80c0-8.84-7.16-16-16-16H16C7.16 64 0 71.16 0 80v336c0 17.67 14.33 32 32 32h464c8.84 0 16-7.16 16-16v-16c0-8.84-7.16-16-16-16zm-387.2-48h22.4c6.4 0 12.8-6.4 12.8-12.8v-70.4c0-6.4-6.4-12.8-12.8-12.8h-22.4c-6.4 0-12.8 6.4-12.8 12.8v70.4c0 6.4 6.4 12.8 12.8 12.8z\" class=\"\"><\/path><\/svg><\/i> <img loading=\"lazy\" decoding=\"async\" width=\"16\" height=\"16\" alt=\"Loading\" src=\"https:\/\/temucotelevision.cl\/web\/wp-content\/plugins\/page-views-count\/ajax-loader-2x.gif\" border=0 \/><\/p>\n<div class=\"pvc_clear\"><\/div>\n<p>El representante de La Araucan\u00eda pedir\u00e1 al Congreso, citar al ministro Cataldo a la Comisi\u00f3n de Seguridad de la C\u00e1mara<\/p>\n","protected":false},"author":1,"featured_media":35906,"comment_status":"open","ping_status":"open","sticky":false,"template":"","format":"standard","meta":{"colormag_page_container_layout":"default_layout","colormag_page_sidebar_layout":"default_layout","footnotes":""},"categories":[14],"tags":[154],"class_list":["post-55515","post","type-post","status-publish","format-standard","has-post-thumbnail","hentry","category-temuco","tag-diputado"],"a3_pvc":{"activated":true,"total_views":1864,"today_views":0},"_links":{"self":[{"href":"https:\/\/temucotelevision.cl\/web\/wp-json\/wp\/v2\/posts\/55515","targetHints":{"allow":["GET"]}}],"collection":[{"href":"https:\/\/temucotelevision.cl\/web\/wp-json\/wp\/v2\/posts"}],"about":[{"href":"https:\/\/temucotelevision.cl\/web\/wp-json\/wp\/v2\/types\/post"}],"author":[{"embeddable":true,"href":"https:\/\/temucotelevision.cl\/web\/wp-json\/wp\/v2\/users\/1"}],"replies":[{"embeddable":true,"href":"https:\/\/temucotelevision.cl\/web\/wp-json\/wp\/v2\/comments?post=55515"}],"version-history":[{"count":1,"href":"https:\/\/temucotelevision.cl\/web\/wp-json\/wp\/v2\/posts\/55515\/revisions"}],"predecessor-version":[{"id":55516,"href":"https:\/\/temucotelevision.cl\/web\/wp-json\/wp\/v2\/posts\/55515\/revisions\/55516"}],"wp:featuredmedia":[{"embeddable":true,"href":"https:\/\/temucotelevision.cl\/web\/wp-json\/wp\/v2\/media\/35906"}],"wp:attachment":[{"href":"https:\/\/temucotelevision.cl\/web\/wp-json\/wp\/v2\/media?parent=55515"}],"wp:term":[{"taxonomy":"category","embeddable":true,"href":"https:\/\/temucotelevision.cl\/web\/wp-json\/wp\/v2\/categories?post=55515"},{"taxonomy":"post_tag","embeddable":true,"href":"https:\/\/temucotelevision.cl\/web\/wp-json\/wp\/v2\/tags?post=55515"}],"curies":[{"name":"wp","href":"https:\/\/api.w.org\/{rel}","templated":true}]}}